{"id":9614,"date":"2021-06-03T09:05:26","date_gmt":"2021-06-03T07:05:26","guid":{"rendered":"http:\/\/www.blogdeasisa.es\/?p=9614"},"modified":"2021-06-03T09:05:27","modified_gmt":"2021-06-03T07:05:27","slug":"que-es-el-deterioro-cognitivo-y-cuantos-tipos-hay","status":"publish","type":"post","link":"\/blog\/salud\/que-es-el-deterioro-cognitivo-y-cuantos-tipos-hay\/","title":{"rendered":"\u00bfQu\u00e9 es el deterioro cognitivo y cu\u00e1ntos tipos hay?"},"content":{"rendered":"<p>El <strong>deterioro cognitivo<\/strong> es un trastorno que afecta a una o a varias capacidades cognitivas, tales como <strong>la memoria, el lenguaje, la atenci\u00f3n o la capacidad de razonar. <\/strong><\/p>\n<p>Quienes lo padecen presentan una <strong>alteraci\u00f3n cognitiva superior al deterioro esperado por el envejecimiento<\/strong> natural, pero no han llegado a desarrollar demencia. De hecho, se calcula que solo la mitad de los casos de deterioro cognitivo se convierten en <strong>demencia<\/strong>. Esta patolog\u00eda la padecen una de cada de diez personas mayores de 65 a\u00f1os.<\/p>\n<p>Es fundamental aprender a diferenciar entre los s\u00edntomas de deterioro habituales causados por la avanzada edad y aquellos que pueden asociarse a una <strong>condici\u00f3n m\u00e9dica<\/strong> y posible futura demencia.<\/p>\n<p>La demencia, a su vez, est\u00e1 <strong>causada en el 75% de los casos por la enfermedad de <\/strong><a href=\"\/\/salud\/alzheimer\/\" target=\"_blank\" rel=\"noopener noreferrer\"><strong>Alzheimer<\/strong><\/a>. Sin embargo, tambi\u00e9n puede deberse a alteraciones vasculares cerebrales, a otras enfermedades neurodegenerativas como la enfermedad por cuerpos de Lewy o, incluso, a alteraciones metab\u00f3licas producidas por el alcoholismo.<\/p>\n<h2><strong>S\u00edntomas del deterioro cognitivo <\/strong><\/h2>\n<p>El <strong>diagn\u00f3stico precoz<\/strong> del deterioro cognitivo permite abordar este trastorno con el tratamiento adecuado, <strong>paliando los s\u00edntomas<\/strong> y contribuyendo a la mejora de la calidad de vida de sus pacientes. Como refer\u00eda <a href=\"https:\/\/www.segg.es\/actualidad-segg\/2018\/10\/25\/mayor-foro-cronicidad\" target=\"_blank\" rel=\"noopener noreferrer\">la Sociedad Espa\u00f1ola de Geriatr\u00eda y Gerontolog\u00eda en su Foro de Cronicidad<\/a>, <strong>en el 50% de los casos la demencia es evitable<\/strong>, con una detecci\u00f3n precoz del deterioro cognitivo y un abordaje espec\u00edfico del mismo.<\/p>\n<p>Suelen ser los <strong>familiares y amigos m\u00e1s cercanos<\/strong> quienes primero detectan un deterioro cognitivo leve o demencia, al observar alguno de estos s\u00edntomas:<\/p>\n<ul>\n<li>P\u00e9rdidas de <strong>memoria.<\/strong><\/li>\n<li><strong>Desorientaci\u00f3n<\/strong> de tiempo y lugar.<\/li>\n<li><strong>P\u00e9rdida de cosas<\/strong> o aparici\u00f3n en lugares inapropiados.<\/li>\n<li><strong>Dificultad para realizar tareas.<\/strong><\/li>\n<li>Problemas de <strong>lenguaje<\/strong> y pensamiento abstracto.<\/li>\n<li><strong>Cambios de personalidad<\/strong> recientes: suspicacia, temor, etc.<\/li>\n<li><strong>Cambios de humor<\/strong> y conducta, frecuentes e inesperados.<\/li>\n<\/ul>\n<h2><strong>Grados de p\u00e9rdida de habilidades cognitivas<\/strong><\/h2>\n<p>El deterioro cognitivo puede avanzar hacia una demencia o quedarse en estadios previos. <strong>Seg\u00fan el grado de d\u00e9ficit<\/strong> <strong>en las funciones cognitivas<\/strong> se clasificar\u00e1 la enfermedad como:<\/p>\n<ul>\n<li><strong>Deterioro cognitivo leve:<\/strong> se ve afectada levemente la memoria y algunas funciones cognitivas superiores, sin repercutir en la vida diaria.<\/li>\n<li><strong>Demencia leve:<\/strong> comienzan a verse afectadas las actividades diarias. Es habitual observar desorientaci\u00f3n en el tiempo y el espacio o el olvido de nombres de personas conocidas. Tambi\u00e9n cambios de conducta o problemas de memoria reciente.<\/li>\n<li><strong>Demencia moderada: <\/strong>existe afectaci\u00f3n de la conducta frecuente (agitaci\u00f3n, agresividad, ansiedad, depresi\u00f3n\u2026). Adem\u00e1s, ya existe desorientaci\u00f3n, dificultades de aprendizaje, dificultad de comprensi\u00f3n de \u00f3rdenes, etc.<\/li>\n<li><strong>Demencia grave: <\/strong>es casi imposible mantener una conversaci\u00f3n, por sus dificultades de comprensi\u00f3n, de lenguaje y escritura. Existe una p\u00e9rdida total de la memoria remota y dependencia total para las actividades b\u00e1sicas de la vida diaria.<\/li>\n<\/ul>\n<p>En este sentido, el diagn\u00f3stico y tratamiento precoces ayudan a evitar el avance hacia los estadios superiores de la enfermedad. En materia de <strong>prevenci\u00f3n<\/strong>, los <a href=\"\/\/bienestar\/10-ejercicios-para-fortalecer-la-memoria\/\" target=\"_blank\" rel=\"noopener noreferrer\">ejercicios para fortalecer la memoria<\/a> o para <a href=\"\/\/bienestar\/mejorar-nuestra-concentracion\/\" target=\"_blank\" rel=\"noopener noreferrer\">mejorar nuestra concentraci\u00f3n<\/a> y, en definitiva, la <strong>estimulaci\u00f3n cognitiva<\/strong>, representan una de las estrategias no farmacol\u00f3gicas m\u00e1s estudiadas para el tratamiento y prevenci\u00f3n del deterioro cognitivo.<\/p>\n<blockquote>\n<p><strong>Recuerda:<\/strong><\/p>\n<ul>\n<li>El deterioro cognitivo es un trastorno que afecta a una o a varias capacidades cognitivas, tales como la memoria, el lenguaje, la atenci\u00f3n o la capacidad de razonar.<\/li>\n<li>La mitad de los casos de demencia son evitables, con una detecci\u00f3n precoz del deterioro cognitivo y un abordaje espec\u00edfico del mismo.<\/li>\n<li>La estimulaci\u00f3n cognitiva representa una de las estrategias no farmacol\u00f3gicas m\u00e1s estudiadas para el tratamiento y prevenci\u00f3n del deterioro cognitivo.<\/li>\n<\/ul>\n<p>\u00a0<\/p>\n<\/blockquote>\n","protected":false},"excerpt":{"rendered":"<p>El deterioro cognitivo es un trastorno que afecta a una o a varias capacidades cognitivas, tales como la memoria, el lenguaje, la atenci\u00f3n o la capacidad de razonar. Quienes lo padecen presentan una alteraci\u00f3n cognitiva superior al deterioro esperado por el envejecimiento natural, pero no han llegado a desarrollar demencia. De hecho, se calcula que &#8230; <\/p>\n<p class=\"read-more-container\"><a title=\"\u00bfQu\u00e9 es el deterioro cognitivo y cu\u00e1ntos tipos hay?\" class=\"read-more button\" href=\"\/blog\/salud\/que-es-el-deterioro-cognitivo-y-cuantos-tipos-hay\/#more-9614\" aria-label=\"Leer m\u00e1s sobre \u00bfQu\u00e9 es el deterioro cognitivo y cu\u00e1ntos tipos hay?\">Leer m\u00e1s<\/a><\/p>\n","protected":false},"author":8,"featured_media":9616,"comment_status":"closed","ping_status":"closed","sticky":false,"template":"","format":"standard","meta":{"_coblocks_attr":"","_coblocks_dimensions":"","_coblocks_responsive_height":"","_coblocks_accordion_ie_support":"","om_disable_all_campaigns":false,"_uf_show_specific_survey":0,"_uf_disable_surveys":false,"twitterCardType":"","cardImageID":0,"cardImage":"","cardTitle":"","cardDesc":"","cardImageAlt":"","cardPlayer":"","cardPlayerWidth":0,"cardPlayerHeight":0,"cardPlayerStream":"","cardPlayerCodec":"","footnotes":""},"categories":[3],"tags":[],"aioseo_notices":[],"featured_image_src":"\/blog\/wp-content\/uploads\/2021\/06\/signos-de-demencia.jpg","featured_image_src_square":"\/blog\/wp-content\/uploads\/2021\/06\/signos-de-demencia.jpg","author_info":{"display_name":"ASISA","author_link":"\/blog\/author\/laragsoto\/"},"_links":{"self":[{"href":"\/blog\/wp-json\/wp\/v2\/posts\/9614"}],"collection":[{"href":"\/blog\/wp-json\/wp\/v2\/posts"}],"about":[{"href":"\/blog\/wp-json\/wp\/v2\/types\/post"}],"author":[{"embeddable":true,"href":"\/blog\/wp-json\/wp\/v2\/users\/8"}],"replies":[{"embeddable":true,"href":"\/blog\/wp-json\/wp\/v2\/comments?post=9614"}],"version-history":[{"count":1,"href":"\/blog\/wp-json\/wp\/v2\/posts\/9614\/revisions"}],"predecessor-version":[{"id":9615,"href":"\/blog\/wp-json\/wp\/v2\/posts\/9614\/revisions\/9615"}],"wp:featuredmedia":[{"embeddable":true,"href":"\/blog\/wp-json\/wp\/v2\/media\/9616"}],"wp:attachment":[{"href":"\/blog\/wp-json\/wp\/v2\/media?parent=9614"}],"wp:term":[{"taxonomy":"category","embeddable":true,"href":"\/blog\/wp-json\/wp\/v2\/categories?post=9614"},{"taxonomy":"post_tag","embeddable":true,"href":"\/blog\/wp-json\/wp\/v2\/tags?post=9614"}],"curies":[{"name":"wp","href":"https:\/\/api.w.org\/{rel}","templated":true}]}}