{"id":9156,"date":"2021-04-08T09:58:42","date_gmt":"2021-04-08T07:58:42","guid":{"rendered":"http:\/\/www.blogdeasisa.es\/?p=9156"},"modified":"2021-04-08T10:01:08","modified_gmt":"2021-04-08T08:01:08","slug":"la-covid-19-en-el-impacto-de-la-gripe-y-otros-virus-respiratorios","status":"publish","type":"post","link":"\/blog\/salud\/la-covid-19-en-el-impacto-de-la-gripe-y-otros-virus-respiratorios\/","title":{"rendered":"C\u00f3mo afecta la COVID-19 en el impacto de la gripe y otros virus respiratorios"},"content":{"rendered":"<p>La aparici\u00f3n de la pandemia provocada por la COVID-19 ha dejado <strong>sin protagonismo a la gripe y otros virus respiratorios<\/strong>. Ante esta situaci\u00f3n, cabe preguntarse: \u00bfC\u00f3mo afecta la COVID-19 en el impacto de la gripe y otros virus respiratorios?<\/p>\n<p>Al hilo de los \u00faltimos estudios parece que, <strong>la COVID-19 ha reducido la presencia de virus respiratorios en casi todas sus variantes<\/strong>. Los niveles de estos virus se mantienen bajos.<\/p>\n<h2><strong>Consecuencias del impacto de la COVID-19 en la gripe y otros virus respiratorios<\/strong><\/h2>\n<p>Seg\u00fan informa el Centro para el Control y la Prevenci\u00f3n de Enfermedades de Estados Unidos (en ingl\u00e9s el acr\u00f3nimo es <a href=\"https:\/\/www.cdc.gov\/spanish\/index.html\" target=\"_blank\" rel=\"noopener\">CDC<\/a>)<strong> los casos de gripe han mermado en un 98%.<\/strong> Casos similares se han producido en Australia, Chile o Sud\u00e1frica.<\/p>\n<p>El caso de Espa\u00f1a es parecido, aunque <strong>datos oficiales<\/strong> sobre la aparici\u00f3n de la gripe u otros virus respiratorios no est\u00e1n a\u00fan cerrados y no se han hecho p\u00fablicos en relaci\u00f3n a esta \u00faltima temporada.<\/p>\n<p>Aun as\u00ed, los m\u00e9dicos son claros a la hora de valorar la aparici\u00f3n de la gripe este invierno. Para ellos <strong>es pr\u00e1cticamente testimonial salvo alg\u00fan brote en Arag\u00f3n<\/strong>. Igual pasa con los rinovirus, causantes de los catarros, los adenovirus o el virus sincitial.<\/p>\n<h2><strong>\u00bfPor qu\u00e9 hay menos virus respiratorios?<\/strong><\/h2>\n<p>M\u00e9dicos y cient\u00edficos est\u00e1n de acuerdo en que hay cinco razones para que los virus respiratorios comunes hayan casi desaparecido del mapa epidemiol\u00f3gico esta temporada y poder decir que la COVID-19 tiene impacto de la gripe y otros virus respiratorios<\/p>\n<ul>\n<li><strong>La COVID-19 reina<\/strong>: <strong>la presencia masiva de este nuevo virus, su propagaci\u00f3n y las medidas para su tratamiento han provocado la desaparici\u00f3n o reducci\u00f3n dr\u00e1stica de otros virus respiratorios<\/strong> habituales en las temporadas fr\u00edas y h\u00famedas tanto en el hemisferio norte como en el sur.\u00a0<\/li>\n<li><strong>Medidas de protecci\u00f3n personales: <\/strong>mascarillas y geles hidroalcoh\u00f3licos han supuesto una barrera para el COVID-19, pero tambi\u00e9n para otros virus respiratorios. El coronavirus solo es una raz\u00f3n m\u00e1s <a href=\"\/\/salud\/por-que-es-importante-lavarse-bien-las-manos\/\" target=\"_blank\" rel=\"noopener noreferrer\">por la que es importante lavarse bien las manos. <\/a>Esta evita la propagaci\u00f3n de los virus <strong>a trav\u00e9s de las mucosas (ojos nariz y boca,<\/strong> principalmente). Adem\u00e1s, las mascarillas nos han defendido de <strong>la transmisi\u00f3n a\u00e9rea.<\/strong><\/li>\n<li><strong>Ca\u00edda de la movilidad: <\/strong>en el caso espa\u00f1ol, los cierres perimetrales han supuesto <strong>un escudo contra los virus, <\/strong>lo que\u00a0ha impedido la propagaci\u00f3n de los virus en todas las zonas de Espa\u00f1a y la multiplicaci\u00f3n geom\u00e9trica de los mismos.<\/li>\n<li><strong>Falta de interacci\u00f3n social:<\/strong> los confinamientos y la reducci\u00f3n del tiempo de exposici\u00f3n en sitios cerrados y siempre llevando la mascarilla han conseguido reducir las posibilidades de coger una gripe.<\/li>\n<li><strong>Mayor vacunaci\u00f3n de la gripe:<\/strong> seg\u00fan los datos de la \u00faltima campa\u00f1a de vacunaci\u00f3n contra la gripe <strong>se han vacunado el 65% de las personas mayores de 65 a\u00f1os, lo que supone un 10% m\u00e1s que el a\u00f1o pasado<\/strong>.<\/li>\n<\/ul>\n<p>Tambi\u00e9n la Organizaci\u00f3n Mundial de la Salud (OMS) apunta en sus informes que <strong>las<\/strong> <strong>mascarillas, la ca\u00edda de la movilidad y la merma de la acci\u00f3n social<\/strong> est\u00e1n detr\u00e1s de la escasa incidencia de otros virus respiratorios.<\/p>\n<p>De hecho, la Sociedad Espa\u00f1ola de medicina Familiar y Comunitaria asegura que \u201cla percepci\u00f3n desde la consulta es que ha habido una disminuci\u00f3n de los casos diarios. Despu\u00e9s el boom de la COVID-19 en la segunda ola, <strong>cuando bajamos la curva dejamos de ver casos<\/strong> con s\u00edntomas respiratorios. Seguramente por el uso de la mascarilla y otras medidas sociales\u201d.<\/p>\n<blockquote>\n<p><strong>Recuerda:<\/strong><\/p>\n<ul>\n<li>La incidencia de la gripe y otros virus respiratorios han ca\u00eddo en picado con la aparici\u00f3n de la COVID-19.<\/li>\n<li>Los expertos achacan esta situaci\u00f3n a las mascarillas y a la falta de interacci\u00f3n social, principalmente.<\/li>\n<li>La campa\u00f1a de vacunaci\u00f3n ha supuesto un espaldarazo pues ha aumentado en un 10 por ciento las personas mayores de 65 a\u00f1os vacunadas contra la gripe.<\/li>\n<\/ul>\n<p>\u00a0<\/p>\n<\/blockquote>\n","protected":false},"excerpt":{"rendered":"<p>La aparici\u00f3n de la pandemia provocada por la COVID-19 ha dejado sin protagonismo a la gripe y otros virus respiratorios. Ante esta situaci\u00f3n, cabe preguntarse: \u00bfC\u00f3mo afecta la COVID-19 en el impacto de la gripe y otros virus respiratorios? Al hilo de los \u00faltimos estudios parece que, la COVID-19 ha reducido la presencia de virus &#8230; <\/p>\n<p class=\"read-more-container\"><a title=\"C\u00f3mo afecta la COVID-19 en el impacto de la gripe y otros virus respiratorios\" class=\"read-more button\" href=\"\/blog\/salud\/la-covid-19-en-el-impacto-de-la-gripe-y-otros-virus-respiratorios\/#more-9156\" aria-label=\"Leer m\u00e1s sobre C\u00f3mo afecta la COVID-19 en el impacto de la gripe y otros virus respiratorios\">Leer m\u00e1s<\/a><\/p>\n","protected":false},"author":8,"featured_media":9166,"comment_status":"closed","ping_status":"closed","sticky":false,"template":"","format":"standard","meta":{"_coblocks_attr":"","_coblocks_dimensions":"","_coblocks_responsive_height":"","_coblocks_accordion_ie_support":"","om_disable_all_campaigns":false,"_uf_show_specific_survey":0,"_uf_disable_surveys":false,"twitterCardType":"","cardImageID":0,"cardImage":"","cardTitle":"","cardDesc":"","cardImageAlt":"","cardPlayer":"","cardPlayerWidth":0,"cardPlayerHeight":0,"cardPlayerStream":"","cardPlayerCodec":"","footnotes":""},"categories":[3],"tags":[],"aioseo_notices":[],"featured_image_src":"\/blog\/wp-content\/uploads\/2021\/04\/COVID-19-en-el-impacto-de-gripe.jpg","featured_image_src_square":"\/blog\/wp-content\/uploads\/2021\/04\/COVID-19-en-el-impacto-de-gripe.jpg","author_info":{"display_name":"ASISA","author_link":"\/blog\/author\/laragsoto\/"},"_links":{"self":[{"href":"\/blog\/wp-json\/wp\/v2\/posts\/9156"}],"collection":[{"href":"\/blog\/wp-json\/wp\/v2\/posts"}],"about":[{"href":"\/blog\/wp-json\/wp\/v2\/types\/post"}],"author":[{"embeddable":true,"href":"\/blog\/wp-json\/wp\/v2\/users\/8"}],"replies":[{"embeddable":true,"href":"\/blog\/wp-json\/wp\/v2\/comments?post=9156"}],"version-history":[{"count":8,"href":"\/blog\/wp-json\/wp\/v2\/posts\/9156\/revisions"}],"predecessor-version":[{"id":9164,"href":"\/blog\/wp-json\/wp\/v2\/posts\/9156\/revisions\/9164"}],"wp:featuredmedia":[{"embeddable":true,"href":"\/blog\/wp-json\/wp\/v2\/media\/9166"}],"wp:attachment":[{"href":"\/blog\/wp-json\/wp\/v2\/media?parent=9156"}],"wp:term":[{"taxonomy":"category","embeddable":true,"href":"\/blog\/wp-json\/wp\/v2\/categories?post=9156"},{"taxonomy":"post_tag","embeddable":true,"href":"\/blog\/wp-json\/wp\/v2\/tags?post=9156"}],"curies":[{"name":"wp","href":"https:\/\/api.w.org\/{rel}","templated":true}]}}