{"id":8361,"date":"2020-12-17T12:44:08","date_gmt":"2020-12-17T10:44:08","guid":{"rendered":"http:\/\/www.blogdeasisa.es\/?p=8361"},"modified":"2021-02-12T15:12:14","modified_gmt":"2021-02-12T13:12:14","slug":"enfermedad-de-crohn-que-causa-esta-enfermedad-cronica","status":"publish","type":"post","link":"\/blog\/salud\/enfermedad-de-crohn-que-causa-esta-enfermedad-cronica\/","title":{"rendered":"Enfermedad de Crohn. \u00bfQu\u00e9 causa esta enfermedad cr\u00f3nica?"},"content":{"rendered":"<p>La Enfermedad de Crohn es una enfermedad inflamatoria intestinal cr\u00f3nica que causa inflamaci\u00f3n en un tramo del tubo digestivo. Tal como indica la <a href=\"https:\/\/www.seghnp.org\/familias\/enfermedad-de-crohn\" target=\"_blank\" rel=\"noopener noreferrer\">Sociedad Espa\u00f1ola de Gastroenterolog\u00eda, Hepatolog\u00eda y Nutrici\u00f3n Pedri\u00e1trica (SEGHNP)<\/a>, la inflamaci\u00f3n puede limitarse al recubrimiento interior del intestino o extenderse a todas las capas del mismo. Esto \u00faltimo producir\u00eda peque\u00f1as heridas (\u00falceras), estrecheces (estenosis) y otras complicaciones.<\/p>\n<p>Adem\u00e1s, la <a href=\"https:\/\/accuesp.com\/crohn-y-colitis\/la-enfermedad\/crohn?gclid=CjwKCAiAzNj9BRBDEiwAPsL0dwNYlN0TO-PEzCgKY3BmndXVQ2x5gxHIpkD7HqNRl19wyRR6mDil_BoCuaYQAvD_BwE\" target=\"_blank\" rel=\"noopener noreferrer\">Confederaci\u00f3n ACCU Crohn y Colitis Ulcerosa en su web<\/a> explica que la Enfermedad de Crohn puede afectar a cualquier parte del tracto digestivo (desde la boca hasta el ano). Normalmente se presenta <strong>con mayor frecuencia en la parte final del intestino delgado<\/strong> (\u00edleon terminal) y en el comienzo del colon (v\u00e1lvula ileocecal y ciego). La afectaci\u00f3n suele ser de todo el espesor de la pared intestinal.<\/p>\n<h2><strong>Causas de la Enfermedad de Crohn<\/strong><\/h2>\n<p>El origen de la Enfermedad de Crohn no se ha precisado. Se cree que, al menos parcialmente, es una enfermedad que se genera por una <strong>respuesta anormal del sistema inmunitario<\/strong> en el tracto gastrointestinal.<\/p>\n<p>En ella intervienen <strong>factores gen\u00e9ticos (herencia familiar) y ambientales<\/strong>, como la dieta y el estilo de vida. Es m\u00e1s frecuente en algunas razas y en algunos pa\u00edses.<\/p>\n<p>La <a href=\"https:\/\/www.fesemi.org\/informacion-pacientes\/conozca-mejor-su-enfermedad\/enfermedad-de-crohn\" target=\"_blank\" rel=\"noopener noreferrer\">Sociedad Espa\u00f1ola de Medicina Interna precisa en su web<\/a> que existe una susceptibilidad individual determinada gen\u00e9ticamente. Se desarrolla como consecuencia de una <strong>desregulaci\u00f3n autoinmunitaria<\/strong> frente a determinados factores ambientales. Dentro de ellos, la microbiota tiene un papel muy relevante.<\/p>\n<h2><strong>S\u00edntomas de la Enfermedad de Crohn<\/strong><\/h2>\n<p>La Enfermedad de Crohn <strong>evoluciona en forma de brotes<\/strong>. Por este motivo, existen periodos en los que las personas con la enfermedad presentan s\u00edntomas (fase activa) y otros en los que permanece inactiva (fase de remisi\u00f3n).<\/p>\n<p>El n\u00famero de brotes y su grado de afectaci\u00f3n es muy variable de un paciente a otro. Los m\u00e1s frecuentes suelen ser:<\/p>\n<ul>\n<li>Dolor abdominal mantenido o intermitente.<\/li>\n<li>Diarrea prolongada acompa\u00f1ada de sangre.<\/li>\n<li>Estre\u00f1imiento, fisuras y \u00falceras.<\/li>\n<li>Debilidad, cansancio excesivo, fatiga o incluso fiebre.<\/li>\n<li>Falta de apetito y p\u00e9rdida de peso.<\/li>\n<\/ul>\n\n\n<figure class=\"wp-block-embed-youtube wp-block-embed is-type-video is-provider-youtube wp-embed-aspect-16-9 wp-has-aspect-ratio\"><div class=\"wp-block-embed__wrapper\">\n<iframe loading=\"lazy\" title=\"Enfermedad Cronh\" width=\"1200\" height=\"675\" src=\"https:\/\/www.youtube.com\/embed\/W8cKzonpnNg?feature=oembed\" frameborder=\"0\" allow=\"accelerometer; autoplay; clipboard-write; encrypted-media; gyroscope; picture-in-picture\" allowfullscreen><\/iframe>\n<\/div><\/figure>\n\n\n<h2><strong>Diagn\u00f3stico y tratamiento\u00a0<\/strong><\/h2>\n<p>Al ser una <strong>enfermedad cr\u00f3nica<\/strong>, la Enfermedad de Crohn afecta a los pacientes en varios \u00e1mbitos de su vida. Todav\u00eda <strong>no se dispone de una cura<\/strong> para la enfermedad, no obstante, existen opciones para controlar la inflamaci\u00f3n y evitar posibles complicaciones.<\/p>\n<p><strong>Controlar bien<\/strong> la enfermedad es fundamental, ya que tanto esta como la colitis ulcerativa forman parte de los factores de riesgo del c\u00e1ncer de colon o colorrectal. Y como explic\u00e1bamos en el art\u00edculo \u201c<a href=\"\/\/rsc\/cancer-colorrectal\/\" target=\"_blank\" rel=\"noopener noreferrer\">Prevenci\u00f3n, diagn\u00f3stico y tratamiento del c\u00e1ncer colorrectal<\/a>\u201d una detecci\u00f3n precoz del mismo puede marcar la diferencia.<\/p>\n<p>Como principal tratamiento, se suelen prescribir <strong>f\u00e1rmacos antiinflamatorios o inmunosupresores<\/strong>. Adem\u00e1s, entre las principales <strong>recomendaciones para aliviar los s\u00edntomas<\/strong>, se encuentran:<\/p>\n<ul>\n<li><strong>Evitar fumar tabaco<\/strong>. Este incrementa la severidad y la velocidad de avance de la enfermedad.<\/li>\n<li><strong>Adaptar la alimentaci\u00f3n a la fase<\/strong> en la que se encuentre la enfermedad, seg\u00fan las recomendaciones de los profesionales sanitarios. Por ejemplo, la toma de suplementos de vitaminas y minerales es de utilidad para aliviar los s\u00edntomas durante los brotes de la enfermedad y para inducir su remisi\u00f3n.<\/li>\n<li>Seguir una <strong>dieta con baja carga antig\u00e9nica<\/strong>. Alivia las manifestaciones de la enfermedad.<\/li>\n<\/ul>\n<p>Adem\u00e1s, sobre todo en ni\u00f1os y adolescentes reci\u00e9n diagnosticados, suele recomendarse la <strong>nutrici\u00f3n enteral como tratamiento primario para inducir la remisi\u00f3n.<\/strong> Esta consiste en alimentos preparados compuestos por grasas, hidratos de carbono y prote\u00ednas. Se administra por v\u00eda oral, por sonda nasog\u00e1strica o gastrostom\u00eda para evitar la desnutrici\u00f3n y promover el crecimiento. Lo m\u00e1s habitual es prescribirla a los pacientes <strong>en forma de batidos<\/strong> o de yogures y su principal beneficio es que no tienen efectos secundarios.<\/p>\n<p>Por otro lado, en determinadas ocasiones, sobre todo cuando los pacientes no responden al tratamiento, la recomendaci\u00f3n ser\u00e1 recurrir a <strong>cirug\u00eda<\/strong>. Esta suele consistir en la extirpaci\u00f3n de la parte del intestino afectada. De este modo, la persona queda <strong>libre de s\u00edntomas a corto plazo<\/strong>, controlando la inflamaci\u00f3n y resolviendo las complicaciones. Aunque la operaci\u00f3n no es curativa, hay casos en que los pacientes han pasado m\u00e1s de 15 a\u00f1os sin s\u00edntomas.<\/p>\n\n<h2><strong>Dieta para la Enfermedad de Crohn<\/strong><\/h2>\n<p>Tal como recuerda la <a href=\"https:\/\/accuesp.com\/crohn-y-colitis\/vivir-con-la-enfermedad\/alimentacion\" target=\"_blank\" rel=\"noopener noreferrer\">Confederaci\u00f3n ACCU en su art\u00edculo sobre alimentaci\u00f3n<\/a> las personas con enfermedad de Crohn y colitis ulcerosa, deben <strong>prestar especial atenci\u00f3n a la alimentaci\u00f3n<\/strong> para evitar problemas de desnutrici\u00f3n y deshidrataci\u00f3n.<\/p>\n<p>Aunque <strong>no existe una dieta especial est\u00e1ndar<\/strong>, se aconseja a todos los pacientes seguir una alimentaci\u00f3n lo m\u00e1s variada posible cuando est\u00e9n en fase de remisi\u00f3n. Durante un brote lo fundamental ser\u00e1 <strong>identificar qu\u00e9 alimentos<\/strong> se asocian a peores s\u00edntomas o, por el contrario, a una menor sintomatolog\u00eda, para adaptar la alimentaci\u00f3n en consecuencia.<\/p>\n<p>Adem\u00e1s, se debe <strong>reducir el consumo de grasas<\/strong> y <strong>evitar el alcohol<\/strong>. Tambi\u00e9n la cafe\u00edna o los edulcorantes, si se percibe que estos sientan mal. Es habitual mejorar la sintomatolog\u00eda, adem\u00e1s, al <strong>comer cantidades m\u00e1s peque\u00f1as y frecuentes<\/strong>, durante todo el d\u00eda.<\/p>\n\n<blockquote>\n<p><strong>Recuerda: <\/strong><\/p>\n<ul>\n<li>La Enfermedad de Crohn es una <strong>enfermedad inflamatoria intestinal<\/strong> <strong>cr\u00f3nica<\/strong> que causa inflamaci\u00f3n en un tramo del tubo digestivo. Se presenta con mayor frecuencia en la parte final del intestino delgado.<\/li>\n<li>No se conoce con precisi\u00f3n su <strong>origen<\/strong>. Se genera por una respuesta anormal del sistema inmunitario en el tracto gastrointestinal.<\/li>\n<li>Entre los principales <strong>s\u00edntomas<\/strong> y se\u00f1ales de alarma se encuentran los dolores abdominales, la diarrea, el estre\u00f1imiento o el cansancio excesivo.<\/li>\n<li>Aunque no se dispone de una cura para la enfermedad, <strong>controlar bien la inflamaci\u00f3n<\/strong> es fundamental para evitar posibles complicaciones. Para ello, se suelen prescribir f\u00e1rmacos antiinflamatorios o inmunosupresores. Adem\u00e1s, existen algunos consejos nutricionales fundamentales para aliviar los s\u00edntomas.<\/li>\n<\/ul>\n<p>\u00a0<\/p>\n<\/blockquote>","protected":false},"excerpt":{"rendered":"<p>La Enfermedad de Crohn es una enfermedad inflamatoria intestinal cr\u00f3nica que causa inflamaci\u00f3n en un tramo del tubo digestivo. Tal como indica la Sociedad Espa\u00f1ola de Gastroenterolog\u00eda, Hepatolog\u00eda y Nutrici\u00f3n Pedri\u00e1trica (SEGHNP), la inflamaci\u00f3n puede limitarse al recubrimiento interior del intestino o extenderse a todas las capas del mismo. Esto \u00faltimo producir\u00eda peque\u00f1as heridas (\u00falceras), &#8230; <\/p>\n<p class=\"read-more-container\"><a title=\"Enfermedad de Crohn. \u00bfQu\u00e9 causa esta enfermedad cr\u00f3nica?\" class=\"read-more button\" href=\"\/blog\/salud\/enfermedad-de-crohn-que-causa-esta-enfermedad-cronica\/#more-8361\" aria-label=\"Leer m\u00e1s sobre Enfermedad de Crohn. \u00bfQu\u00e9 causa esta enfermedad cr\u00f3nica?\">Leer m\u00e1s<\/a><\/p>\n","protected":false},"author":8,"featured_media":8363,"comment_status":"closed","ping_status":"closed","sticky":false,"template":"","format":"standard","meta":{"_coblocks_attr":"","_coblocks_dimensions":"","_coblocks_responsive_height":"","_coblocks_accordion_ie_support":"","om_disable_all_campaigns":false,"_uf_show_specific_survey":0,"_uf_disable_surveys":false,"twitterCardType":"","cardImageID":0,"cardImage":"","cardTitle":"","cardDesc":"","cardImageAlt":"","cardPlayer":"","cardPlayerWidth":0,"cardPlayerHeight":0,"cardPlayerStream":"","cardPlayerCodec":"","footnotes":""},"categories":[3],"tags":[],"aioseo_notices":[],"featured_image_src":"\/blog\/wp-content\/uploads\/2020\/12\/s\u00edntomas-de-la-Enfermedad-de-Crohn.jpg","featured_image_src_square":"\/blog\/wp-content\/uploads\/2020\/12\/s\u00edntomas-de-la-Enfermedad-de-Crohn.jpg","author_info":{"display_name":"ASISA","author_link":"\/blog\/author\/laragsoto\/"},"_links":{"self":[{"href":"\/blog\/wp-json\/wp\/v2\/posts\/8361"}],"collection":[{"href":"\/blog\/wp-json\/wp\/v2\/posts"}],"about":[{"href":"\/blog\/wp-json\/wp\/v2\/types\/post"}],"author":[{"embeddable":true,"href":"\/blog\/wp-json\/wp\/v2\/users\/8"}],"replies":[{"embeddable":true,"href":"\/blog\/wp-json\/wp\/v2\/comments?post=8361"}],"version-history":[{"count":7,"href":"\/blog\/wp-json\/wp\/v2\/posts\/8361\/revisions"}],"predecessor-version":[{"id":8843,"href":"\/blog\/wp-json\/wp\/v2\/posts\/8361\/revisions\/8843"}],"wp:featuredmedia":[{"embeddable":true,"href":"\/blog\/wp-json\/wp\/v2\/media\/8363"}],"wp:attachment":[{"href":"\/blog\/wp-json\/wp\/v2\/media?parent=8361"}],"wp:term":[{"taxonomy":"category","embeddable":true,"href":"\/blog\/wp-json\/wp\/v2\/categories?post=8361"},{"taxonomy":"post_tag","embeddable":true,"href":"\/blog\/wp-json\/wp\/v2\/tags?post=8361"}],"curies":[{"name":"wp","href":"https:\/\/api.w.org\/{rel}","templated":true}]}}