{"id":8199,"date":"2020-10-27T09:40:02","date_gmt":"2020-10-27T07:40:02","guid":{"rendered":"http:\/\/www.blogdeasisa.es\/?p=8199"},"modified":"2020-10-27T09:42:36","modified_gmt":"2020-10-27T07:42:36","slug":"resistencia-a-antibioticos","status":"publish","type":"post","link":"\/blog\/salud\/resistencia-a-antibioticos\/","title":{"rendered":"Resistencia a antibi\u00f3ticos: \u00bfc\u00f3mo surge? \u00bfqu\u00e9 riesgos tiene?"},"content":{"rendered":"<p>La <a href=\"https:\/\/www.who.int\/es\/news-room\/fact-sheets\/detail\/resistencia-a-los-antibi%C3%B3ticos\" target=\"_blank\" rel=\"noopener noreferrer\">Organizaci\u00f3n Mundial de la Salud<\/a> (OMS) define la resistencia a antibi\u00f3ticos como <strong>una de las mayores amenazas para la salud mundial<\/strong>, la seguridad alimentaria y el desarrollo. Se trata de un fen\u00f3meno completamente natural que se est\u00e1 viendo acelerado por una <strong>incorrecta utilizaci\u00f3n<\/strong> de los antibi\u00f3ticos en los seres humanos y los animales.<\/p>\n<h2><strong>\u00bfC\u00f3mo se produce la resistencia a antibi\u00f3ticos?<\/strong><\/h2>\n<p>Los antibi\u00f3ticos son medicamentos esenciales para <strong>prevenir y tratar las infecciones <\/strong>causadas por bacterias.<\/p>\n<p>Dichas <strong>bacterias<\/strong> <strong>mutan <\/strong>constantemente. Son microbios que est\u00e1n tanto fuera como dentro de nuestro cuerpo, en los animales y los cultivos. Y desarrollan una y otra vez nuevos <strong>mecanismos de resistencia, formas de evitar los efectos<\/strong> de estos f\u00e1rmacos.<\/p>\n<p>Los <a href=\"https:\/\/www.cdc.gov\/antibiotic-use\/community\/sp\/about\/antibiotic-resistance-faqs.html\" target=\"_blank\" rel=\"noopener noreferrer\">Centros para el Control y la Prevenci\u00f3n de Enfermedades<\/a> (CDC, por sus siglas en ingl\u00e9s: Centers for Disease Control and prevention) explican que la resistencia a los antibi\u00f3ticos aparece cuando <strong>los microbios ya no responden<\/strong> a estos f\u00e1rmacos creados para eliminarlos. Estos, por tanto, no solo no desaparecen, sino que <strong>contin\u00faan multiplic\u00e1ndose<\/strong>.<\/p>\n<p>El <strong>principal problema<\/strong> es que estas bacterias farmacorresistentes causan infecciones bacterianas en el ser humano y en los animales. Y <strong>estas infecciones resistentes son mucho m\u00e1s dif\u00edciles de tratar<\/strong> que las que no lo son.<\/p>\n<h2><strong>\u00bfPor qu\u00e9 se ha convertido en una amenaza para la salud p\u00fablica?<\/strong><\/h2>\n<p>Un <strong>uso incorrecto o abusivo de los antibi\u00f3ticos<\/strong> acelera la resistencia bacteriana a estos f\u00e1rmacos. De hecho, se ha observado que la situaci\u00f3n empeora en los lugares en los que los antibi\u00f3ticos se pueden adquirir sin receta m\u00e9dica.<\/p>\n<p>Cada d\u00eda aparecen nuevos <strong>mecanismos de resistencia que se propagan<\/strong> por todo el mundo, impidiendo el tratamiento de muchas enfermedades infecciosas. De continuarse esta tendencia, se podr\u00eda llegar a un punto en el que muchas infecciones comunes y lesiones menores volvieran a ser potencialmente mortales.<\/p>\n<p>De acuerdo con la OMS, <strong>un n\u00famero cada vez mayor de infecciones son dif\u00edciles de tratar<\/strong>, a veces, imposibles. Por ejemplo, la neumon\u00eda, la tuberculosis, la septicemia, la gonorrea o las enfermedades de transmisi\u00f3n alimentaria.<\/p>\n<p>Solo en <strong>Europa<\/strong>, las bacterias multirresistentes causan <strong>33.000 muertes al a\u00f1o<\/strong> y generan un gasto sanitario adicional de 1.500 millones de euros anuales.<\/p>\n<p>Una de las bacterias que se ha vuelto considerablemente m\u00e1s resistente a los antibi\u00f3ticos en los \u00faltimos 20 a\u00f1os es la <strong>Escherichia Coli<\/strong> (E. Coli). Es la causante de intoxicaciones alimentarias y de la mayor\u00eda de Infecciones de Tracto Urinario (ITU).<\/p>\n<p>Un caso m\u00e1s concreto lo encontramos en los <strong>enterococos resistentes a la vancomicina (ERV)<\/strong>. Estas bacterias habitan en los intestinos y en la piel, por lo general, sin causar problemas. No obstante, han desarrollado resistencia a muchos antibi\u00f3ticos. En concreto, resistencia a la vancomicina; causando infecciones en varias partes del cuerpo que son especialmente graves para las personas d\u00e9biles y requiriendo estas atenci\u00f3n m\u00e9dica.<\/p>\n<p>Estas infecciones por ERV son <strong>m\u00e1s dif\u00edciles de tratar<\/strong> que otras con enterococos porque hay menos antibi\u00f3ticos que puedan eliminar las bacterias.<\/p>\n<h2><strong>\u00a0<\/strong><strong>\u00bfQu\u00e9 podemos hacer para evitar la resistencia a antibi\u00f3ticos?<\/strong><\/h2>\n<p>Para evitar la p\u00e9rdida de eficacia de los antibi\u00f3ticos a nivel mundial, se deben adoptar medidas a todos los niveles sociales. Individualmente, podemos:<\/p>\n<ul>\n<li><strong>Tomar antibi\u00f3ticos<\/strong> <a href=\"\/\/investigacion\/cuales-son-los-riesgos-de-auto-medicarnos\/\" target=\"_blank\" rel=\"noopener noreferrer\"><strong>\u00fanicamente cuando estos nos sean prescritos<\/strong><\/a> por un profesional sanitario para nuestro caso particular. Y utilizarlos <strong>siguiendo siempre sus instrucciones<\/strong>.<\/li>\n<li><strong>No insistir en solicitar antibi\u00f3ticos<\/strong> a nuestro profesional sanitario si nos ha explicado que no los considera necesarios. Recuerda que los antibi\u00f3ticos no son eficaces contra infecciones causadas por virus, como el resfriado o la gripe.<\/li>\n<li><strong>No guardar<\/strong> los antibi\u00f3ticos para otras ocasiones. Ni ofrec\u00e9rselos a otras personas.<\/li>\n<li><strong>Prevenir las infecciones<\/strong> <a href=\"\/\/salud\/por-que-es-importante-lavarse-bien-las-manos\/\" target=\"_blank\" rel=\"noopener noreferrer\">lav\u00e1ndonos las manos<\/a> con frecuencia o preparando los alimentos en condiciones higi\u00e9nicas.<\/li>\n<li>Evitar el contacto cercano con enfermos, adoptar medidas de protecci\u00f3n en las relaciones sexuales y mantener el calendario de <strong>vacunaciones al d\u00eda<\/strong>.<\/li>\n<\/ul>\n<p>As\u00ed mismo, cabe tener en cuenta que si se pone en riesgo la <strong>salud de los animales<\/strong> perjudicamos nuestra propia salud. Si no tratamos de manera eficaz las infecciones en animales comprometemos la obtenci\u00f3n de alimentos sanos y seguros para el consumo humano.<\/p>\n<p>A este respecto, desde el <a href=\"http:\/\/resistenciaantibioticos.es\/es\/quienes-somos\" target=\"_blank\" rel=\"noopener noreferrer\">Plan Nacional frente a la Resistencia a los Antibi\u00f3ticos (PRAN)<\/a> ofrecen una serie de recomendaciones:<\/p>\n<ul>\n<li><strong>No administrar antibi\u00f3ticos a los animales sin la correspondiente prescripci\u00f3n veterinaria.<\/strong><\/li>\n<li>Velar por que los antibi\u00f3ticos administrados a los animales <strong>solo se utilicen para el tratamiento de enfermedades infecciosas<\/strong> y siempre bajo supervisi\u00f3n veterinaria.<\/li>\n<li><strong>Vacunar a los animales<\/strong> para reducir la necesidad de antibi\u00f3ticos e ideando m\u00e9todos alternativos para su uso.<\/li>\n<li>Adoptar sistemas sostenibles con <strong>niveles mejorados de higiene<\/strong>, bioseguridad y manejo de los animales sin estr\u00e9s.<\/li>\n<\/ul>\n<h2><strong>\u00bfQu\u00e9 medidas se han puesto en marcha para frenarla?<\/strong><\/h2>\n<p>En 2014 se puso en marcha el <a href=\"http:\/\/resistenciaantibioticos.es\/es\/quienes-somos\" target=\"_blank\" rel=\"noopener noreferrer\">PRAN<\/a> en Espa\u00f1a. Tiene el objetivo de reducir el riesgo de selecci\u00f3n y diseminaci\u00f3n de resistencia a los antibi\u00f3ticos. Con la finalidad \u00faltima de <strong>reducir el impacto de este problema<\/strong> sobre la salud de las personas y los animales. Siempre preservando de manera sostenible la eficacia de los antibi\u00f3ticos existentes.<\/p>\n<p>Para alcanzar su objetivo, el PRAN propone <strong>seis l\u00edneas estrat\u00e9gicas<\/strong> comunes para la salud humana y la sanidad animal:<\/p>\n<ul>\n<li>Vigilancia del consumo y de la resistencia a los antibi\u00f3ticos.<\/li>\n<li>Controlar las resistencias bacterianas.<\/li>\n<li>Identificar e impulsar medidas alternativas y\/o complementarias de prevenci\u00f3n y tratamiento.<\/li>\n<li>Definir las prioridades en materia de investigaci\u00f3n.<\/li>\n<li>Formaci\u00f3n e informaci\u00f3n a los profesionales sanitarios.<\/li>\n<li>Comunicaci\u00f3n y sensibilizaci\u00f3n de la poblaci\u00f3n en su conjunto y de subgrupos de poblaci\u00f3n.<\/li>\n<\/ul>\n\n\n<figure class=\"wp-block-embed-youtube wp-block-embed is-type-video is-provider-youtube wp-embed-aspect-16-9 wp-has-aspect-ratio\"><div class=\"wp-block-embed__wrapper\">\n<iframe loading=\"lazy\" title=\"ASISA antibi\u00f3ticos\" width=\"1200\" height=\"675\" src=\"https:\/\/www.youtube.com\/embed\/uQe0ZpnWzks?feature=oembed\" frameborder=\"0\" allow=\"accelerometer; autoplay; clipboard-write; encrypted-media; gyroscope; picture-in-picture\" allowfullscreen><\/iframe>\n<\/div><\/figure>\n\n\n<blockquote>\n<p><strong>Recuerda: <\/strong><\/p>\n<ul>\n<li>La resistencia a los antibi\u00f3ticos es <strong>una de las mayores amenazas<\/strong> para la salud mundial, la seguridad alimentaria y el desarrollo.<\/li>\n<li>Las bacterias desarrollan <strong>mecanismos de resistencia<\/strong> para evitar los efectos de los medicamentos.<\/li>\n<li>Por eso, un <strong>uso incorrecto o abusivo<\/strong> de los antibi\u00f3ticos acelera la resistencia bacteriana a estos f\u00e1rmacos.<\/li>\n<li>Para ayudar a revertir la situaci\u00f3n, debes tomar antibi\u00f3ticos <strong>\u00fanicamente cuando te sean prescritos<\/strong>. Tambi\u00e9n puedes utilizar algunas medidas para prevenir infecciones, como lavarte las manos con frecuencia o preparar los alimentos en condiciones higi\u00e9nicas.<\/li>\n<\/ul>\n<p>\u00a0<\/p>\n<\/blockquote>","protected":false},"excerpt":{"rendered":"<p>La Organizaci\u00f3n Mundial de la Salud (OMS) define la resistencia a antibi\u00f3ticos como una de las mayores amenazas para la salud mundial, la seguridad alimentaria y el desarrollo. Se trata de un fen\u00f3meno completamente natural que se est\u00e1 viendo acelerado por una incorrecta utilizaci\u00f3n de los antibi\u00f3ticos en los seres humanos y los animales. \u00bfC\u00f3mo &#8230; <\/p>\n<p class=\"read-more-container\"><a title=\"Resistencia a antibi\u00f3ticos: \u00bfc\u00f3mo surge? \u00bfqu\u00e9 riesgos tiene?\" class=\"read-more button\" href=\"\/blog\/salud\/resistencia-a-antibioticos\/#more-8199\" aria-label=\"Leer m\u00e1s sobre Resistencia a antibi\u00f3ticos: \u00bfc\u00f3mo surge? \u00bfqu\u00e9 riesgos tiene?\">Leer m\u00e1s<\/a><\/p>\n","protected":false},"author":8,"featured_media":8203,"comment_status":"closed","ping_status":"closed","sticky":false,"template":"","format":"standard","meta":{"_coblocks_attr":"","_coblocks_dimensions":"","_coblocks_responsive_height":"","_coblocks_accordion_ie_support":"","om_disable_all_campaigns":false,"_uf_show_specific_survey":0,"_uf_disable_surveys":false,"twitterCardType":"","cardImageID":0,"cardImage":"","cardTitle":"","cardDesc":"","cardImageAlt":"","cardPlayer":"","cardPlayerWidth":0,"cardPlayerHeight":0,"cardPlayerStream":"","cardPlayerCodec":"","footnotes":""},"categories":[3],"tags":[],"aioseo_notices":[],"featured_image_src":"\/blog\/wp-content\/uploads\/2020\/10\/resistencia-a-antibioticos.png","featured_image_src_square":"\/blog\/wp-content\/uploads\/2020\/10\/resistencia-a-antibioticos.png","author_info":{"display_name":"ASISA","author_link":"\/blog\/author\/laragsoto\/"},"_links":{"self":[{"href":"\/blog\/wp-json\/wp\/v2\/posts\/8199"}],"collection":[{"href":"\/blog\/wp-json\/wp\/v2\/posts"}],"about":[{"href":"\/blog\/wp-json\/wp\/v2\/types\/post"}],"author":[{"embeddable":true,"href":"\/blog\/wp-json\/wp\/v2\/users\/8"}],"replies":[{"embeddable":true,"href":"\/blog\/wp-json\/wp\/v2\/comments?post=8199"}],"version-history":[{"count":4,"href":"\/blog\/wp-json\/wp\/v2\/posts\/8199\/revisions"}],"predecessor-version":[{"id":8204,"href":"\/blog\/wp-json\/wp\/v2\/posts\/8199\/revisions\/8204"}],"wp:featuredmedia":[{"embeddable":true,"href":"\/blog\/wp-json\/wp\/v2\/media\/8203"}],"wp:attachment":[{"href":"\/blog\/wp-json\/wp\/v2\/media?parent=8199"}],"wp:term":[{"taxonomy":"category","embeddable":true,"href":"\/blog\/wp-json\/wp\/v2\/categories?post=8199"},{"taxonomy":"post_tag","embeddable":true,"href":"\/blog\/wp-json\/wp\/v2\/tags?post=8199"}],"curies":[{"name":"wp","href":"https:\/\/api.w.org\/{rel}","templated":true}]}}