{"id":7989,"date":"2020-09-10T09:00:51","date_gmt":"2020-09-10T07:00:51","guid":{"rendered":"http:\/\/www.blogdeasisa.es\/?p=7989"},"modified":"2020-10-08T13:40:43","modified_gmt":"2020-10-08T11:40:43","slug":"cancer-de-pulmon-factores-de-riesgo-sintomas-y-prevencion","status":"publish","type":"post","link":"\/blog\/salud\/cancer-de-pulmon-factores-de-riesgo-sintomas-y-prevencion\/","title":{"rendered":"C\u00e1ncer de pulm\u00f3n: factores de riesgo, s\u00edntomas y prevenci\u00f3n"},"content":{"rendered":"<p>Si nos preguntamos cu\u00e1l es el tumor con mayor tasa de mortalidad en Espa\u00f1a, encontraremos que el <strong>c\u00e1ncer de pulm\u00f3n<\/strong> lidera la lista tanto a nivel nacional como internacional. En este sentido, se vuelve de especial inter\u00e9s <strong>conocer en profundidad esta enfermedad<\/strong>, responsable del mayor n\u00famero de muertes por tumor en el mundo, con el fin de cambiar las estad\u00edsticas.<\/p>\n<h2><strong>\u00bfQu\u00e9 es?<\/strong><\/h2>\n<p>El <strong>c\u00e1ncer de pulm\u00f3n<\/strong> es un tipo de c\u00e1ncer que <strong>comienza en los pulmones<\/strong> y surge cuando las c\u00e9lulas del organismo crecen descontroladamente. Esta enfermedad presenta dos tipolog\u00edas<strong>: el de c\u00e9lulas no peque\u00f1as<\/strong> (el m\u00e1s frecuente) <strong>y el de c\u00e9lulas peque\u00f1as<\/strong> (o microc\u00edtico). Cada uno de ellos crece de forma distinta y precisa diferente tipo de tratamiento para hacer frente a la enfermedad. El de c\u00e9lulas no peque\u00f1as se divide en dos subgrupos, los de histolog\u00eda escamosa y los subtipos no escamosos, tipolog\u00edas que deben ser distinguidas con precisi\u00f3n para decidir el tratamiento del paciente.<\/p>\n<h2><strong>Causas del c\u00e1ncer de pulm\u00f3n<\/strong><\/h2>\n<p>La <strong>principal causa de este tumor es el tabaquismo<\/strong>. En los \u00faltimos a\u00f1os son numerosas las campa\u00f1as dirigidas a concienciar a la sociedad sobre los efectos nocivos del tabaco y cada vez m\u00e1s j\u00f3venes son conscientes de la importancia de llevar a cabo una vida saludable alejada del consumo de nicotina, adem\u00e1s de contar con alternativas como <a href=\"\/\/salud\/cigarrillos-electronicos-riesgos-de-esta-adiccion\/\" target=\"_blank\" rel=\"noopener noreferrer\">los cigarrillos electr\u00f3nicos<\/a>. Sin embargo, este contin\u00faa siendo uno de los tumores diagnosticado con m\u00e1s frecuencia en la sociedad y el tabaquismo el principal factor causal relacionado, por esta raz\u00f3n la mejor manera de prevenirlo es decir adi\u00f3s al tabaco.<\/p>\n<p>Tambi\u00e9n existen <strong>otras causas que favorecen la aparici\u00f3n de esta enfermedad<\/strong>, los antecedentes familiares que conforman factores gen\u00e9ticos, as\u00ed como la edad de la persona o los niveles de contaminaci\u00f3n, entre otros.<\/p>\n<h2><strong>S\u00edntomas del c\u00e1ncer del pulm\u00f3n:<\/strong><\/h2>\n<p>Este tipo de c\u00e1ncer presenta s\u00edntomas que var\u00edan en funci\u00f3n de diferentes factores, como la localizaci\u00f3n o magnitud del tumor. Los m\u00e1s comunes son:<\/p>\n<ul>\n<li>Tos.<\/li>\n<li>Expectoraci\u00f3n de sangre.<\/li>\n<li>Disfon\u00eda.<\/li>\n<li>Dificultad respiratoria.<\/li>\n<li>Problemas para tragar.<\/li>\n<li>Molestias en la espalda.<\/li>\n<\/ul>\n<p>Es importante tener en cuenta que estos s\u00edntomas tambi\u00e9n pueden relacionarse con otro tipo de enfermedades. En cualquier caso, ante la presencia de cualquier signo, es importante acudir a un profesional sanitario para que realice el diagn\u00f3stico correspondiente.<\/p>\n<blockquote><p><strong>\u00a0<\/strong><\/p>\n<p><strong>Recuerda:<\/strong><\/p>\n<ul>\n<li>El c\u00e1ncer de pulm\u00f3n es responsable del mayor n\u00famero de muertes por tumor en Espa\u00f1a y en el mundo.<\/li>\n<li>El consumo de tabaco constituye la principal causa de su aparici\u00f3n.<\/li>\n<li>Ante cualquier s\u00edntoma es importante acudir al m\u00e9dico para la realizaci\u00f3n de un diagn\u00f3stico.<\/li>\n<\/ul>\n<\/blockquote>\n","protected":false},"excerpt":{"rendered":"<p>Si nos preguntamos cu\u00e1l es el tumor con mayor tasa de mortalidad en Espa\u00f1a, encontraremos que el c\u00e1ncer de pulm\u00f3n lidera la lista tanto a nivel nacional como internacional. En este sentido, se vuelve de especial inter\u00e9s conocer en profundidad esta enfermedad, responsable del mayor n\u00famero de muertes por tumor en el mundo, con el &#8230; <\/p>\n<p class=\"read-more-container\"><a title=\"C\u00e1ncer de pulm\u00f3n: factores de riesgo, s\u00edntomas y prevenci\u00f3n\" class=\"read-more button\" href=\"\/blog\/salud\/cancer-de-pulmon-factores-de-riesgo-sintomas-y-prevencion\/#more-7989\" aria-label=\"Leer m\u00e1s sobre C\u00e1ncer de pulm\u00f3n: factores de riesgo, s\u00edntomas y prevenci\u00f3n\">Leer m\u00e1s<\/a><\/p>\n","protected":false},"author":8,"featured_media":7994,"comment_status":"closed","ping_status":"closed","sticky":false,"template":"","format":"standard","meta":{"_coblocks_attr":"","_coblocks_dimensions":"","_coblocks_responsive_height":"","_coblocks_accordion_ie_support":"","om_disable_all_campaigns":false,"_uf_show_specific_survey":0,"_uf_disable_surveys":false,"twitterCardType":"","cardImageID":0,"cardImage":"","cardTitle":"","cardDesc":"","cardImageAlt":"","cardPlayer":"","cardPlayerWidth":0,"cardPlayerHeight":0,"cardPlayerStream":"","cardPlayerCodec":"","footnotes":""},"categories":[3],"tags":[],"aioseo_notices":[],"featured_image_src":"\/blog\/wp-content\/uploads\/2020\/08\/C\u00e1ncer-de-pulm\u00f3n.jpg","featured_image_src_square":"\/blog\/wp-content\/uploads\/2020\/08\/C\u00e1ncer-de-pulm\u00f3n.jpg","author_info":{"display_name":"ASISA","author_link":"\/blog\/author\/laragsoto\/"},"_links":{"self":[{"href":"\/blog\/wp-json\/wp\/v2\/posts\/7989"}],"collection":[{"href":"\/blog\/wp-json\/wp\/v2\/posts"}],"about":[{"href":"\/blog\/wp-json\/wp\/v2\/types\/post"}],"author":[{"embeddable":true,"href":"\/blog\/wp-json\/wp\/v2\/users\/8"}],"replies":[{"embeddable":true,"href":"\/blog\/wp-json\/wp\/v2\/comments?post=7989"}],"version-history":[{"count":5,"href":"\/blog\/wp-json\/wp\/v2\/posts\/7989\/revisions"}],"predecessor-version":[{"id":8148,"href":"\/blog\/wp-json\/wp\/v2\/posts\/7989\/revisions\/8148"}],"wp:featuredmedia":[{"embeddable":true,"href":"\/blog\/wp-json\/wp\/v2\/media\/7994"}],"wp:attachment":[{"href":"\/blog\/wp-json\/wp\/v2\/media?parent=7989"}],"wp:term":[{"taxonomy":"category","embeddable":true,"href":"\/blog\/wp-json\/wp\/v2\/categories?post=7989"},{"taxonomy":"post_tag","embeddable":true,"href":"\/blog\/wp-json\/wp\/v2\/tags?post=7989"}],"curies":[{"name":"wp","href":"https:\/\/api.w.org\/{rel}","templated":true}]}}