{"id":7982,"date":"2020-09-03T09:00:02","date_gmt":"2020-09-03T07:00:02","guid":{"rendered":"http:\/\/www.blogdeasisa.es\/?p=7982"},"modified":"2020-08-19T12:29:47","modified_gmt":"2020-08-19T10:29:47","slug":"la-alopecia-en-mujeres-causas-y-tratamiento","status":"publish","type":"post","link":"\/blog\/salud\/la-alopecia-en-mujeres-causas-y-tratamiento\/","title":{"rendered":"La alopecia en mujeres: causas y tratamiento"},"content":{"rendered":"<p>Al d\u00eda <strong>podemos llegar a perder unos 100 cabellos<\/strong>, lo que a muchas mujeres puede resultarnos extra\u00f1o. Sin embargo, es algo normal e incluso si seguimos una dieta sana y equilibrada, evitando los <a href=\"\/\/bienestar\/alimentacion\/alimentos-procesados-por-que-evitarlos\/\" target=\"_blank\" rel=\"noopener noreferrer\">alimentos procesados<\/a>, se contin\u00faa perdiendo pelo (sobre todo en estaciones como el <a href=\"\/\/salud\/cambios-en-nuestro-cuerpo-con-el-otono\/\">oto\u00f1o<\/a>). Pero cuando la cifra supera la centena, debemos empezar a preocuparnos ya que podr\u00edamos sufrir <a href=\"\/\/salud\/alopecia-tipos-causas-y-consecuencias\/\" target=\"_blank\" rel=\"noopener noreferrer\">alopecia<\/a>, un problema que padecen tanto hombres como mujeres, aunque se suele relacionar m\u00e1s con el g\u00e9nero masculino.<\/p>\n<h2><strong>Causas y efectos en la mujer<\/strong><\/h2>\n<p>La <strong>alopecia<\/strong> o p\u00e9rdida del cabello puede aparecer a cualquier edad debido a los cambios hormonales. Sin embargo, es <strong>m\u00e1s frecuente a ra\u00edz de la menopausia<\/strong>. Adem\u00e1s, la alopecia la presentan pacientes con antecedentes familiares, aunque hay factores que pueden contribuir a la p\u00e9rdida como una mala alimentaci\u00f3n. Por otro lado, la <strong>falta de horas de sue\u00f1o<\/strong> es una de las causas m\u00e1s frecuentes junto con la <strong>vivencia de situaciones de estr\u00e9s o ansiedad<\/strong>. En \u00faltima instancia, otra de las causas que puede contribuir a la p\u00e9rdida del cabello en las mujeres es la presencia de alguna <strong>enfermedad como la anemia ferrop\u00e9nica, afecciones en la tiroides, en la funci\u00f3n<a href=\"\/\/salud\/que-son-los-ovarios-poliquisticos\/\" target=\"_blank\" rel=\"noopener noreferrer\"> ov\u00e1rica<\/a><\/strong> o el consumo continuo de medicamentos.<\/p>\n<p>Por otro lado, hay que tener en cuenta que la p\u00e9rdida de cabello <strong>afecta de forma psicol\u00f3gica<\/strong> a la mujer al constituirse el pelo como una de las se\u00f1as de identidad femenina. La sensaci\u00f3n que padecen las mujeres que sufren calvicie es de angustia y desasosiego ya que han perdida uno de los atributos principales para muchas de nosotras. \u00a0<\/p>\n<h2><strong>\u00bfExisten tratamientos para la alopecia?<\/strong><\/h2>\n<p>Si advertimos que la ca\u00edda del cabello es m\u00e1s frecuente, debemos <strong>acudir a un profesional<\/strong> m\u00e9dico que evaluar\u00e1 nuestra situaci\u00f3n y realizar\u00e1 un <strong>diagn\u00f3stico cl\u00ednico identificando la causa<\/strong> de la p\u00e9rdida del pelo. Los <strong>tratamientos pueden ser tanto m\u00e9dicos como quir\u00fargicos<\/strong>, pero, en cualquier caso, todo depender\u00e1 de la causa y, por tanto, de cada caso.<\/p>\n<p>Sin embargo, los tratamientos m\u00e1s habituales son:\u00a0<\/p>\n<ul>\n<li>Los f\u00e1rmacos, que intentan combatir la acci\u00f3n de las hormonas.<\/li>\n<li>Las infiltraciones.<\/li>\n<li>Trasplante, aunque en la mujer no suele estar indicado.<\/li>\n<\/ul>\n<blockquote>\n<p><strong>Recuerda:<\/strong><\/p>\n<ul>\n<li>La alopecia en mujeres es cada vez m\u00e1s frecuente, aunque se suela asociar solo a los hombres.<\/li>\n<li>Las mujeres perdemos entre 60 y 100 cabellos al d\u00eda y cuando esa cantidad aumenta es cuando se puede considerar que se sufre de alopecia.<\/li>\n<li>La alopecia es un problema que tiene soluci\u00f3n gracias a f\u00e1rmacos o infiltraciones entre otros tratamientos.<\/li>\n<\/ul>\n<p>\u00a0<\/p>\n<\/blockquote>\n","protected":false},"excerpt":{"rendered":"<p>Al d\u00eda podemos llegar a perder unos 100 cabellos, lo que a muchas mujeres puede resultarnos extra\u00f1o. Sin embargo, es algo normal e incluso si seguimos una dieta sana y equilibrada, evitando los alimentos procesados, se contin\u00faa perdiendo pelo (sobre todo en estaciones como el oto\u00f1o). Pero cuando la cifra supera la centena, debemos empezar &#8230; <\/p>\n<p class=\"read-more-container\"><a title=\"La alopecia en mujeres: causas y tratamiento\" class=\"read-more button\" href=\"\/blog\/salud\/la-alopecia-en-mujeres-causas-y-tratamiento\/#more-7982\" aria-label=\"Leer m\u00e1s sobre La alopecia en mujeres: causas y tratamiento\">Leer m\u00e1s<\/a><\/p>\n","protected":false},"author":8,"featured_media":7984,"comment_status":"closed","ping_status":"closed","sticky":false,"template":"","format":"standard","meta":{"_coblocks_attr":"","_coblocks_dimensions":"","_coblocks_responsive_height":"","_coblocks_accordion_ie_support":"","om_disable_all_campaigns":false,"_uf_show_specific_survey":0,"_uf_disable_surveys":false,"twitterCardType":"","cardImageID":0,"cardImage":"","cardTitle":"","cardDesc":"","cardImageAlt":"","cardPlayer":"","cardPlayerWidth":0,"cardPlayerHeight":0,"cardPlayerStream":"","cardPlayerCodec":"","footnotes":""},"categories":[3],"tags":[],"aioseo_notices":[],"featured_image_src":"\/blog\/wp-content\/uploads\/2020\/08\/alopecia.jpg","featured_image_src_square":"\/blog\/wp-content\/uploads\/2020\/08\/alopecia.jpg","author_info":{"display_name":"ASISA","author_link":"\/blog\/author\/laragsoto\/"},"_links":{"self":[{"href":"\/blog\/wp-json\/wp\/v2\/posts\/7982"}],"collection":[{"href":"\/blog\/wp-json\/wp\/v2\/posts"}],"about":[{"href":"\/blog\/wp-json\/wp\/v2\/types\/post"}],"author":[{"embeddable":true,"href":"\/blog\/wp-json\/wp\/v2\/users\/8"}],"replies":[{"embeddable":true,"href":"\/blog\/wp-json\/wp\/v2\/comments?post=7982"}],"version-history":[{"count":1,"href":"\/blog\/wp-json\/wp\/v2\/posts\/7982\/revisions"}],"predecessor-version":[{"id":7983,"href":"\/blog\/wp-json\/wp\/v2\/posts\/7982\/revisions\/7983"}],"wp:featuredmedia":[{"embeddable":true,"href":"\/blog\/wp-json\/wp\/v2\/media\/7984"}],"wp:attachment":[{"href":"\/blog\/wp-json\/wp\/v2\/media?parent=7982"}],"wp:term":[{"taxonomy":"category","embeddable":true,"href":"\/blog\/wp-json\/wp\/v2\/categories?post=7982"},{"taxonomy":"post_tag","embeddable":true,"href":"\/blog\/wp-json\/wp\/v2\/tags?post=7982"}],"curies":[{"name":"wp","href":"https:\/\/api.w.org\/{rel}","templated":true}]}}