{"id":7867,"date":"2020-08-06T10:20:40","date_gmt":"2020-08-06T08:20:40","guid":{"rendered":"http:\/\/www.blogdeasisa.es\/?p=7867"},"modified":"2020-08-06T11:53:32","modified_gmt":"2020-08-06T09:53:32","slug":"vacaciones-y-coronavirus-consejos-para-disfrutar-del-verano","status":"publish","type":"post","link":"\/blog\/salud\/vacaciones-y-coronavirus-consejos-para-disfrutar-del-verano\/","title":{"rendered":"Vacaciones y coronavirus: consejos para disfrutar del verano"},"content":{"rendered":"<p>Poco a poco, todo el pa\u00eds se va acercando a la <a href=\"\/\/bienestar\/el-verano-y-nueva-normalidad\/\" target=\"_blank\" rel=\"noopener noreferrer\">nueva normalidad<\/a> y una nueva estaci\u00f3n del a\u00f1o ha comenzado. El verano es sin\u00f3nimo de playa, pero este a\u00f1o un intruso har\u00e1 que sean unas vacaciones fuera de lo normal. El <a href=\"\/\/salud\/coronavirus-que-es-y-cuales-son-sus-sintomas\/\" target=\"_blank\" rel=\"noopener noreferrer\">coronavirus<\/a> sigue presente entre nosotros y por ello habr\u00e1 que extremar las precauciones para no caer enfermo y disfrutar del verano. Vacaciones y coronavirus: consejos para disfrutar del verano.<\/p>\n<h2>Vacaciones y coronavirus: consejos para disfrutarlas<\/h2>\n<p>Seguro que todos nos hemos planteado si es seguro coger aviones o trenes o si es posible contagiarnos en playas o piscinas o, simplemente, saliendo a cenar. Aqu\u00ed te dejamos una serie de consejos para poder descansar de las vacaciones, respetando las medidas de seguridad para evitar contagiarnos:<\/p>\n<ol>\n<li><strong>Si tienes s\u00edntomas, o no te encuentras bien, cancela el viaje<\/strong>. Ante cualquier s\u00edntoma, hay que ser responsable, quedarse en casa y aislarse. En el caso de tener s\u00edntomas hay que contactar con las autoridades sanitarias.<\/li>\n<li><strong>Inf\u00f3rmate de los protocolos COVID-19<\/strong> del lugar al que viajas.<\/li>\n<li><strong><a href=\"\/\/salud\/consejos-para-utilizar-bien-la-mascarilla\/\" target=\"_blank\" rel=\"noopener noreferrer\">Usa la mascarilla<\/a>.<\/strong> Y \u00fasala bien, debe cubrir nariz y boca.<\/li>\n<li>Mant\u00e9n una <strong><a href=\"\/\/salud\/por-que-es-importante-lavarse-bien-las-manos\/\" target=\"_blank\" rel=\"noopener noreferrer\">buena higiene de manos<\/a>.<\/strong> \u00a1cuidado con el gel hidroalcoh\u00f3lico y el sol!<\/li>\n<li>Respeta la <strong>distancia de seguridad.<\/strong><\/li>\n<li><strong>Sigue las normas de aforos<\/strong> e indicaciones de las autoridades.<\/li>\n<li>Mant\u00e9n <strong>tus objetos personales en tu per\u00edmetro<\/strong>.<\/li>\n<li><strong>Prot\u00e9gete del sol y el calor<\/strong>: usa <a href=\"\/\/salud\/proteccion-de-la-piel-en-verano-como-elegir-una-crema-solar-adecuada\/\" target=\"_blank\" rel=\"noopener noreferrer\">crema solar<\/a> e hidr\u00e1tate.<\/li>\n<li>Si tienes coche particular, es mejor que coger un tren. Sin embargo, se deben seguir las mismas medidas de precauci\u00f3n.<\/li>\n<li>Debes <strong>tener en cuenta el destino para evitar aglomeraciones<\/strong>. Puedes optar por casas rurales o lugares poco concurridos para conectar con la naturaleza y tener paz.<\/li>\n<li>Si lo que buscas es playa, <strong>deber\u00e1s seguir las indicaciones oportunas<\/strong>, ya sea reservando una hora para acudir, o respetando la distancia de seguridad.<\/li>\n<\/ol>\n<p>Las vacaciones ser\u00e1n casi iguales que las de otro a\u00f1o, pero tendremos un complemento m\u00e1s, la <a href=\"\/\/salud\/mascarillas-y-calor-como-evitar-problemas-en-la-piel\/\" target=\"_blank\" rel=\"noopener noreferrer\">mascarilla<\/a>. Recuerda que es posible disfrutar del verano, siguiendo las normas.<\/p>\n\n\n<figure class=\"wp-block-embed-youtube wp-block-embed is-type-video is-provider-youtube wp-embed-aspect-16-9 wp-has-aspect-ratio\"><div class=\"wp-block-embed__wrapper\">\n<iframe loading=\"lazy\" title=\"Vacaciones y coronavirus: consejos para disfrutar del verano\" width=\"1200\" height=\"675\" src=\"https:\/\/www.youtube.com\/embed\/DmDKXVhy-Ic?feature=oembed\" frameborder=\"0\" allow=\"accelerometer; autoplay; clipboard-write; encrypted-media; gyroscope; picture-in-picture\" allowfullscreen><\/iframe>\n<\/div><\/figure>\n\n\n<blockquote>\n<p><strong>Recuerda: <\/strong><\/p>\n<ul>\n<li>Aunque haya terminado el estado de alarma, se deben seguir extremando las precauciones.<\/li>\n<li>A la hora de irse de vacaciones es necesario planificar y organizar el viaje para tener todo bajo control.<\/li>\n<li>Mantener la higiene y la distancia son clave para disfrutar.<\/li>\n<\/ul>\n<p>\u00a0<\/p>\n<\/blockquote>","protected":false},"excerpt":{"rendered":"<p>Poco a poco, todo el pa\u00eds se va acercando a la nueva normalidad y una nueva estaci\u00f3n del a\u00f1o ha comenzado. El verano es sin\u00f3nimo de playa, pero este a\u00f1o un intruso har\u00e1 que sean unas vacaciones fuera de lo normal. El coronavirus sigue presente entre nosotros y por ello habr\u00e1 que extremar las precauciones &#8230; <\/p>\n<p class=\"read-more-container\"><a title=\"Vacaciones y coronavirus: consejos para disfrutar del verano\" class=\"read-more button\" href=\"\/blog\/salud\/vacaciones-y-coronavirus-consejos-para-disfrutar-del-verano\/#more-7867\" aria-label=\"Leer m\u00e1s sobre Vacaciones y coronavirus: consejos para disfrutar del verano\">Leer m\u00e1s<\/a><\/p>\n","protected":false},"author":8,"featured_media":7870,"comment_status":"closed","ping_status":"closed","sticky":false,"template":"","format":"standard","meta":{"_coblocks_attr":"","_coblocks_dimensions":"","_coblocks_responsive_height":"","_coblocks_accordion_ie_support":"","om_disable_all_campaigns":false,"_uf_show_specific_survey":0,"_uf_disable_surveys":false,"twitterCardType":"","cardImageID":0,"cardImage":"","cardTitle":"","cardDesc":"","cardImageAlt":"","cardPlayer":"","cardPlayerWidth":0,"cardPlayerHeight":0,"cardPlayerStream":"","cardPlayerCodec":"","footnotes":""},"categories":[3],"tags":[],"aioseo_notices":[],"featured_image_src":"\/blog\/wp-content\/uploads\/2020\/08\/Vacaciones-y-coronavirus.jpg","featured_image_src_square":"\/blog\/wp-content\/uploads\/2020\/08\/Vacaciones-y-coronavirus.jpg","author_info":{"display_name":"ASISA","author_link":"\/blog\/author\/laragsoto\/"},"_links":{"self":[{"href":"\/blog\/wp-json\/wp\/v2\/posts\/7867"}],"collection":[{"href":"\/blog\/wp-json\/wp\/v2\/posts"}],"about":[{"href":"\/blog\/wp-json\/wp\/v2\/types\/post"}],"author":[{"embeddable":true,"href":"\/blog\/wp-json\/wp\/v2\/users\/8"}],"replies":[{"embeddable":true,"href":"\/blog\/wp-json\/wp\/v2\/comments?post=7867"}],"version-history":[{"count":8,"href":"\/blog\/wp-json\/wp\/v2\/posts\/7867\/revisions"}],"predecessor-version":[{"id":7876,"href":"\/blog\/wp-json\/wp\/v2\/posts\/7867\/revisions\/7876"}],"wp:featuredmedia":[{"embeddable":true,"href":"\/blog\/wp-json\/wp\/v2\/media\/7870"}],"wp:attachment":[{"href":"\/blog\/wp-json\/wp\/v2\/media?parent=7867"}],"wp:term":[{"taxonomy":"category","embeddable":true,"href":"\/blog\/wp-json\/wp\/v2\/categories?post=7867"},{"taxonomy":"post_tag","embeddable":true,"href":"\/blog\/wp-json\/wp\/v2\/tags?post=7867"}],"curies":[{"name":"wp","href":"https:\/\/api.w.org\/{rel}","templated":true}]}}