{"id":7566,"date":"2020-05-19T10:16:49","date_gmt":"2020-05-19T08:16:49","guid":{"rendered":"http:\/\/www.blogdeasisa.es\/?p=7566"},"modified":"2020-05-19T10:16:52","modified_gmt":"2020-05-19T08:16:52","slug":"problemas-en-la-piel-por-el-uso-de-las-mascarillas","status":"publish","type":"post","link":"\/blog\/salud\/problemas-en-la-piel-por-el-uso-de-las-mascarillas\/","title":{"rendered":"\u00bfPodemos tener problemas en la piel por el uso de las mascarillas?"},"content":{"rendered":"<p>Las mascarillas se han vuelto un elemento m\u00e1s de nuestro d\u00eda a d\u00eda ante la aparici\u00f3n de la COVID-19. Adem\u00e1s, ahora pasar\u00e1n a ser obligatorias en la v\u00eda p\u00fablica y en el interior de aquellos lugares donde no se pueda cumplir la distancia de seguridad. El uso de <strong>mascarillas nos protege del contagio<\/strong>, pero debemos tener en cuenta <a href=\"\/\/salud\/consejos-para-saber-en-que-fijarte-cuando-compres-una-mascarilla\/\" target=\"_blank\" rel=\"noopener noreferrer\">cu\u00e1l es la m\u00e1s adecuada<\/a> y c\u00f3mo debemos cuidar la piel con el uso de mascarillas. \u00bfPodemos tener problemas en la piel por el uso de las mascarillas?<\/p>\n<p>Adem\u00e1s del uso de las mascarillas es importante recordar que usar las mascarillas no es suficiente, hay que tener en cuenta el resto de medidas como <strong><a href=\"\/\/salud\/por-que-es-importante-lavarse-bien-las-manos\/\" target=\"_blank\" rel=\"noopener noreferrer\">lavarse bien las manos<\/a> y el distanciamiento f\u00edsico<\/strong>.<\/p>\n<h2><strong>\u00bfProblemas en la piel por el uso de las mascarillas?<\/strong><\/h2>\n<p>En la actualidad <strong>no hay casos de problemas en la piel directamente relacionados<\/strong> con el uso de las mascarillas, salvo alg\u00fan caso donde la persona tiene una alergia espec\u00edfica a alg\u00fan componente de la mascarilla. Es importante saber qu\u00e9 mascarilla debemos usar y <a href=\"\/\/salud\/consejos-para-utilizar-bien-la-mascarilla\/\" target=\"_blank\" rel=\"noopener noreferrer\">c\u00f3mo utilizarla bien<\/a>, adem\u00e1s de conocer nuestra piel y estar atentos a cualquier cambio.<\/p>\n<p>Pueden darse problemas en nuestra piel si tenemos una patolog\u00eda previa, como una <strong>dermatitis seborr\u00e9ica,<\/strong> una afecci\u00f3n que sufre aproximadamente el 20% de la poblaci\u00f3n y que puede empeorar por estr\u00e9s, nervios o cambios de tiempo.<\/p>\n<p>Otras patolog\u00edas que pueden empeorar por el uso continuado de mascarillas son la <strong>ros\u00e1cea y la dermatitis at\u00f3pica.<\/strong><\/p>\n<h2><strong>Qu\u00e9 podemos hacer para prevenirlos<\/strong><\/h2>\n<p>Aquellas personas que tienen patolog\u00edas en la piel deben <strong>continuar con sus tratamientos y rutinas espec\u00edficas<\/strong> para su piel. Mientras que aquellas que no tienen patolog\u00edas deben <strong>cuidar su higiene de la piel<\/strong> como lo hacen habitualmente e hidratar bien la piel.<\/p>\n","protected":false},"excerpt":{"rendered":"<p>Las mascarillas se han vuelto un elemento m\u00e1s de nuestro d\u00eda a d\u00eda ante la aparici\u00f3n de la COVID-19. Adem\u00e1s, ahora pasar\u00e1n a ser obligatorias en la v\u00eda p\u00fablica y en el interior de aquellos lugares donde no se pueda cumplir la distancia de seguridad. El uso de mascarillas nos protege del contagio, pero debemos &#8230; <\/p>\n<p class=\"read-more-container\"><a title=\"\u00bfPodemos tener problemas en la piel por el uso de las mascarillas?\" class=\"read-more button\" href=\"\/blog\/salud\/problemas-en-la-piel-por-el-uso-de-las-mascarillas\/#more-7566\" aria-label=\"Leer m\u00e1s sobre \u00bfPodemos tener problemas en la piel por el uso de las mascarillas?\">Leer m\u00e1s<\/a><\/p>\n","protected":false},"author":8,"featured_media":7571,"comment_status":"closed","ping_status":"closed","sticky":false,"template":"","format":"standard","meta":{"_coblocks_attr":"","_coblocks_dimensions":"","_coblocks_responsive_height":"","_coblocks_accordion_ie_support":"","om_disable_all_campaigns":false,"_uf_show_specific_survey":0,"_uf_disable_surveys":false,"twitterCardType":"","cardImageID":0,"cardImage":"","cardTitle":"","cardDesc":"","cardImageAlt":"","cardPlayer":"","cardPlayerWidth":0,"cardPlayerHeight":0,"cardPlayerStream":"","cardPlayerCodec":"","footnotes":""},"categories":[3],"tags":[],"aioseo_notices":[],"featured_image_src":"\/blog\/wp-content\/uploads\/2020\/05\/\u00bfPodemos-tener-problemas-en-la-piel-por-el-uso-de-las-mascarillas.jpg","featured_image_src_square":"\/blog\/wp-content\/uploads\/2020\/05\/\u00bfPodemos-tener-problemas-en-la-piel-por-el-uso-de-las-mascarillas.jpg","author_info":{"display_name":"ASISA","author_link":"\/blog\/author\/laragsoto\/"},"_links":{"self":[{"href":"\/blog\/wp-json\/wp\/v2\/posts\/7566"}],"collection":[{"href":"\/blog\/wp-json\/wp\/v2\/posts"}],"about":[{"href":"\/blog\/wp-json\/wp\/v2\/types\/post"}],"author":[{"embeddable":true,"href":"\/blog\/wp-json\/wp\/v2\/users\/8"}],"replies":[{"embeddable":true,"href":"\/blog\/wp-json\/wp\/v2\/comments?post=7566"}],"version-history":[{"count":4,"href":"\/blog\/wp-json\/wp\/v2\/posts\/7566\/revisions"}],"predecessor-version":[{"id":7570,"href":"\/blog\/wp-json\/wp\/v2\/posts\/7566\/revisions\/7570"}],"wp:featuredmedia":[{"embeddable":true,"href":"\/blog\/wp-json\/wp\/v2\/media\/7571"}],"wp:attachment":[{"href":"\/blog\/wp-json\/wp\/v2\/media?parent=7566"}],"wp:term":[{"taxonomy":"category","embeddable":true,"href":"\/blog\/wp-json\/wp\/v2\/categories?post=7566"},{"taxonomy":"post_tag","embeddable":true,"href":"\/blog\/wp-json\/wp\/v2\/tags?post=7566"}],"curies":[{"name":"wp","href":"https:\/\/api.w.org\/{rel}","templated":true}]}}