{"id":7549,"date":"2020-05-15T14:24:58","date_gmt":"2020-05-15T12:24:58","guid":{"rendered":"http:\/\/www.blogdeasisa.es\/?p=7549"},"modified":"2020-05-15T14:34:30","modified_gmt":"2020-05-15T12:34:30","slug":"consejos-para-saber-en-que-fijarte-cuando-compres-una-mascarilla","status":"publish","type":"post","link":"\/blog\/salud\/consejos-para-saber-en-que-fijarte-cuando-compres-una-mascarilla\/","title":{"rendered":"Consejos para saber en qu\u00e9 fijarte cuando compres una mascarilla"},"content":{"rendered":"<p>Las mascarillas han venido para quedarse un tiempo entre nosotros. Su uso ya es obligatorio en el transporte p\u00fablico y cada vez m\u00e1s expertos piden que se extienda al resto de los lugares p\u00fablicos. Sin embargo, no estamos acostumbrados a utilizarlas y muchas veces no sabemos qu\u00e9 tipo de mascarilla es el adecuado para cada situaci\u00f3n ni en qu\u00e9 tenemos que fijarnos a la hora de comprarlas. Para ayudarnos, el Ministerio de Consumo ha elaborado una <a href=\"https:\/\/eur01.safelinks.protection.outlook.com\/?url=https%3A%2F%2Fwww.mscbs.gob.es%2Fprofesionales%2FsaludPublica%2Fccayes%2FalertasActual%2FnCov-China%2Fdocumentos%2F030520_GUIA_COMPRA_MASCARILLAS.pdf&amp;data=02%7C01%7Clara.garcia%40asisa.es%7C746a72ecc049470f85f408d7f8004938%7C3f2359a9a40947afa6741b1493d40aec%7C0%7C0%7C637250552658443942&amp;sdata=p0tM7kJ3nlJIK9RREfqcWpU4ld7eiqDstCSOTtYUBo8%3D&amp;reserved=0\" target=\"_blank\" rel=\"noopener noreferrer\">gu\u00eda b\u00e1sica que explica las claves a la hora de adquirir una mascarilla<\/a>. Te damos algunos consejos para saber en qu\u00e9 fijarte cuando compres una mascarilla.<\/p>\n<h2>\u00bfCu\u00e1ntos tipos de mascarillas existen?<\/h2>\n<p>B\u00e1sicamente existen tres tipos de mascarillas en el mercado, con diferentes especificaciones e indicaciones de uso:<\/p>\n<ul>\n<li><strong>Higi\u00e9nicas:<\/strong> son un complemento a las medidas de distanciamiento f\u00edsico e higiene recomendadas por el Ministerio de Sanidad y no son consideradas equipo de protecci\u00f3n individual (EPI). Cubren boca, nariz y barbilla y est\u00e1n provistas de un arn\u00e9s que rodea la cabeza o se sujeta en las orejas. Suelen estar compuestas por una o varias capas de material textil y pueden ser reutilizables o de un solo uso. Su utilizaci\u00f3n est\u00e1 recomendada para personas sanas. En el caso de los ni\u00f1os entre 3 y 12 a\u00f1os, hay modelos con un tama\u00f1o espec\u00edfico.<\/li>\n<li><strong>Quir\u00fargicas:<\/strong> son las que habitualmente vemos en ambientes cl\u00ednicos. Su objetivo es evitar que el personal sanitario y los pacientes infectados (o sospechosos de estarlo) transmitan agentes infecciosos. Estas mascarillas est\u00e1n dise\u00f1adas para filtrar el aire exhalado. Su misi\u00f3n es proteger a quienes est\u00e1n a tu alrededor, evitando la dispersi\u00f3n v\u00edrica al estornudar, toser o hablar. Deben tener un mecanismo que permita ce\u00f1irlas estrechamente sobre nariz, boca y barbilla a quien la lleva puesta. Est\u00e1n recomendadas para personas sintom\u00e1ticas o asintom\u00e1ticas contagiadas.<\/li>\n<li><strong>EPI:<\/strong> estas mascarillas se consideran equipos de protecci\u00f3n individual (EPI) y tienen como finalidad filtrar el aire inhalado evitando la entrada de part\u00edculas contaminantes en nuestro organismo. Seg\u00fan su eficacia de filtraci\u00f3n pueden ser de tres tipos: FFP1, FFP2 (las recomendadas en el caso de la COVID-19) y FFP3. Se recomienda fundamentalmente su empleo por profesionales para crear una barrera entre un riesgo potencial y el usuario. Tambi\u00e9n pueden estar recomendadas para grupos vulnerables por indicaci\u00f3n m\u00e9dica.<\/li>\n<\/ul>\n<h2>Gu\u00eda para el uso de mascarillas<\/h2>\n<p>En <a href=\"https:\/\/eur01.safelinks.protection.outlook.com\/?url=https%3A%2F%2Fwww.mscbs.gob.es%2Fprofesionales%2FsaludPublica%2Fccayes%2FalertasActual%2FnCov-China%2Fdocumentos%2F030520_GUIA_COMPRA_MASCARILLAS.pdf&amp;data=02%7C01%7Clara.garcia%40asisa.es%7C746a72ecc049470f85f408d7f8004938%7C3f2359a9a40947afa6741b1493d40aec%7C0%7C0%7C637250552658453908&amp;sdata=zP2pDfsBe%2FqS2G%2Fu3wlFsvjme%2BRuSBbgQvh6FnN%2FUuM%3D&amp;reserved=0\" target=\"_blank\" rel=\"noopener noreferrer\">la gu\u00eda del Ministerio de Consumo<\/a> puedes ver en cada caso las normas que deben cumplir para estar homologadas y adecuarse a un est\u00e1ndar m\u00ednimo de calidad. Adem\u00e1s, recuerda seguir siempre las indicaciones para la correcta colocaci\u00f3n de la mascarilla y sustituirla en el caso de que se humedezca o deteriore; en el caso de que sea reutilizable, l\u00e1vala siguiendo las instrucciones del fabricante. <a href=\"\/\/salud\/consejos-para-utilizar-bien-la-mascarilla\/\" target=\"_blank\" rel=\"noopener noreferrer\">En este post<\/a> y <a href=\"https:\/\/eur01.safelinks.protection.outlook.com\/?url=https%3A%2F%2Fyoutu.be%2FsAyt8WZR0Q8&amp;data=02%7C01%7Clara.garcia%40asisa.es%7C746a72ecc049470f85f408d7f8004938%7C3f2359a9a40947afa6741b1493d40aec%7C0%7C0%7C637250552658458879&amp;sdata=EkXmDU7iYgrPKqTmdraoK482n2gaEJUSw4ITlGhwrGs%3D&amp;reserved=0\" target=\"_blank\" rel=\"noopener\">en este v\u00eddeo te lo explicamos<\/a>.<\/p>\n","protected":false},"excerpt":{"rendered":"<p>Las mascarillas han venido para quedarse un tiempo entre nosotros. Su uso ya es obligatorio en el transporte p\u00fablico y cada vez m\u00e1s expertos piden que se extienda al resto de los lugares p\u00fablicos. Sin embargo, no estamos acostumbrados a utilizarlas y muchas veces no sabemos qu\u00e9 tipo de mascarilla es el adecuado para cada &#8230; <\/p>\n<p class=\"read-more-container\"><a title=\"Consejos para saber en qu\u00e9 fijarte cuando compres una mascarilla\" class=\"read-more button\" href=\"\/blog\/salud\/consejos-para-saber-en-que-fijarte-cuando-compres-una-mascarilla\/#more-7549\" aria-label=\"Leer m\u00e1s sobre Consejos para saber en qu\u00e9 fijarte cuando compres una mascarilla\">Leer m\u00e1s<\/a><\/p>\n","protected":false},"author":8,"featured_media":7553,"comment_status":"closed","ping_status":"closed","sticky":false,"template":"","format":"standard","meta":{"_coblocks_attr":"","_coblocks_dimensions":"","_coblocks_responsive_height":"","_coblocks_accordion_ie_support":"","om_disable_all_campaigns":false,"_uf_show_specific_survey":0,"_uf_disable_surveys":false,"twitterCardType":"","cardImageID":0,"cardImage":"","cardTitle":"","cardDesc":"","cardImageAlt":"","cardPlayer":"","cardPlayerWidth":0,"cardPlayerHeight":0,"cardPlayerStream":"","cardPlayerCodec":"","footnotes":""},"categories":[3],"tags":[],"aioseo_notices":[],"featured_image_src":"\/blog\/wp-content\/uploads\/2020\/05\/Consejos-para-saber-en-qu\u00e9-fijarte-cuando-compres-una-mascarilla.jpg","featured_image_src_square":"\/blog\/wp-content\/uploads\/2020\/05\/Consejos-para-saber-en-qu\u00e9-fijarte-cuando-compres-una-mascarilla.jpg","author_info":{"display_name":"ASISA","author_link":"\/blog\/author\/laragsoto\/"},"_links":{"self":[{"href":"\/blog\/wp-json\/wp\/v2\/posts\/7549"}],"collection":[{"href":"\/blog\/wp-json\/wp\/v2\/posts"}],"about":[{"href":"\/blog\/wp-json\/wp\/v2\/types\/post"}],"author":[{"embeddable":true,"href":"\/blog\/wp-json\/wp\/v2\/users\/8"}],"replies":[{"embeddable":true,"href":"\/blog\/wp-json\/wp\/v2\/comments?post=7549"}],"version-history":[{"count":4,"href":"\/blog\/wp-json\/wp\/v2\/posts\/7549\/revisions"}],"predecessor-version":[{"id":7554,"href":"\/blog\/wp-json\/wp\/v2\/posts\/7549\/revisions\/7554"}],"wp:featuredmedia":[{"embeddable":true,"href":"\/blog\/wp-json\/wp\/v2\/media\/7553"}],"wp:attachment":[{"href":"\/blog\/wp-json\/wp\/v2\/media?parent=7549"}],"wp:term":[{"taxonomy":"category","embeddable":true,"href":"\/blog\/wp-json\/wp\/v2\/categories?post=7549"},{"taxonomy":"post_tag","embeddable":true,"href":"\/blog\/wp-json\/wp\/v2\/tags?post=7549"}],"curies":[{"name":"wp","href":"https:\/\/api.w.org\/{rel}","templated":true}]}}