{"id":7502,"date":"2020-05-06T18:32:17","date_gmt":"2020-05-06T16:32:17","guid":{"rendered":"http:\/\/www.blogdeasisa.es\/?p=7502"},"modified":"2020-05-06T18:32:20","modified_gmt":"2020-05-06T16:32:20","slug":"por-que-gestionar-las-emociones-es-fundamental-para-la-salud","status":"publish","type":"post","link":"\/blog\/salud\/bienestar\/por-que-gestionar-las-emociones-es-fundamental-para-la-salud\/","title":{"rendered":"Por qu\u00e9 gestionar las emociones es fundamental para la salud"},"content":{"rendered":"<p>Empezamos a ver el final, pero a\u00fan falta para llegar a \u00e9l por lo que, lejos de ayudarnos, esta perspectiva puede complicar gestionar las emociones durante el confinamiento y, sobre todo, de nuestras expectativas.<\/p>\n<p>Desde hace semanas estamos viviendo la mayor crisis global de las \u00faltimas d\u00e9cadas, que ha cambiado de manera s\u00fabita nuestras vidas, en algunos casos de manera irremediable. En esta situaci\u00f3n es normal sentir intensas emociones (miedo, tristeza, enfado\u2026) y sentimientos de vulnerabilidad y falta de control.<\/p>\n<p>El paso del tiempo va cambiando nuestras emociones, que se van adecuando a cada fase, y tambi\u00e9n va haciendo mella en nuestra capacidad de resistencia, especialmente cuando nuestros objetivos, individuales y sociales, no tienen una fecha definitiva para hacerse realidad.<\/p>\n<h2><strong>Gestionar las emociones durante el confinamiento<\/strong><\/h2>\n<p>Para hacer frente a esta situaci\u00f3n y ser capaces de controlar nuestras emociones, el <a href=\"https:\/\/eur01.safelinks.protection.outlook.com\/?url=https%3A%2F%2Fwww.mscbs.gob.es%2Fprofesionales%2FsaludPublica%2Fccayes%2FalertasActual%2FnCov-China%2Fimg%2FCOVID19_gestion_emocional.jpg&amp;data=02%7C01%7Clara.garcia%40asisa.es%7C268b2c344a744f955f5c08d7eaa4ff06%7C3f2359a9a40947afa6741b1493d40aec%7C0%7C0%7C637235866925623682&amp;sdata=5fKVNLp2JtGXJcdD0L4FbAIbtQDImflbqvBbj5yiQl8%3D&amp;reserved=0\" target=\"_blank\" rel=\"noopener noreferrer\">Ministerio de Sanidad<\/a> nos da varias estrategias y consejos:<\/p>\n<p><strong>\u00a0<\/strong><strong>1.- Reconoce tus emociones<\/strong>: es fundamental que identifiques tus emociones para no dejarte arrastrar por ellas y ser capaz de gestionarlas. Para ello, te puede ayudar compartirlas con personas cercanas. Adem\u00e1s, aplicar algunas <a href=\"\/\/bienestar\/tecnicas-para-controlar-la-ansiedad\/\" target=\"_blank\" rel=\"noopener noreferrer\">t\u00e9cnicas de respiraci\u00f3n y relajaci\u00f3n<\/a> te ayudar\u00e1n a centrarte en lo esencial.<\/p>\n<p><strong>2.- Enfoca tu energ\u00eda y genera una rutina<\/strong>: todos los consejos para gestionar el confinamiento se apoyan en crear una rutina, elaborar un horario con las actividades que podemos hacer cada d\u00eda y tratar de cumplirlo. Res\u00e9rvate tiempo para ti: debes mantener tu espacio propio junto al trabajo y la familia.<\/p>\n<p><strong>3.- C\u00e9ntrate en lo que realmente puedes hacer: <\/strong>enf\u00f3cate en los objetivos que puedes cumplir y persevera para lograrlo. Evita fijarte metas que en circunstancias normales ser\u00edan asumibles, pero ahora no lo son. E intenta ayudar en la medida de lo posible a los que te rodean y lo necesitan.<\/p>\n<p><strong>4.- <\/strong><strong>Cu\u00eddate<\/strong><strong>: <\/strong>mant\u00e9n tus rutinas de ejercicio e higiene, <a href=\"\/\/bienestar\/alimentacion\/consejos-para-comer-sano-en-cuarentena\/\" target=\"_blank\" rel=\"noopener noreferrer\">alimentaci\u00f3n<\/a> y sue\u00f1o. Recuerda que <a href=\"\/\/salud\/dormir-mejor-durante-el-confinamiento\/\" target=\"_blank\" rel=\"noopener noreferrer\">descansar bien<\/a> es clave para cuidar nuestra fortaleza mental.<\/p>\n<p><strong>5.- <\/strong><a href=\"\/\/salud\/como-reducir-el-estres\/\"><strong>Desconecta<\/strong><\/a><strong>: <\/strong>a veces puedes tener la sensaci\u00f3n de que vives en un d\u00eda de la marmota permanente. Por ello, evita una sobreexposici\u00f3n a la informaci\u00f3n sobre el coronavirus y dedica tiempo y conversaciones a otros temas que te gusten, te motiven y te ayuden a lograr los objetivos que te has marcado.<\/p>\n<p><strong>6.- No descuides el contacto social: <\/strong>mant\u00e9n el contacto con familia y amigos. Haci\u00e9ndolo, te cuidas t\u00fa y cuidas a los otros.<\/p>\n<blockquote>\n<p><strong>Recuerda: <\/strong><\/p>\n<ul>\n<li>El paso del tiempo va cambiando nuestras emociones y hace mella cuando no hay un objetivo cercano.<\/li>\n<li>Ante situaciones de estr\u00e9s es importante aprender a gestionar nuestras emociones.<\/li>\n<li>\u00bfQu\u00e9 podemos hacer? Reconocer nuestras emociones, generar una rutina, cuidarte y desconectar.<\/li>\n<\/ul>\n<p>\u00a0<\/p>\n<\/blockquote>\n<p>\u00a0<\/p>\n<p>\u00a0<\/p>\n","protected":false},"excerpt":{"rendered":"<p>Empezamos a ver el final, pero a\u00fan falta para llegar a \u00e9l por lo que, lejos de ayudarnos, esta perspectiva puede complicar gestionar las emociones durante el confinamiento y, sobre todo, de nuestras expectativas. Desde hace semanas estamos viviendo la mayor crisis global de las \u00faltimas d\u00e9cadas, que ha cambiado de manera s\u00fabita nuestras vidas, &#8230; <\/p>\n<p class=\"read-more-container\"><a title=\"Por qu\u00e9 gestionar las emociones es fundamental para la salud\" class=\"read-more button\" href=\"\/blog\/salud\/bienestar\/por-que-gestionar-las-emociones-es-fundamental-para-la-salud\/#more-7502\" aria-label=\"Leer m\u00e1s sobre Por qu\u00e9 gestionar las emociones es fundamental para la salud\">Leer m\u00e1s<\/a><\/p>\n","protected":false},"author":8,"featured_media":7505,"comment_status":"closed","ping_status":"closed","sticky":false,"template":"","format":"standard","meta":{"_coblocks_attr":"","_coblocks_dimensions":"","_coblocks_responsive_height":"","_coblocks_accordion_ie_support":"","om_disable_all_campaigns":false,"_uf_show_specific_survey":0,"_uf_disable_surveys":false,"twitterCardType":"","cardImageID":0,"cardImage":"","cardTitle":"","cardDesc":"","cardImageAlt":"","cardPlayer":"","cardPlayerWidth":0,"cardPlayerHeight":0,"cardPlayerStream":"","cardPlayerCodec":"","footnotes":""},"categories":[4],"tags":[],"aioseo_notices":[],"featured_image_src":"\/blog\/wp-content\/uploads\/2020\/05\/gestionar-las-emociones.jpg","featured_image_src_square":"\/blog\/wp-content\/uploads\/2020\/05\/gestionar-las-emociones.jpg","author_info":{"display_name":"ASISA","author_link":"\/blog\/author\/laragsoto\/"},"_links":{"self":[{"href":"\/blog\/wp-json\/wp\/v2\/posts\/7502"}],"collection":[{"href":"\/blog\/wp-json\/wp\/v2\/posts"}],"about":[{"href":"\/blog\/wp-json\/wp\/v2\/types\/post"}],"author":[{"embeddable":true,"href":"\/blog\/wp-json\/wp\/v2\/users\/8"}],"replies":[{"embeddable":true,"href":"\/blog\/wp-json\/wp\/v2\/comments?post=7502"}],"version-history":[{"count":7,"href":"\/blog\/wp-json\/wp\/v2\/posts\/7502\/revisions"}],"predecessor-version":[{"id":7510,"href":"\/blog\/wp-json\/wp\/v2\/posts\/7502\/revisions\/7510"}],"wp:featuredmedia":[{"embeddable":true,"href":"\/blog\/wp-json\/wp\/v2\/media\/7505"}],"wp:attachment":[{"href":"\/blog\/wp-json\/wp\/v2\/media?parent=7502"}],"wp:term":[{"taxonomy":"category","embeddable":true,"href":"\/blog\/wp-json\/wp\/v2\/categories?post=7502"},{"taxonomy":"post_tag","embeddable":true,"href":"\/blog\/wp-json\/wp\/v2\/tags?post=7502"}],"curies":[{"name":"wp","href":"https:\/\/api.w.org\/{rel}","templated":true}]}}