{"id":7360,"date":"2020-04-15T10:15:02","date_gmt":"2020-04-15T08:15:02","guid":{"rendered":"http:\/\/www.blogdeasisa.es\/?p=7360"},"modified":"2020-05-21T13:46:33","modified_gmt":"2020-05-21T11:46:33","slug":"consejos-para-utilizar-bien-la-mascarilla","status":"publish","type":"post","link":"\/blog\/salud\/consejos-para-utilizar-bien-la-mascarilla\/","title":{"rendered":"Consejos para utilizar, bien, la mascarilla"},"content":{"rendered":"\n<p><a href=\"https:\/\/studio.youtube.com\/video\/sAyt8WZR0Q8\/edit\" target=\"_blank\" rel=\"noopener\">https:\/\/studio.youtube.com\/video\/sAyt8WZR0Q8\/edit<\/a>Las <strong>mascarillas <\/strong>se han convertido en algo cotidiano en nuestras calles (en el caso de los pocos que pueden salir\u2026), transporte p\u00fablico, supermercados, etc. Su <strong>uso para prevenir la extensi\u00f3n del coronavirus es cada vez m\u00e1s cotidiano<\/strong> y las <strong>autoridades sanitarias<\/strong> recomiendan utilizar esta <strong>medida de protecci\u00f3n individual cuando nos encontremos en situaciones en las que se concentre un alto n\u00famero de personas<\/strong>. Es necesario seguir una serie de consejos para utilizar la mascarilla ante el coronavirus.&nbsp;<\/p>\n\n\n\n<p>Es importante recordar que las mascarillas higi\u00e9nicas, seg\u00fan el Ministerio de Sanidad, est\u00e1n destinadas a personas sin ninguna sintomatolog\u00eda y <strong>obligan a seguir manteniendo el distanciamiento social<\/strong>, es decir, se deben seguir cumpliendo el resto de medidas higi\u00e9nicas.<\/p>\n\n\n\n<p>Sin embargo, el uso de las mascarillas, al contrario de lo que sucede en los pa\u00edses asi\u00e1ticos, no es habitual en nuestra sociedad, por lo que <strong>no siempre las utilizamos de manera correcta<\/strong>. Esa mala utilizaci\u00f3n puede ser peligrosa para nuestra salud y, en algunos casos, incluso incrementar las posibilidades de contraer alguna enfermedad de las v\u00edas respiratorias, incluida la COVID-19.<\/p>\n\n\n\n<h2 class=\"wp-block-heading\"><strong>Consejos para utilizar la mascarilla:<\/strong><\/h2>\n\n\n\n<ul><li><strong>Antes<\/strong> de colocarte la mascarilla, <strong>l\u00e1vate las manos<\/strong>.<\/li><li>Debes <strong>identificar la parte superior de la mascarilla<\/strong>, que suele tener un ajuste nasal semirr\u00edgido.<\/li><li><strong>Si la mascarilla tiene dos colores<\/strong> la <strong>m\u00e1s oscura se coloca al exterior<\/strong>. Debes fijarte en que las sujeciones quedan colocadas siempre en la misma posici\u00f3n. Si tienes dudas puedes colocar una marca.<\/li><li>Debes colocarte la mascarilla de manera que te <strong>tape completamente la nariz, la boca y la barbilla<\/strong>. Algunos errores t\u00edpicos que debes evitar son dejarla muy floja o cubrir solo la punta de la nariz.<\/li><li>Una vez colocada, <strong>no debes quitarte la mascarilla y volver a pon\u00e9rtela<\/strong>, mucho menos si est\u00e1s en un espacio p\u00fablico. Si te colocas la mascarilla, debes dej\u00e1rtela puesta.<\/li><li><strong>Tampoco se debe colocar en una posici\u00f3n de espera<\/strong> en la frente o debajo de la barbilla durante y despu\u00e9s del uso.<\/li><li><strong>Utiliza los cordones <\/strong>o los lazos de la mascarilla <strong>para colocarla y retirarla<\/strong>.<\/li><li><strong>Evita tocar la mascarilla cuando la llevas puesta<\/strong>, tanto la parte exterior como la interior. Si tienes que recoloc\u00e1rtela, utiliza los cordones.<\/li><li>Siempre que sea posible<strong>, ponte la mascarilla en casa<\/strong>.<\/li><li><strong>Cuando te la quites, t\u00edrala <\/strong>a la basura (y <strong>l\u00e1vate las manos despu\u00e9s<\/strong>).<\/li><li>En caso de que se <strong>humedezca o se deteriore se recomienda retirarla<\/strong>. Si es reutilizable, l\u00e1vala y s\u00e9cala a diario y mantenla en un lugar limpio y seco.<\/li><\/ul>\n\n\n\n<figure class=\"wp-block-embed-youtube wp-block-embed is-type-video is-provider-youtube wp-embed-aspect-4-3 wp-has-aspect-ratio\"><div class=\"wp-block-embed__wrapper\">\n<iframe loading=\"lazy\" title=\"Consejos para usar bien las mascarillas\" width=\"1200\" height=\"900\" src=\"https:\/\/www.youtube.com\/embed\/sAyt8WZR0Q8?feature=oembed\" frameborder=\"0\" allow=\"accelerometer; autoplay; clipboard-write; encrypted-media; gyroscope; picture-in-picture\" allowfullscreen><\/iframe>\n<\/div><\/figure>\n\n\n\n<p>Es <strong>importante seguir estos Consejos para utilizar la mascarilla ante el coronavirus para que las mascarillas sean realmente \u00fatiles<\/strong> para cuidar nuestra salud. <strong>Pero no te conf\u00edes por llevar mascarilla<\/strong>. Evita la sensaci\u00f3n de falsa seguridad y no bajes la guardia con las <strong>medidas de higiene b\u00e1sicas<\/strong>, como <strong>lavarte las manos con frecuencia<\/strong>; no tocarte la cara, ni los ojos, ni la boca; mantener la higiene respiratoria; y respetar la distancia de seguridad.<\/p>\n\n\n<blockquote>\n<p>Recuerda:<\/p>\n<ul class=\"block-editor-rich-text__editable editor-rich-text__editable\" role=\"textbox\" contenteditable=\"true\" aria-multiline=\"true\" data-is-placeholder-visible=\"false\" aria-label=\"Escribe una lista\u2026\" aria-autocomplete=\"list\">\n<li>Es apropiado el uso de mascarilla cuando nos encontremos en situaciones en las que se concentre un alto n\u00famero de personas.<\/li>\n<li>Recuerda\u00a0seguir manteniendo el distanciamiento social, lavado de manos, no tocarte la cara, ni los ojos, ni la boca.<\/li>\n<li>Para usar bien la mascarilla hay que seguir una serie de consejos: l\u00e1vate las manos antes, identifica la parte superior, usa las sujeciones, no quitarte y poner la mascarilla, etc.<\/li>\n<\/ul>\n<p>\u00a0<\/p>\n<\/blockquote>","protected":false},"excerpt":{"rendered":"<p>https:\/\/studio.youtube.com\/video\/sAyt8WZR0Q8\/editLas mascarillas se han convertido en algo cotidiano en nuestras calles (en el caso de los pocos que pueden salir\u2026), transporte p\u00fablico, supermercados, etc. Su uso para prevenir la extensi\u00f3n del coronavirus es cada vez m\u00e1s cotidiano y las autoridades sanitarias recomiendan utilizar esta medida de protecci\u00f3n individual cuando nos encontremos en situaciones en las &#8230; <\/p>\n<p class=\"read-more-container\"><a title=\"Consejos para utilizar, bien, la mascarilla\" class=\"read-more button\" href=\"\/blog\/salud\/consejos-para-utilizar-bien-la-mascarilla\/#more-7360\" aria-label=\"Leer m\u00e1s sobre Consejos para utilizar, bien, la mascarilla\">Leer m\u00e1s<\/a><\/p>\n","protected":false},"author":3,"featured_media":7362,"comment_status":"closed","ping_status":"closed","sticky":false,"template":"","format":"standard","meta":{"_coblocks_attr":"","_coblocks_dimensions":"","_coblocks_responsive_height":"","_coblocks_accordion_ie_support":"","om_disable_all_campaigns":false,"_uf_show_specific_survey":0,"_uf_disable_surveys":false,"twitterCardType":"","cardImageID":0,"cardImage":"","cardTitle":"","cardDesc":"","cardImageAlt":"","cardPlayer":"","cardPlayerWidth":0,"cardPlayerHeight":0,"cardPlayerStream":"","cardPlayerCodec":"","footnotes":""},"categories":[3],"tags":[],"aioseo_notices":[],"featured_image_src":"\/blog\/wp-content\/uploads\/2020\/04\/Consejos-para-utilizar-la-mascarilla-ante-el-coronavirus.jpg","featured_image_src_square":"\/blog\/wp-content\/uploads\/2020\/04\/Consejos-para-utilizar-la-mascarilla-ante-el-coronavirus.jpg","author_info":{"display_name":"ASISA","author_link":"\/blog\/author\/pgomezdu\/"},"_links":{"self":[{"href":"\/blog\/wp-json\/wp\/v2\/posts\/7360"}],"collection":[{"href":"\/blog\/wp-json\/wp\/v2\/posts"}],"about":[{"href":"\/blog\/wp-json\/wp\/v2\/types\/post"}],"author":[{"embeddable":true,"href":"\/blog\/wp-json\/wp\/v2\/users\/3"}],"replies":[{"embeddable":true,"href":"\/blog\/wp-json\/wp\/v2\/comments?post=7360"}],"version-history":[{"count":10,"href":"\/blog\/wp-json\/wp\/v2\/posts\/7360\/revisions"}],"predecessor-version":[{"id":7588,"href":"\/blog\/wp-json\/wp\/v2\/posts\/7360\/revisions\/7588"}],"wp:featuredmedia":[{"embeddable":true,"href":"\/blog\/wp-json\/wp\/v2\/media\/7362"}],"wp:attachment":[{"href":"\/blog\/wp-json\/wp\/v2\/media?parent=7360"}],"wp:term":[{"taxonomy":"category","embeddable":true,"href":"\/blog\/wp-json\/wp\/v2\/categories?post=7360"},{"taxonomy":"post_tag","embeddable":true,"href":"\/blog\/wp-json\/wp\/v2\/tags?post=7360"}],"curies":[{"name":"wp","href":"https:\/\/api.w.org\/{rel}","templated":true}]}}