{"id":6816,"date":"2019-10-31T10:50:05","date_gmt":"2019-10-31T08:50:05","guid":{"rendered":"http:\/\/www.blogdeasisa.es\/?p=6816"},"modified":"2019-10-31T10:50:07","modified_gmt":"2019-10-31T08:50:07","slug":"esclerosis-multiple","status":"publish","type":"post","link":"\/blog\/salud\/esclerosis-multiple\/","title":{"rendered":"Esclerosis m\u00faltiple: qu\u00e9 es, s\u00edntomas, tratamiento"},"content":{"rendered":"<p>La esclerosis m\u00faltiple es una enfermedad de car\u00e1cter <strong>cr\u00f3nico y degenerativo<\/strong> que afecta a muchas personas en Espa\u00f1a.<\/p>\n<p>La EM, por sus siglas, se relaciona con el sistema nervioso y afecta al <strong>cerebro y la m\u00e9dula espinal.<\/strong> La causa es que la <strong>materia blanca<\/strong> del cerebro y de la m\u00e9dula espinal no cumplen con su funcionamiento habitual debido a la aparici\u00f3n de placas escler\u00f3ticas.<\/p>\n<h2><strong>Causas de la esclerosis m\u00faltiple:<\/strong><\/h2>\n<p>Esta enfermedad suele aparecer en los pacientes entre los 20 y 40 a\u00f1os afectando casi al doble de mujeres que hombres. Actualmente, ya se sit\u00faa como la segunda <strong>causa de discapacidad<\/strong> entre j\u00f3venes y no existe una cura definitiva para tratarla. Si bien puede estar relacionado con <strong>causas gen\u00e9ticas<\/strong>, dado que las personas con antecedentes familiares tienen m\u00e1s probabilidades de sufrir la enfermedad, existen otros factores a tener en cuenta tales como:<\/p>\n<ul>\n<li>El consumo de tabaco.<\/li>\n<li>Problemas infecciosos y autoinmunes.<\/li>\n<li>La falta de <a href=\"\/\/salud\/vitamina-d-salud\/\" target=\"_blank\" rel=\"noopener noreferrer\">vitamina D<\/a> y de exposici\u00f3n a los rayos solares.<\/li>\n<li><a href=\"\/\/salud\/normopeso-sobrepeso-y-obesidad\/\" target=\"_blank\" rel=\"noopener noreferrer\">Obesidad<\/a> durante la adolescencia.<\/li>\n<li>Un consumo excesivo de sal en las comidas.<\/li>\n<\/ul>\n<h2><strong>\u00bfCu\u00e1les son los s\u00edntomas de la EM?:<\/strong><\/h2>\n<p>Lo primero que hay que tener en cuenta es que los <strong>s\u00edntomas pueden variar<\/strong> mucho entre personas dependiendo de la localizaci\u00f3n de la enfermedad y su estado. Si bien son comunes las <strong>alteraciones de la vista<\/strong> como visi\u00f3n doble, visi\u00f3n borrosa o p\u00e9rdida parcial o total de la visi\u00f3n, tambi\u00e9n podemos encontrarnos con <strong>problemas de coordinaci\u00f3n<\/strong> y equilibrio, <strong>entumecimiento<\/strong> o temblor de alguna de las extremidades del cuerpo, temblores en el cuerpo o mareos y sensaci\u00f3n de fatiga. Otros s\u00edntomas son:<\/p>\n<ul>\n<li>Dificultad a la hora de hablar, memorizar y razonar.<\/li>\n<li>Problemas de atenci\u00f3n.<\/li>\n<li>Depresi\u00f3n o sentimiento continuo de tristeza.<\/li>\n<li>Problemas de car\u00e1cter sexual.<\/li>\n<li>Incontinencia urinaria y estre\u00f1imiento.<\/li>\n<li>Problemas para caminar.<\/li>\n<\/ul>\n<p>Adem\u00e1s, esta enfermedad tiene otro tipo consecuencias en la calidad de vida de los pacientes:<\/p>\n<ul>\n<li>Descenso de la calidad de vida debido a la p\u00e9rdida motora.<\/li>\n<li>Depresi\u00f3n o <a href=\"\/\/salud\/podemos-gestionar-estres-la-ansiedad\/\" target=\"_blank\" rel=\"noopener noreferrer\">ansiedad<\/a> derivadas de la incapacidad de seguir con la vida que llevaban los pacientes anteriormente.<\/li>\n<li>Reducci\u00f3n de la movilidad y en los casos m\u00e1s graves de la enfermedad, invalidez<\/li>\n<li>Dificultad a la hora de habar y comunicarse.<\/li>\n<li>Problemas relacionados con la vista derivados de los s\u00edntomas.<\/li>\n<\/ul>\n<h2><strong>Tratamiento para la EM:<\/strong><\/h2>\n<p>No hay una cura definitiva para esta enfermedad, aunque existen diferentes <strong>tratamientos<\/strong> que ayudan a controlar y ralentizar el avance y desarrollo. Adem\u00e1s, se recomienda acudir a sesiones de fisioterapia para ayudar a la capacidad motora.<\/p>\n<p>Por \u00faltimo, es necesario llevar una vida saludable con una dieta equilibrada, hacer ejercicio habitualmente y evitar el tabaco y el alcohol.<\/p>\n<blockquote><p><strong>Recuerda:<\/strong><\/p>\n<ul>\n<li>La Esclerosis M\u00faltiple es una enfermedad del sistema nervioso que afecta principalmente al cerebro y a la m\u00e9dula espinal.<\/li>\n<li>Hay varios s\u00edntomas para identificar esta enfermedad muchos de ellos relacionados con la capacidad motora.<\/li>\n<li>No hay una cura para esta enfermedad, pero hay tratamientos que ayudan a paliar los s\u00edntomas y la progresi\u00f3n.<\/li>\n<\/ul>\n<\/blockquote>\n","protected":false},"excerpt":{"rendered":"<p>La esclerosis m\u00faltiple es una enfermedad de car\u00e1cter cr\u00f3nico y degenerativo que afecta a muchas personas en Espa\u00f1a. La EM, por sus siglas, se relaciona con el sistema nervioso y afecta al cerebro y la m\u00e9dula espinal. La causa es que la materia blanca del cerebro y de la m\u00e9dula espinal no cumplen con su &#8230; <\/p>\n<p class=\"read-more-container\"><a title=\"Esclerosis m\u00faltiple: qu\u00e9 es, s\u00edntomas, tratamiento\" class=\"read-more button\" href=\"\/blog\/salud\/esclerosis-multiple\/#more-6816\" aria-label=\"Leer m\u00e1s sobre Esclerosis m\u00faltiple: qu\u00e9 es, s\u00edntomas, tratamiento\">Leer m\u00e1s<\/a><\/p>\n","protected":false},"author":3,"featured_media":6820,"comment_status":"closed","ping_status":"closed","sticky":false,"template":"","format":"standard","meta":{"_coblocks_attr":"","_coblocks_dimensions":"","_coblocks_responsive_height":"","_coblocks_accordion_ie_support":"","om_disable_all_campaigns":false,"_uf_show_specific_survey":0,"_uf_disable_surveys":false,"twitterCardType":"","cardImageID":0,"cardImage":"","cardTitle":"","cardDesc":"","cardImageAlt":"","cardPlayer":"","cardPlayerWidth":0,"cardPlayerHeight":0,"cardPlayerStream":"","cardPlayerCodec":"","footnotes":""},"categories":[3],"tags":[],"aioseo_notices":[],"featured_image_src":"\/blog\/wp-content\/uploads\/2019\/10\/Esclerosis-m\u00faltiple.jpg","featured_image_src_square":"\/blog\/wp-content\/uploads\/2019\/10\/Esclerosis-m\u00faltiple.jpg","author_info":{"display_name":"ASISA","author_link":"\/blog\/author\/pgomezdu\/"},"_links":{"self":[{"href":"\/blog\/wp-json\/wp\/v2\/posts\/6816"}],"collection":[{"href":"\/blog\/wp-json\/wp\/v2\/posts"}],"about":[{"href":"\/blog\/wp-json\/wp\/v2\/types\/post"}],"author":[{"embeddable":true,"href":"\/blog\/wp-json\/wp\/v2\/users\/3"}],"replies":[{"embeddable":true,"href":"\/blog\/wp-json\/wp\/v2\/comments?post=6816"}],"version-history":[{"count":3,"href":"\/blog\/wp-json\/wp\/v2\/posts\/6816\/revisions"}],"predecessor-version":[{"id":6821,"href":"\/blog\/wp-json\/wp\/v2\/posts\/6816\/revisions\/6821"}],"wp:featuredmedia":[{"embeddable":true,"href":"\/blog\/wp-json\/wp\/v2\/media\/6820"}],"wp:attachment":[{"href":"\/blog\/wp-json\/wp\/v2\/media?parent=6816"}],"wp:term":[{"taxonomy":"category","embeddable":true,"href":"\/blog\/wp-json\/wp\/v2\/categories?post=6816"},{"taxonomy":"post_tag","embeddable":true,"href":"\/blog\/wp-json\/wp\/v2\/tags?post=6816"}],"curies":[{"name":"wp","href":"https:\/\/api.w.org\/{rel}","templated":true}]}}