{"id":6737,"date":"2019-10-04T08:58:27","date_gmt":"2019-10-04T06:58:27","guid":{"rendered":"http:\/\/www.blogdeasisa.es\/?p=6737"},"modified":"2019-10-04T08:58:30","modified_gmt":"2019-10-04T06:58:30","slug":"como-cuidar-de-nuestra-mascota-con-en-otono","status":"publish","type":"post","link":"\/blog\/salud\/como-cuidar-de-nuestra-mascota-con-en-otono\/","title":{"rendered":"C\u00f3mo cuidar de nuestra mascota con la llegada del oto\u00f1o"},"content":{"rendered":"<p>Nuestras mascotas tambi\u00e9n sufren las consecuencias de los cambios de estaciones. Pero, sobre todo, la que m\u00e1s nos afecta (y les afecta) es el <strong>oto\u00f1o<\/strong>. \u00bfC\u00f3mo cuidar nuestra mascota en oto\u00f1o?<\/p>\n<p>Con el fin de la temporada de verano y las vacaciones, es tambi\u00e9n necesario que nuestras mascotas vuelvan a una <strong>rutina diaria<\/strong> que les permita tener una estabilidad y volver a las costumbres siguiendo unos horarios m\u00e1s o menos estables de comidas y horarios de sue\u00f1o.<\/p>\n<h2><strong>Problemas frecuentes y c\u00f3mo combatirlos:<\/strong><\/h2>\n<p>Para empezar, es muy importante llevarlo al <strong>veterinario<\/strong> para hacerle una revisi\u00f3n y <strong>desparasitarlo<\/strong>, dado que con los cambios de temperatura es cuando m\u00e1s aparecen los par\u00e1sitos. Adem\u00e1s, en esta \u00e9poca en la que las lluvias son frecuentes, si salimos a pasear con nuestras mascotas debemos evitar que beban agua de la calle ya que puede estar contaminada.<\/p>\n<p>Por otro lado, es tambi\u00e9n el periodo en el que muchos animales mudan de <a href=\"\/\/salud\/cuidado-pelo-mascotas\/\" target=\"_blank\" rel=\"noopener noreferrer\">pelo<\/a>, as\u00ed que hay que prestar atenci\u00f3n a su cuidado.<\/p>\n<h2><strong>Otros consejos para cuidar a nuestras mascotas en oto\u00f1o: <\/strong><\/h2>\n<ul>\n<li>Dedicarles tiempo despu\u00e9s del trabajo sac\u00e1ndolos a pasear y jugando con ellos. Solemos pasar mucho tiempo con nuestras mascotas durante el verano debido a las vacaciones pero con la vuelta al trabajo nuestra mascota puede sentir una sensaci\u00f3n de abandono o de <a href=\"\/\/salud\/ansiedad-por-separacion-en-mascotas\/\" target=\"_blank\" rel=\"noopener noreferrer\">soledad<\/a>.<\/li>\n<li>A las mascotas tambi\u00e9n les afecta los cambios de temperatura haciendo que su <strong>sistema inmune<\/strong> se debilite y puedan coger <a href=\"\/\/salud\/consejos-para-proteger-a-nuestras-mascotas-del-frio\/\" target=\"_blank\" rel=\"noopener noreferrer\">resfriados<\/a>. Por ello, podemos abrigarles antes de salir de casa, y asegurarnos de que duermen en un sitio acogedor y calentito.<\/li>\n<li>Cuidar la calidad de la <a href=\"\/\/salud\/que-es-la-dieta-barf\/\" target=\"_blank\" rel=\"noopener noreferrer\">alimentaci\u00f3n<\/a> de nuestras mascotas despu\u00e9s de los excesos de las vacaciones.<\/li>\n<li>Es recomendable que practiquen <a href=\"\/\/bienestar\/deporte\/deportes-para-perros\/\" target=\"_blank\" rel=\"noopener noreferrer\">actividad<\/a> de forma moderada y debemos evitar los h\u00e1bitos sedentarios.<\/li>\n<li>Una buena higiene es muy importante por lo que es necesario ba\u00f1arles y cuidarles con productos adecuados y espec\u00edficos para cada animal. No obstante, debemos tener cuidado y secarles bien cuando salgan de su ba\u00f1o para que no se resfr\u00eden.<\/li>\n<li>En el caso de las mascotas m\u00e1s mayores puede darse el caso de que sufran enfermedades relacionadas con los huesos ya que en esta \u00e9poca, sufren m\u00e1s. Por eso, hay que prestar especial atenci\u00f3n a sus comidas y a su estado de salud.<\/li>\n<\/ul>\n<blockquote><p><strong>Recuerda:<\/strong><\/p>\n<ul>\n<li>Los cambios de estaci\u00f3n, y consecuentemente de temperaturas, tambi\u00e9n afecta psicol\u00f3gica y f\u00edsicamente a nuestras mascotas.<\/li>\n<li>Se debe prestar especial atenci\u00f3n en esta \u00e9poca, dado que hay muchos par\u00e1sitos que pueden afectarles.<\/li>\n<li>El sistema inmune de los animales se debilita haciendo que sean propensos a refriarse coger catarros.<\/li>\n<\/ul>\n<\/blockquote>\n","protected":false},"excerpt":{"rendered":"<p>Nuestras mascotas tambi\u00e9n sufren las consecuencias de los cambios de estaciones. Pero, sobre todo, la que m\u00e1s nos afecta (y les afecta) es el oto\u00f1o. \u00bfC\u00f3mo cuidar nuestra mascota en oto\u00f1o? Con el fin de la temporada de verano y las vacaciones, es tambi\u00e9n necesario que nuestras mascotas vuelvan a una rutina diaria que les &#8230; <\/p>\n<p class=\"read-more-container\"><a title=\"C\u00f3mo cuidar de nuestra mascota con la llegada del oto\u00f1o\" class=\"read-more button\" href=\"\/blog\/salud\/como-cuidar-de-nuestra-mascota-con-en-otono\/#more-6737\" aria-label=\"Leer m\u00e1s sobre C\u00f3mo cuidar de nuestra mascota con la llegada del oto\u00f1o\">Leer m\u00e1s<\/a><\/p>\n","protected":false},"author":3,"featured_media":6741,"comment_status":"closed","ping_status":"closed","sticky":false,"template":"","format":"standard","meta":{"_coblocks_attr":"","_coblocks_dimensions":"","_coblocks_responsive_height":"","_coblocks_accordion_ie_support":"","om_disable_all_campaigns":false,"_uf_show_specific_survey":0,"_uf_disable_surveys":false,"twitterCardType":"","cardImageID":0,"cardImage":"","cardTitle":"","cardDesc":"","cardImageAlt":"","cardPlayer":"","cardPlayerWidth":0,"cardPlayerHeight":0,"cardPlayerStream":"","cardPlayerCodec":"","footnotes":""},"categories":[3],"tags":[],"aioseo_notices":[],"featured_image_src":"\/blog\/wp-content\/uploads\/2019\/10\/c\u00f3mo-cuidar-de-nuestra-mascota-en-oto\u00f1o.jpeg","featured_image_src_square":"\/blog\/wp-content\/uploads\/2019\/10\/c\u00f3mo-cuidar-de-nuestra-mascota-en-oto\u00f1o.jpeg","author_info":{"display_name":"ASISA","author_link":"\/blog\/author\/pgomezdu\/"},"_links":{"self":[{"href":"\/blog\/wp-json\/wp\/v2\/posts\/6737"}],"collection":[{"href":"\/blog\/wp-json\/wp\/v2\/posts"}],"about":[{"href":"\/blog\/wp-json\/wp\/v2\/types\/post"}],"author":[{"embeddable":true,"href":"\/blog\/wp-json\/wp\/v2\/users\/3"}],"replies":[{"embeddable":true,"href":"\/blog\/wp-json\/wp\/v2\/comments?post=6737"}],"version-history":[{"count":2,"href":"\/blog\/wp-json\/wp\/v2\/posts\/6737\/revisions"}],"predecessor-version":[{"id":6740,"href":"\/blog\/wp-json\/wp\/v2\/posts\/6737\/revisions\/6740"}],"wp:featuredmedia":[{"embeddable":true,"href":"\/blog\/wp-json\/wp\/v2\/media\/6741"}],"wp:attachment":[{"href":"\/blog\/wp-json\/wp\/v2\/media?parent=6737"}],"wp:term":[{"taxonomy":"category","embeddable":true,"href":"\/blog\/wp-json\/wp\/v2\/categories?post=6737"},{"taxonomy":"post_tag","embeddable":true,"href":"\/blog\/wp-json\/wp\/v2\/tags?post=6737"}],"curies":[{"name":"wp","href":"https:\/\/api.w.org\/{rel}","templated":true}]}}