{"id":6492,"date":"2019-07-30T08:50:12","date_gmt":"2019-07-30T06:50:12","guid":{"rendered":"http:\/\/www.blogdeasisa.es\/?p=6492"},"modified":"2019-08-08T13:24:12","modified_gmt":"2019-08-08T11:24:12","slug":"consejos-para-tener-unas-vacaciones-de-verano-mas-sostenibles","status":"publish","type":"post","link":"\/blog\/salud\/bienestar\/consejos-para-tener-unas-vacaciones-de-verano-mas-sostenibles\/","title":{"rendered":"Consejos para tener unas vacaciones de verano m\u00e1s sostenibles"},"content":{"rendered":"<p>Con la llegada de las vacaciones, los viajes, los cambios de rutina y no estar en casa o entorno habitual es f\u00e1cil <strong>olvidarnos de algunas costumbres<\/strong>. Tendemos a <strong>consumir m\u00e1s<\/strong> y podemos <strong>descuidar nuestro entorno<\/strong>. \u00bfC\u00f3mo podemos tener unas vacaciones sostenibles?<\/p>\n<p>Es importante siempre informarnos del lugar que vamos a visitar, sobre todo, sino es en Espa\u00f1a para tener en cuenta las leyes y las costumbres de ese sitio sobre el <strong>medioambiente<\/strong>.<\/p>\n<p>Tambi\u00e9n, a la hora de planear y escoger nuestro destino de vacaciones hay que considerar si nuestra estancia tendr\u00e1 un <strong>impacto positivo o negativo sobre la comunidad<\/strong> local de ese sitio.<\/p>\n<h2><strong>Consejos para ser m\u00e1s sostenibles en vacaciones:<\/strong><\/h2>\n<ul>\n<li>Para ahorrar papel, y siempre que sea posible, podemos llevar los billetes y reservas de forma electr\u00f3nica en el m\u00f3vil.<\/li>\n<li>Seleccionar bien lo que vamos a llevar. Es mejor viajar con pocas cosas y evitar sobrecargar los medios de transporte.<\/li>\n<li>Compartir coche para ahorrar en combustible y el impacto medioambiental.<\/li>\n<li>Uso del transporte p\u00fablico, siempre que sea posible. Tambi\u00e9n podemos usar la bicicleta para desplazarnos, un medio respetuoso con el <a href=\"\/\/rsc\/que-podemos-hacer-para-conservar-el-medio-ambiente\/\" target=\"_blank\" rel=\"noopener noreferrer\">medioambiente<\/a>.<\/li>\n<li>Si se puede, escoger el tren como medio de transporte antes que el coche o el avi\u00f3n ya que <strong>contamina.<\/strong><\/li>\n<li>Reducir el consumo de pl\u00e1stico y comida demasiado envasada que, adem\u00e1s, contiene m\u00e1s aditivos.<\/li>\n<li>No realizar actividades que impliquen distorsionar las pr\u00e1cticas cotidianas de los animales.<\/li>\n<li>Respetar el entorno en el que nos encontramos sin alterarlo y siempre recogiendo los desperdicios que generamos.<\/li>\n<li>Si escogemos un destino con <a href=\"\/\/bienestar\/deporte\/mejorar-salud-practicando-deporte-la-playa\/\" target=\"_blank\" rel=\"noopener noreferrer\">playa<\/a>, asegurarnos que no dejamos basura o desperdicios como <a href=\"\/\/salud\/fumar-perjudica-salud\/\" target=\"_blank\" rel=\"noopener noreferrer\">colillas<\/a>.<\/li>\n<li>Si decidimos escoger un destino natural, como una <a href=\"\/\/bienestar\/la-montana-verano-deportes-cuidados\/\" target=\"_blank\" rel=\"noopener noreferrer\">monta\u00f1a<\/a> o bosque, recordar el alto riesgo de incendios y evitar tirar cualquier cosa al suelo que pueda provocarlos.<\/li>\n<\/ul>\n<blockquote><p><strong>Recuerda:\u00a0<\/strong><\/p>\n<ul>\n<li>Las vacaciones de verano suelen ser una \u00e9poca en la que nos olvidamos de nuestras rutinas diarias.<\/li>\n<li>Aunque estemos de vacaciones no podemos olvidar el respeto y cuidado hacia nuestro entorno.<\/li>\n<li>Siempre debemos respetar el sitio que visitamos cuid\u00e1ndolo y no produciendo desechos que lo alteren.<\/li>\n<\/ul>\n<\/blockquote>\n","protected":false},"excerpt":{"rendered":"<p>Con la llegada de las vacaciones, los viajes, los cambios de rutina y no estar en casa o entorno habitual es f\u00e1cil olvidarnos de algunas costumbres. Tendemos a consumir m\u00e1s y podemos descuidar nuestro entorno. \u00bfC\u00f3mo podemos tener unas vacaciones sostenibles? Es importante siempre informarnos del lugar que vamos a visitar, sobre todo, sino es &#8230; <\/p>\n<p class=\"read-more-container\"><a title=\"Consejos para tener unas vacaciones de verano m\u00e1s sostenibles\" class=\"read-more button\" href=\"\/blog\/salud\/bienestar\/consejos-para-tener-unas-vacaciones-de-verano-mas-sostenibles\/#more-6492\" aria-label=\"Leer m\u00e1s sobre Consejos para tener unas vacaciones de verano m\u00e1s sostenibles\">Leer m\u00e1s<\/a><\/p>\n","protected":false},"author":3,"featured_media":6494,"comment_status":"closed","ping_status":"closed","sticky":false,"template":"","format":"standard","meta":{"_coblocks_attr":"","_coblocks_dimensions":"","_coblocks_responsive_height":"","_coblocks_accordion_ie_support":"","om_disable_all_campaigns":false,"_uf_show_specific_survey":0,"_uf_disable_surveys":false,"twitterCardType":"","cardImageID":0,"cardImage":"","cardTitle":"","cardDesc":"","cardImageAlt":"","cardPlayer":"","cardPlayerWidth":0,"cardPlayerHeight":0,"cardPlayerStream":"","cardPlayerCodec":"","footnotes":""},"categories":[4],"tags":[],"aioseo_notices":[],"featured_image_src":"\/blog\/wp-content\/uploads\/2019\/07\/vacaciones-sostenibles.jpeg","featured_image_src_square":"\/blog\/wp-content\/uploads\/2019\/07\/vacaciones-sostenibles.jpeg","author_info":{"display_name":"ASISA","author_link":"\/blog\/author\/pgomezdu\/"},"_links":{"self":[{"href":"\/blog\/wp-json\/wp\/v2\/posts\/6492"}],"collection":[{"href":"\/blog\/wp-json\/wp\/v2\/posts"}],"about":[{"href":"\/blog\/wp-json\/wp\/v2\/types\/post"}],"author":[{"embeddable":true,"href":"\/blog\/wp-json\/wp\/v2\/users\/3"}],"replies":[{"embeddable":true,"href":"\/blog\/wp-json\/wp\/v2\/comments?post=6492"}],"version-history":[{"count":2,"href":"\/blog\/wp-json\/wp\/v2\/posts\/6492\/revisions"}],"predecessor-version":[{"id":6495,"href":"\/blog\/wp-json\/wp\/v2\/posts\/6492\/revisions\/6495"}],"wp:featuredmedia":[{"embeddable":true,"href":"\/blog\/wp-json\/wp\/v2\/media\/6494"}],"wp:attachment":[{"href":"\/blog\/wp-json\/wp\/v2\/media?parent=6492"}],"wp:term":[{"taxonomy":"category","embeddable":true,"href":"\/blog\/wp-json\/wp\/v2\/categories?post=6492"},{"taxonomy":"post_tag","embeddable":true,"href":"\/blog\/wp-json\/wp\/v2\/tags?post=6492"}],"curies":[{"name":"wp","href":"https:\/\/api.w.org\/{rel}","templated":true}]}}