{"id":4835,"date":"2018-11-29T14:17:35","date_gmt":"2018-11-29T12:17:35","guid":{"rendered":"http:\/\/www.blogdeasisa.es\/?p=4835"},"modified":"2019-07-25T08:35:46","modified_gmt":"2019-07-25T06:35:46","slug":"vacuna-contra-el-acne","status":"publish","type":"post","link":"\/blog\/salud\/vacuna-contra-el-acne\/","title":{"rendered":"\u00bfEstamos cerca de la vacuna contra el acn\u00e9? Causas de esta enfermedad dermatol\u00f3gica"},"content":{"rendered":"<p><a href=\"\/\/salud\/acne-causas-tratamientos\/\" target=\"_blank\" rel=\"noopener noreferrer\">El acn\u00e9 com\u00fan<\/a> se trata de una afecci\u00f3n de <a href=\"\/\/salud\/debes-cuidar-piel\/\" target=\"_blank\" rel=\"noopener noreferrer\">la piel<\/a> que produce un aumento de las <strong>gl\u00e1ndulas seb\u00e1ceas<\/strong>. En consecuencia, se forman granos y espinillas que cubre una determinada parte del cuerpo como rostro (sobre todo barbilla, mejillas y frente), espalda, pecho o gl\u00fateos.<\/p>\n<p>Aunque existen m\u00e9todos para combatir esta enfermedad, como tratamientos t\u00f3picos o antibi\u00f3ticos en los casos de acn\u00e9 m\u00e1s grave, actualmente, se ha descubierto a una soluci\u00f3n que permite eliminar los antiest\u00e9ticos y dolorosos granos del todo: una <strong>vacuna contra el acn\u00e9<\/strong>.<\/p>\n<p>Un equipo de investigadores de la Universidad de California ha descubierto que, el uso de <strong>anticuerpos<\/strong> dirigidos contra la toxina producida por la bacteria que causa el acn\u00e9, puede reducir la inflamaci\u00f3n de las lesiones. Como es muy poco probable que esta vacuna tenga efectos secundarios, se considera una posible <strong>soluci\u00f3n eficaz&nbsp; contra la enfermedad<\/strong>.<\/p>\n<p>Ahora la misi\u00f3n de los cient\u00edficos es estudiar si se puede sintetizar estos anticuerpos a trav\u00e9s de una vacuna y valorar los efectos de estos anticuerpos en la microbioma de la<a href=\"\/\/salud\/conoce-piel-manchas-melanoma-y-cancer\/\" target=\"_blank\" rel=\"noopener noreferrer\"> piel<\/a>.<\/p>\n<h2><strong>\u00bfPor qu\u00e9 se produce el acn\u00e9?<\/strong><\/h2>\n<p>Los <strong>fol\u00edculos de la piel<\/strong> (o poros)&nbsp; contienen unas <strong>gl\u00e1ndulas seb\u00e1ceas<\/strong> que, como su nombre indica, producen sebo (la grasa que lubrica el pelo y la piel). Seg\u00fan vamos madurando, las hormonas corporales estimulan las gl\u00e1ndulas seb\u00e1ceas para que produzcan m\u00e1s de esta sustancia. Si hay exceso de ella y muchas c\u00e9lulas d\u00e9rmicas muertas, los poros se obstruyen, produciendo que las bacterias se queden atrapadas dentro de los poros y la piel se hinche y se enrojezca.<\/p>\n<h2><strong>S\u00edntomas del acn\u00e9: <\/strong><\/h2>\n<p>El acn\u00e9 puede manifestarse con varios tipos de lesiones las cuales aparecen, principalmente, en la cara&nbsp; espalda y hombros, ya que son las zonas m\u00e1s seborreicas del cuerpo. No obstante, pueden aparecer en cualquier parte del cuerpo.<\/p>\n<p>Los principales <strong>s\u00edntomas f\u00edsicos<\/strong> del acn\u00e9 son:<\/p>\n<ul>\n<li>Quistes, sobre todo cuando se trata de un acn\u00e9 grave.<\/li>\n<li>Costras con erupciones en la piel.<\/li>\n<li>P\u00fastulas (cavidad superficial llena de pus).<\/li>\n<li>Cicatrices en la piel.<\/li>\n<li>Enrojecimiento alrededor de las erupciones de la piel.<\/li>\n<li>Espinillas.<\/li>\n<li>Protuberancias peque\u00f1as y rojas.<\/li>\n<\/ul>\n<p>No obstante, el acn\u00e9 <strong>tambi\u00e9n puede afectar psicol\u00f3gicamente<\/strong> ya que es una enfermedad dif\u00edcil de ocultar y puede afectar a nuestra autoestima de las personas que lo sufren, lo cual puede derivar en<a href=\"\/\/salud\/evitar-depresion-otono\/\"> depresi\u00f3n<\/a>. Adem\u00e1s es una enfermedad que, muchas veces, perdura en la adultez e incluso se puede agravar con el <a href=\"\/\/salud\/introduccion-al-embarazo\/\">embarazo<\/a> o la <a href=\"\/\/salud\/dismenorrea-nos-afecta\/\">menstruaci\u00f3n<\/a>.<\/p>\n<h2><strong>Consejos para tratar el acn\u00e9:&nbsp;<\/strong><\/h2>\n<p>Es importante tener en cuenta algunos <strong>consejos para tratar el acn\u00e9<\/strong> en nuestro d\u00eda y d\u00eda para que su incidencia sea menor:<\/p>\n<ul>\n<li><strong>No tocarse la piel:<\/strong> normalmente nuestras manos son portadoras de bacterias lo que aumenta el riesgo de infecciones. Adem\u00e1s, si manipulamos las lesiones producidas por el acn\u00e9 estas pueden empeorar o dejarnos cicatrices en la piel.<\/li>\n<li>Limpiarnos el cutis con mascarillas: ayudan a eliminar la obstrucci\u00f3n de los poros.<\/li>\n<li>Utilizar cosm\u00e9ticos de consistencia no aceitosa y, sobre todo, los que incluyen la leyenda \u00abno comedog\u00e9nicos\u00bb, puesto que son los que no obstruyen los poros de la piel.<\/li>\n<li>Protegernos del sol <a href=\"\/\/salud\/consejos-para-aplicarnos-correctamente-el-protector-solar\/\" target=\"_blank\" rel=\"noopener noreferrer\">con fotoprotectores<\/a> adecuados para nuestra piel y as\u00ed evitar que las lesiones empeoren con la radiaci\u00f3n ultravioleta.<\/li>\n<li>Evitar que el pelo cubra la cara ya que la grasa del pelo puede ensuciar la piel.<\/li>\n<li>Afeitarse con cuidado para evitar que empeoren las lesiones.<\/li>\n<li>Seguir una <a href=\"\/\/bienestar\/los-beneficios-la-dieta-mediterranea\/\" target=\"_blank\" rel=\"noopener noreferrer\">dieta equilibra<\/a> y reduce al m\u00e1ximo aquellos alimentos con un alto \u00edndice gluc\u00e9mico, como los az\u00facares refinados.<\/li>\n<li>Acudir a nuestro dermat\u00f3logo para que nos aconseje el tratamiento adecuado para nuestro tipo de acn\u00e9.<\/li>\n<\/ul>\n<blockquote><p><strong>Recuerda: <\/strong><\/p>\n<ul>\n<li>Existe una posible soluci\u00f3n eficaz para el acn\u00e9.<\/li>\n<li>El acn\u00e9 se produce por la acumulaci\u00f3n de bacterias en los poros de la piel.<\/li>\n<li>Debemos limpiarnos la piel dos veces por semana y utilizar las cremas y medicamentos adecuados para nuestro tipo de piel.<\/li>\n<\/ul>\n<p>&nbsp;<\/p><\/blockquote>\n","protected":false},"excerpt":{"rendered":"<p>El acn\u00e9 com\u00fan se trata de una afecci\u00f3n de la piel que produce un aumento de las gl\u00e1ndulas seb\u00e1ceas. En consecuencia, se forman granos y espinillas que cubre una determinada parte del cuerpo como rostro (sobre todo barbilla, mejillas y frente), espalda, pecho o gl\u00fateos. Aunque existen m\u00e9todos para combatir esta enfermedad, como tratamientos t\u00f3picos &#8230; <\/p>\n<p class=\"read-more-container\"><a title=\"\u00bfEstamos cerca de la vacuna contra el acn\u00e9? Causas de esta enfermedad dermatol\u00f3gica\" class=\"read-more button\" href=\"\/blog\/salud\/vacuna-contra-el-acne\/#more-4835\" aria-label=\"Leer m\u00e1s sobre \u00bfEstamos cerca de la vacuna contra el acn\u00e9? Causas de esta enfermedad dermatol\u00f3gica\">Leer m\u00e1s<\/a><\/p>\n","protected":false},"author":3,"featured_media":6482,"comment_status":"open","ping_status":"open","sticky":false,"template":"","format":"standard","meta":{"_coblocks_attr":"","_coblocks_dimensions":"","_coblocks_responsive_height":"","_coblocks_accordion_ie_support":"","om_disable_all_campaigns":false,"_uf_show_specific_survey":0,"_uf_disable_surveys":false,"twitterCardType":"summary","cardImageID":0,"cardImage":"","cardTitle":"","cardDesc":"","cardImageAlt":"","cardPlayer":"","cardPlayerWidth":0,"cardPlayerHeight":0,"cardPlayerStream":"","cardPlayerCodec":"","footnotes":""},"categories":[3],"tags":[],"aioseo_notices":[],"featured_image_src":"\/blog\/wp-content\/uploads\/2018\/11\/acne-1.jpg","featured_image_src_square":"\/blog\/wp-content\/uploads\/2018\/11\/acne-1.jpg","author_info":{"display_name":"ASISA","author_link":"\/blog\/author\/pgomezdu\/"},"_links":{"self":[{"href":"\/blog\/wp-json\/wp\/v2\/posts\/4835"}],"collection":[{"href":"\/blog\/wp-json\/wp\/v2\/posts"}],"about":[{"href":"\/blog\/wp-json\/wp\/v2\/types\/post"}],"author":[{"embeddable":true,"href":"\/blog\/wp-json\/wp\/v2\/users\/3"}],"replies":[{"embeddable":true,"href":"\/blog\/wp-json\/wp\/v2\/comments?post=4835"}],"version-history":[{"count":2,"href":"\/blog\/wp-json\/wp\/v2\/posts\/4835\/revisions"}],"predecessor-version":[{"id":6483,"href":"\/blog\/wp-json\/wp\/v2\/posts\/4835\/revisions\/6483"}],"wp:featuredmedia":[{"embeddable":true,"href":"\/blog\/wp-json\/wp\/v2\/media\/6482"}],"wp:attachment":[{"href":"\/blog\/wp-json\/wp\/v2\/media?parent=4835"}],"wp:term":[{"taxonomy":"category","embeddable":true,"href":"\/blog\/wp-json\/wp\/v2\/categories?post=4835"},{"taxonomy":"post_tag","embeddable":true,"href":"\/blog\/wp-json\/wp\/v2\/tags?post=4835"}],"curies":[{"name":"wp","href":"https:\/\/api.w.org\/{rel}","templated":true}]}}