{"id":4696,"date":"2018-10-23T16:04:55","date_gmt":"2018-10-23T14:04:55","guid":{"rendered":"http:\/\/www.blogdeasisa.es\/?p=4696"},"modified":"2018-10-23T16:04:55","modified_gmt":"2018-10-23T14:04:55","slug":"terrores-nocturnos-sintomas-y-causas","status":"publish","type":"post","link":"\/blog\/salud\/terrores-nocturnos-sintomas-y-causas\/","title":{"rendered":"Terrores nocturnos en ni\u00f1os: qu\u00e9 son, s\u00edntomas, posibles causas"},"content":{"rendered":"<p>Los terrores nocturnos son muy diferentes a las pesadillas, puesto que con estas \u00faltimas, cuando nos despertamos s\u00f3lo recordamos algunos detalles. En cambio, cuando los ni\u00f1os sufren un episodio de terror, no suelen recordar nada cuando se despiertan.<\/p>\n<h2>\u00bfPero, qu\u00e9 son los terrores nocturnos exactamente?<\/h2>\n<p>Los terrores nocturnos son una <strong>parasomnia<\/strong>, es decir, una experiencia no deseada durante el sue\u00f1o. Los s\u00edntomas van desde episodios de gritos y miedo intenso hasta agitaci\u00f3n del cuerpo mientras dormimos. Estos episodios pueden durar incluso varios minutos, aunque tambi\u00e9n pueden \u00a0extenderse durante m\u00e1s tiempo.<\/p>\n<h2><strong>S\u00edntomas de los terrores nocturnos<\/strong><\/h2>\n<p>Estos episodios suelen producirse entre el primer tercio y la primera mitad de la noche y es poco com\u00fan que ocurran durante las siestas. Adem\u00e1s, estos episodios pueden venir acompa\u00f1ados de <strong>sonambulismo<\/strong>.<\/p>\n<p>Debemos estar alerta si nuestro hijo sufre algunos de estos s\u00edntomas:<\/p>\n<ul>\n<li>Si grita de forma atemorizante.<\/li>\n<li>Si se sienta en la cama asustado.<\/li>\n<li>Mira fijamente y con los ojos muy abiertos.<\/li>\n<li>Si transpira, respira pesadamente y tiene el pulso acelerado, la cara ruborizada y las pupilas dilatadas.<\/li>\n<li>Si patea y pega a su alrededor.<\/li>\n<li>Cuando le cuesta despertar y, cuando lo hace, se muestra confundido.<\/li>\n<li>Cuando es dif\u00edcil de consolar.<\/li>\n<li>No recuerda el suceso a la ma\u00f1ana siguiente o tiene pocos recuerdos de este.<\/li>\n<li>Puede incluso salir de la cama y correr por la casa.<\/li>\n<li>Tiene una conducta agresiva.<\/li>\n<\/ul>\n<h2><strong>Causas de los terrores nocturnos<\/strong><\/h2>\n<p>Aunque los <strong>terrores nocturnos<\/strong> no suelen tener un tratamiento y la mayor\u00eda de los ni\u00f1os los superan antes de la adolescencia, si estos provocan problemas de seguridad, lesiones, s\u00edntomas diurnos de somnolencia excesiva o problemas para cumplir con las tareas debemos consultarlo con el m\u00e9dico.<\/p>\n<p>Algunos de los factores m\u00e1s comunes que provocan la aparici\u00f3n de los terrores nocturnos son: Privaci\u00f3n del sue\u00f1o y cansancio extremo, estr\u00e9s, interrupci\u00f3n del horario de <a href=\"\/\/salud\/sueno-y-salud\/\" target=\"_blank\" rel=\"noopener\">sue\u00f1o<\/a> y fiebre.<\/p>\n<p>A veces, los terrores nocturnos aparecen debido a otras afecciones que afectan al sue\u00f1o como:<\/p>\n<ul>\n<li>Trastornos que comprenden patrones anormales de respiraci\u00f3n durante el sue\u00f1o. El m\u00e1s frecuente es la <a href=\"\/\/salud\/la-apnea-del-sueno-tratamientos\/\" target=\"_blank\" rel=\"noopener\"><strong>apnea<\/strong><\/a><strong> obstructiva del sue\u00f1o<\/strong>.<\/li>\n<li>S\u00edndrome de piernas inquietas<\/li>\n<li>Algunos medicamentos<\/li>\n<li>Trastornos del estado de \u00e1nimo, como la <a href=\"\/\/salud\/evitar-depresion-otono\/\" target=\"_blank\" rel=\"noopener\">depresi\u00f3n<\/a> y la ansiedad<\/li>\n<\/ul>\n<p>Estos terrores nocturnos son m\u00e1s frecuentes en mujeres o si alguno de nuestros familiares ha experimentado sonambulismo.<\/p>\n<h2><strong>T\u00e1cticas para evitar los terrores nocturnos<\/strong><\/h2>\n<p>Podemos establecer una serie de pautas para ayudar a nuestro hijo para no sufrir terrores nocturnos:<\/p>\n<ul>\n<li>Establecer un <strong>horario regular para dormir<\/strong>. La fatiga puede contribuir a causar los terrores nocturnos.<\/li>\n<li><strong>Realizar actividades tranquilas antes de irse a dormir<\/strong> como leer, resolver rompecabezas o tomar un ba\u00f1o tibio.<\/li>\n<li>Tomar <strong>medidas de seguridad en nuestro entorno<\/strong> como cerrar todas las ventanas y puertas exteriores por la noche.<\/li>\n<li>C<strong>ontrolar el estr\u00e9s con la ayuda<\/strong> de un psic\u00f3logo o hablando con \u00e9l sobre lo que le preocupa.<\/li>\n<li>Llevar un <strong>registro diario del sue\u00f1o<\/strong>.<\/li>\n<\/ul>\n<blockquote><p>Recuerda:<\/p>\n<ul>\n<li>Aunque no tiene tratamiento, si produce lesiones, somnolencia, o problemas de seguridad debemos consultarlo con nuestro m\u00e9dico.<\/li>\n<li>Si nuestro hijo sufre estr\u00e9s o duerme poco podr\u00eda sufrir terrores nocturnos.<\/li>\n<li>Debemos establecer un horario regular del sue\u00f1o para que nuestro hijo no sufra estos episodios.<\/li>\n<\/ul>\n<p>&nbsp;<\/p><\/blockquote>\n","protected":false},"excerpt":{"rendered":"<p>Los terrores nocturnos son muy diferentes a las pesadillas, puesto que con estas \u00faltimas, cuando nos despertamos s\u00f3lo recordamos algunos detalles. En cambio, cuando los ni\u00f1os sufren un episodio de terror, no suelen recordar nada cuando se despiertan. \u00bfPero, qu\u00e9 son los terrores nocturnos exactamente? Los terrores nocturnos son una parasomnia, es decir, una experiencia &#8230; <\/p>\n<p class=\"read-more-container\"><a title=\"Terrores nocturnos en ni\u00f1os: qu\u00e9 son, s\u00edntomas, posibles causas\" class=\"read-more button\" href=\"\/blog\/salud\/terrores-nocturnos-sintomas-y-causas\/#more-4696\" aria-label=\"Leer m\u00e1s sobre Terrores nocturnos en ni\u00f1os: qu\u00e9 son, s\u00edntomas, posibles causas\">Leer m\u00e1s<\/a><\/p>\n","protected":false},"author":3,"featured_media":4697,"comment_status":"open","ping_status":"open","sticky":false,"template":"","format":"standard","meta":{"_coblocks_attr":"","_coblocks_dimensions":"","_coblocks_responsive_height":"","_coblocks_accordion_ie_support":"","om_disable_all_campaigns":false,"_uf_show_specific_survey":0,"_uf_disable_surveys":false,"twitterCardType":"summary","cardImageID":0,"cardImage":"","cardTitle":"","cardDesc":"","cardImageAlt":"","cardPlayer":"","cardPlayerWidth":0,"cardPlayerHeight":0,"cardPlayerStream":"","cardPlayerCodec":"","footnotes":""},"categories":[3],"tags":[],"aioseo_notices":[],"featured_image_src":"\/blog\/wp-content\/uploads\/2018\/10\/terrores.jpg","featured_image_src_square":"\/blog\/wp-content\/uploads\/2018\/10\/terrores.jpg","author_info":{"display_name":"ASISA","author_link":"\/blog\/author\/pgomezdu\/"},"_links":{"self":[{"href":"\/blog\/wp-json\/wp\/v2\/posts\/4696"}],"collection":[{"href":"\/blog\/wp-json\/wp\/v2\/posts"}],"about":[{"href":"\/blog\/wp-json\/wp\/v2\/types\/post"}],"author":[{"embeddable":true,"href":"\/blog\/wp-json\/wp\/v2\/users\/3"}],"replies":[{"embeddable":true,"href":"\/blog\/wp-json\/wp\/v2\/comments?post=4696"}],"version-history":[{"count":1,"href":"\/blog\/wp-json\/wp\/v2\/posts\/4696\/revisions"}],"predecessor-version":[{"id":4698,"href":"\/blog\/wp-json\/wp\/v2\/posts\/4696\/revisions\/4698"}],"wp:featuredmedia":[{"embeddable":true,"href":"\/blog\/wp-json\/wp\/v2\/media\/4697"}],"wp:attachment":[{"href":"\/blog\/wp-json\/wp\/v2\/media?parent=4696"}],"wp:term":[{"taxonomy":"category","embeddable":true,"href":"\/blog\/wp-json\/wp\/v2\/categories?post=4696"},{"taxonomy":"post_tag","embeddable":true,"href":"\/blog\/wp-json\/wp\/v2\/tags?post=4696"}],"curies":[{"name":"wp","href":"https:\/\/api.w.org\/{rel}","templated":true}]}}