{"id":4300,"date":"2018-07-05T09:17:24","date_gmt":"2018-07-05T07:17:24","guid":{"rendered":"http:\/\/www.blogdeasisa.es\/?p=4300"},"modified":"2018-07-05T09:17:24","modified_gmt":"2018-07-05T07:17:24","slug":"alopecia-tipos-causas-y-consecuencias","status":"publish","type":"post","link":"\/blog\/salud\/alopecia-tipos-causas-y-consecuencias\/","title":{"rendered":"La alopecia: tipos, causas y consecuencias"},"content":{"rendered":"<p><strong>Ca\u00edda del cabello<\/strong>, p\u00e9rdida de densidad o de fuerza y una disminuci\u00f3n del volumen, son algunas de las alertas que nos da nuestro cuerpo para avisarnos de que algo no funciona correctamente. Tomarse en serio estos s\u00edntomas y acudir a un especialista puede ayudarnos a combatir la <strong>alopecia femenina<\/strong>.<\/p>\n<h2><strong>Los tipos de alopecia m\u00e1s comunes<\/strong><\/h2>\n<p>A pesar de que la alopecia afecta a ambos sexos. En el caso de las mujeres tiene unos efectos m\u00e1s graves como consecuencia del <strong>estigma<\/strong> social que existe en torno a esta enfermedad. Hay varios tipos de p\u00e9rdida del cabello, siendo los m\u00e1s comunes:<\/p>\n<ul>\n<li><strong>Androgen\u00e9tica<\/strong>: tiene un origen gen\u00e9tico y las mujeres experimentamos una disminuci\u00f3n de la densidad y la aparici\u00f3n de zonas m\u00e1s clareadas en la cabeza.<\/li>\n<li><strong>Cicatricial: <\/strong>provoca el debilitamiento de los <strong>fol\u00edculos<\/strong> capilares de forma irreversible. Y suele ser una consecuencia de otras enfermedades.<\/li>\n<li><strong>Difusa: <\/strong>se trata de la p\u00e9rdida del volumen del cabello sin afectar a una zona concreta. En un grado m\u00e1s grave de la enfermedad podemos llegar a experimentar la p\u00e9rdida total del cabello.<\/li>\n<li><strong>Androg\u00e9nica<\/strong>: se produce por desajustes o problemas hormonales que afectan a los <strong>fol\u00edculos pilosos<\/strong>, que disminuyen su producci\u00f3n. Esta patolog\u00eda se caracteriza por mantener intacta la zona del flequillo mientras que el resto de la cabeza presenta zonas calvas.<\/li>\n<li><strong>Areata<\/strong>: se manifiesta a trav\u00e9s de grandes calvas circulares. A pesar de que se desconocen sus causas, las principales teor\u00edas apuntan a un factor hereditario o a un fallo del <strong>sistema inmunol\u00f3gico.<\/strong><\/li>\n<\/ul>\n<h2><strong>Causas de la alopecia<\/strong><\/h2>\n<p>A menudo la alopecia femenina se puede presentar en momentos de nuestra vida en los que tengamos una <a href=\"\/\/salud\/hormonas-que-ayudan-controlar-peso\/\" target=\"_blank\" rel=\"noopener\">actividad hormonal<\/a> fuera de lo habitual. El <strong>embarazo<\/strong> o la <a href=\"\/\/salud\/12-sintomas-la-menopausia\/\" target=\"_blank\" rel=\"noopener\"><strong>menopausia<\/strong><\/a> son per\u00edodos en los que somos m\u00e1s sensibles. A s\u00ed mismo, la incidencia gen\u00e9tica es una de las causas asociadas a la enfermedad.<\/p>\n<p>Adem\u00e1s, hay factores externos que pueden convertirnos en poblaci\u00f3n de riesgo. La <strong>contaminaci\u00f3n<\/strong>, el <strong>estr\u00e9s<\/strong> o mantener unos h\u00e1bitos de vida insanos, como una mala alimentaci\u00f3n o el tabaco. As\u00ed mismo, una higiene descuidada del cabello o el abuso de productos de peluquer\u00eda.<\/p>\n<h2><strong>Consecuencias<\/strong><\/h2>\n<p>El hecho de que se trate de una enfermedad con un reflejo externo tiene asociadas una serie de problemas psicol\u00f3gicos. Es normal que en caso de su padecimiento experimentemos una p\u00e9rdida de autoestima, <strong>inseguridad<\/strong>, <strong>ansiedad<\/strong> o <a href=\"\/\/salud\/evitar-depresion-otono\/\" target=\"_blank\" rel=\"noopener\"><strong>depresi\u00f3n<\/strong><\/a>.<\/p>\n<blockquote><p><strong>Recuerda<\/strong><\/p>\n<ul>\n<li>Existen varios tipos de alopecia como la androgen\u00e9tica, cicatricial o areata.<\/li>\n<li>Entre sus causas destaca la gen\u00e9tica, los problemas hormonales o el abuso de productos qu\u00edmicos en el cabello.<\/li>\n<\/ul>\n<p>&nbsp;<\/p><\/blockquote>\n","protected":false},"excerpt":{"rendered":"<p>Ca\u00edda del cabello, p\u00e9rdida de densidad o de fuerza y una disminuci\u00f3n del volumen, son algunas de las alertas que nos da nuestro cuerpo para avisarnos de que algo no funciona correctamente. Tomarse en serio estos s\u00edntomas y acudir a un especialista puede ayudarnos a combatir la alopecia femenina. Los tipos de alopecia m\u00e1s comunes &#8230; <\/p>\n<p class=\"read-more-container\"><a title=\"La alopecia: tipos, causas y consecuencias\" class=\"read-more button\" href=\"\/blog\/salud\/alopecia-tipos-causas-y-consecuencias\/#more-4300\" aria-label=\"Leer m\u00e1s sobre La alopecia: tipos, causas y consecuencias\">Leer m\u00e1s<\/a><\/p>\n","protected":false},"author":3,"featured_media":4302,"comment_status":"open","ping_status":"open","sticky":false,"template":"","format":"standard","meta":{"_coblocks_attr":"","_coblocks_dimensions":"","_coblocks_responsive_height":"","_coblocks_accordion_ie_support":"","om_disable_all_campaigns":false,"_uf_show_specific_survey":0,"_uf_disable_surveys":false,"twitterCardType":"summary","cardImageID":0,"cardImage":"","cardTitle":"","cardDesc":"","cardImageAlt":"","cardPlayer":"","cardPlayerWidth":0,"cardPlayerHeight":0,"cardPlayerStream":"","cardPlayerCodec":"","footnotes":""},"categories":[3],"tags":[],"aioseo_notices":[],"featured_image_src":"\/blog\/wp-content\/uploads\/2018\/07\/alopecia.jpg","featured_image_src_square":"\/blog\/wp-content\/uploads\/2018\/07\/alopecia.jpg","author_info":{"display_name":"ASISA","author_link":"\/blog\/author\/pgomezdu\/"},"_links":{"self":[{"href":"\/blog\/wp-json\/wp\/v2\/posts\/4300"}],"collection":[{"href":"\/blog\/wp-json\/wp\/v2\/posts"}],"about":[{"href":"\/blog\/wp-json\/wp\/v2\/types\/post"}],"author":[{"embeddable":true,"href":"\/blog\/wp-json\/wp\/v2\/users\/3"}],"replies":[{"embeddable":true,"href":"\/blog\/wp-json\/wp\/v2\/comments?post=4300"}],"version-history":[{"count":1,"href":"\/blog\/wp-json\/wp\/v2\/posts\/4300\/revisions"}],"predecessor-version":[{"id":4301,"href":"\/blog\/wp-json\/wp\/v2\/posts\/4300\/revisions\/4301"}],"wp:featuredmedia":[{"embeddable":true,"href":"\/blog\/wp-json\/wp\/v2\/media\/4302"}],"wp:attachment":[{"href":"\/blog\/wp-json\/wp\/v2\/media?parent=4300"}],"wp:term":[{"taxonomy":"category","embeddable":true,"href":"\/blog\/wp-json\/wp\/v2\/categories?post=4300"},{"taxonomy":"post_tag","embeddable":true,"href":"\/blog\/wp-json\/wp\/v2\/tags?post=4300"}],"curies":[{"name":"wp","href":"https:\/\/api.w.org\/{rel}","templated":true}]}}