{"id":4257,"date":"2018-06-21T10:01:04","date_gmt":"2018-06-21T08:01:04","guid":{"rendered":"http:\/\/www.blogdeasisa.es\/?p=4257"},"modified":"2018-06-21T10:01:21","modified_gmt":"2018-06-21T08:01:21","slug":"8-recomendaciones-para-proteger-a-nuestros-hijos-del-sol-en-verano","status":"publish","type":"post","link":"\/blog\/salud\/8-recomendaciones-para-proteger-a-nuestros-hijos-del-sol-en-verano\/","title":{"rendered":"8 recomendaciones para proteger a nuestros hijos del sol en verano"},"content":{"rendered":"<p><strong>Cuidar de\u00a0 nuestros ni\u00f1os<\/strong> es lo m\u00e1s importante para nosotros durante todo el a\u00f1o. Pero cuando llegan las altas temperaturas, debemos extremar las precauciones. La <a href=\"\/\/salud\/debes-cuidar-piel\/\" target=\"_blank\" rel=\"noopener\">piel<\/a> de los m\u00e1s peque\u00f1os es m\u00e1s sensible y tienen m\u00e1s posibilidades de sufrir una insolaci\u00f3n o un <strong>golpe de calor<\/strong>. Una buena crema solar y ropa adecuada son fundamentales.<\/p>\n<h2><strong>Recomendaciones para el verano<\/strong><\/h2>\n<p>Durante los meses de calor hay que tener especial cuidado con los peque\u00f1os de la casa, pero no solo en la playa. Pasear por el parque, estar en una terraza o viajar en el coche a altas temperaturas, pueden causar <a href=\"\/\/salud\/enfermedades-de-verano\/\" target=\"_blank\" rel=\"noopener\">da\u00f1os<\/a> a nuestros hijos. Para que podamos disfrutar de nuestra familia durante las vacaciones sin contratiempos, es recomendable seguir una serie de pasos:<\/p>\n<ol>\n<li>En cuanto a la ropa es mejor usar tejidos como el algod\u00f3n y ropa clara. No debemos olvidarnos de la visera o sombrero y las gafas de sol.<\/li>\n<li>La <a href=\"\/\/bienestar\/los-beneficios-beber-agua\/\" target=\"_blank\" rel=\"noopener\">hidrataci\u00f3n<\/a> es fundamental. El agua, los <a href=\"\/\/bienestar\/alimentacion\/alimentos-frios-verano\/\" target=\"_blank\" rel=\"noopener\">alimentos frescos<\/a> como la <a href=\"\/\/bienestar\/alimentacion\/alimento-del-mes-la-sandia\/\" target=\"_blank\" rel=\"noopener\">sand\u00eda<\/a> o el mel\u00f3n, son lo m\u00e1s aconsejable.<\/li>\n<li>Es recomendable evitar las horas centrales del d\u00eda donde el sol tiene m\u00e1s fuerza y es posible sufrir un <a href=\"\/\/salud\/como-evitar-los-golpes-calor\/\" target=\"_blank\" rel=\"noopener\">golpe de calor<\/a> o una insolaci\u00f3n.<\/li>\n<li>Si tiene menos de seis meses, es mejor no exponerlo directamente. Es recomendable usar <a href=\"\/\/salud\/consejos-para-aplicarnos-correctamente-el-protector-solar\/\"><strong>protectores solares minerales<\/strong>.<\/a><\/li>\n<li>Para evitar problemas oculares en el futuro, es mejor ponerles <strong>gafas de sol. <\/strong>Deben estar\u00a0homologadas y los cristales filtrar al menos el 90% de los <strong>rayos UVA y UVB.<\/strong><\/li>\n<li>Algunos tipos de superficies \u2013agua, arena, nieve, hierba\u2013 reflejan las <strong>radiaciones solares<\/strong>, por lo que tenemos que protegerlos en todo momento.<\/li>\n<li>No todas las cremas solares protegen a nuestro hijo de la misma manera. Es necesario elegir un<strong> fotoprotector infantil<\/strong> que sea resistente al agua y con una protecci\u00f3n +50. Debemos aplicarlo cada dos horas y tras cada ba\u00f1o.<\/li>\n<li>Necesitamos que nuestros hijos sepan tambi\u00e9n que deben echarse crema. Para ello, tenemos que ense\u00f1arles y protegernos nosotros para darles un buen ejemplo.<\/li>\n<\/ol>\n<p>Las radiaciones solares son peligrosas durante todo el a\u00f1o, no solo en verano, por lo que debemos cuidar a nuestro hijo tambi\u00e9n en la \u00e9poca escolar o cuando realicemos alguna excursi\u00f3n en el campo, en la nieve o en los d\u00edas nublados.<\/p>\n<blockquote><p><strong>\u00a0<\/strong><strong>Recuerda: <\/strong><\/p>\n<ul>\n<li>Debemos vestir a nuestro hijo con la ropa adecuada, sin olvidarnos del gorro, las gafas y la crema solar.<\/li>\n<li>Es necesario que no se exponga en las horas centrales del sol ya que es cuando los rayos solares son m\u00e1s fuertes.<\/li>\n<li>Hidratarle adecuadamente puede evitar que nuestro hijo sufra un golpe de calor o una insolaci\u00f3n.<\/li>\n<\/ul>\n<p>&nbsp;<\/p><\/blockquote>\n","protected":false},"excerpt":{"rendered":"<p>Cuidar de\u00a0 nuestros ni\u00f1os es lo m\u00e1s importante para nosotros durante todo el a\u00f1o. Pero cuando llegan las altas temperaturas, debemos extremar las precauciones. La piel de los m\u00e1s peque\u00f1os es m\u00e1s sensible y tienen m\u00e1s posibilidades de sufrir una insolaci\u00f3n o un golpe de calor. Una buena crema solar y ropa adecuada son fundamentales. &#8230; <\/p>\n<p class=\"read-more-container\"><a title=\"8 recomendaciones para proteger a nuestros hijos del sol en verano\" class=\"read-more button\" href=\"\/blog\/salud\/8-recomendaciones-para-proteger-a-nuestros-hijos-del-sol-en-verano\/#more-4257\" aria-label=\"Leer m\u00e1s sobre 8 recomendaciones para proteger a nuestros hijos del sol en verano\">Leer m\u00e1s<\/a><\/p>\n","protected":false},"author":3,"featured_media":4267,"comment_status":"open","ping_status":"open","sticky":false,"template":"","format":"standard","meta":{"_coblocks_attr":"","_coblocks_dimensions":"","_coblocks_responsive_height":"","_coblocks_accordion_ie_support":"","om_disable_all_campaigns":false,"_uf_show_specific_survey":0,"_uf_disable_surveys":false,"twitterCardType":"summary","cardImageID":0,"cardImage":"","cardTitle":"","cardDesc":"","cardImageAlt":"","cardPlayer":"","cardPlayerWidth":0,"cardPlayerHeight":0,"cardPlayerStream":"","cardPlayerCodec":"","footnotes":""},"categories":[3],"tags":[],"aioseo_notices":[],"featured_image_src":"\/blog\/wp-content\/uploads\/2018\/06\/sol.jpg","featured_image_src_square":"\/blog\/wp-content\/uploads\/2018\/06\/sol.jpg","author_info":{"display_name":"ASISA","author_link":"\/blog\/author\/pgomezdu\/"},"_links":{"self":[{"href":"\/blog\/wp-json\/wp\/v2\/posts\/4257"}],"collection":[{"href":"\/blog\/wp-json\/wp\/v2\/posts"}],"about":[{"href":"\/blog\/wp-json\/wp\/v2\/types\/post"}],"author":[{"embeddable":true,"href":"\/blog\/wp-json\/wp\/v2\/users\/3"}],"replies":[{"embeddable":true,"href":"\/blog\/wp-json\/wp\/v2\/comments?post=4257"}],"version-history":[{"count":9,"href":"\/blog\/wp-json\/wp\/v2\/posts\/4257\/revisions"}],"predecessor-version":[{"id":4266,"href":"\/blog\/wp-json\/wp\/v2\/posts\/4257\/revisions\/4266"}],"wp:featuredmedia":[{"embeddable":true,"href":"\/blog\/wp-json\/wp\/v2\/media\/4267"}],"wp:attachment":[{"href":"\/blog\/wp-json\/wp\/v2\/media?parent=4257"}],"wp:term":[{"taxonomy":"category","embeddable":true,"href":"\/blog\/wp-json\/wp\/v2\/categories?post=4257"},{"taxonomy":"post_tag","embeddable":true,"href":"\/blog\/wp-json\/wp\/v2\/tags?post=4257"}],"curies":[{"name":"wp","href":"https:\/\/api.w.org\/{rel}","templated":true}]}}