{"id":4227,"date":"2018-06-13T08:53:41","date_gmt":"2018-06-13T06:53:41","guid":{"rendered":"http:\/\/www.blogdeasisa.es\/?p=4227"},"modified":"2018-06-12T16:49:20","modified_gmt":"2018-06-12T14:49:20","slug":"conoce-piel-manchas-melanoma-y-cancer","status":"publish","type":"post","link":"\/blog\/salud\/conoce-piel-manchas-melanoma-y-cancer\/","title":{"rendered":"Conoce tu piel: manchas, melanoma y c\u00e1ncer"},"content":{"rendered":"<p>Con la llegada del buen tiempo y los planes para salir es necesario conocer los riegos a los que exponemos nuestra <a href=\"\/\/salud\/inflamacion-de-la-piel-durante-el-verano\/\" target=\"_blank\" rel=\"noopener\">piel<\/a>. Debemos ser conscientes de que tomar el sol sin la protecci\u00f3n adecuada puede producirnos <strong>manchas<\/strong> y provocar enfermedades muy peligrosas como el <strong>melanoma<\/strong>.<\/p>\n<h2><strong>\u00bfPor qu\u00e9 aparecen las manchas?<\/strong><\/h2>\n<p>Las manchas pueden aparecer por factores externos, como la exposici\u00f3n al sol o los antibi\u00f3ticos, o por gen\u00e9tica, envejecimiento cut\u00e1neo o embarazo. Seg\u00fan el tipo de mancha, estas pueden presentarse de distinta forma y modo:<\/p>\n<ul>\n<li><strong>Pecas:<\/strong> generalmente aparecen por <strong>predisposici\u00f3n gen\u00e9tica<\/strong>, aunque con la exposici\u00f3n al sol se acent\u00faan. Se presentan en las zonas m\u00e1s expuestas al sol como los brazos, mejillas o cuello. Estas manchas no suponen un peligro para la salud.<\/li>\n<li><strong>Lunares: <\/strong>no es necesario tratarlos excepto cuando sospechamos que hay una alteraci\u00f3n histol\u00f3gica (cambios de coloraci\u00f3n, bordes irregulares, crecimiento, etc\u00e9tera) ya que dichos cambios pueden ser <strong>s\u00edntomas de melanoma<\/strong>.<\/li>\n<li><strong>Lentigos: <\/strong>manchas m\u00e1s grandes y oscuras que las pecas. Tiene un tama\u00f1o que puede ir desde los pocos mil\u00edmetros hasta los 2 cent\u00edmetros. Su aparici\u00f3n no suele estar relacionada con la <strong>exposici\u00f3n al sol<\/strong> y se encuentran en cualquier parte del cuerpo.<\/li>\n<li><strong style=\"font-size: 14px;\">Lentigos solares<\/strong><span style=\"font-size: 14px;\">: manchas m\u00e1s oscuras que los lentigos simples. Se muestran en las zonas que est\u00e1n m\u00e1s expuestas al sol como la cara, el escote, las manos o los antebrazos.<\/span><\/li>\n<li><strong>Melasma:<\/strong> m\u00e1s comunes en las mujeres. Puede empeorar a <strong>causa del embarazo<\/strong>, la menopausia o la toma de anticonceptivos. Las zonas donde aparece son la frente, las mejillas y otras zonas de la cara.<\/li>\n<li><strong style=\"font-size: 14px;\">Vit\u00edligo:<\/strong> <strong style=\"font-size: 14px;\">enfermedad degenerativa<\/strong><span style=\"font-size: 14px;\"> que provoca la decoloraci\u00f3n de la piel. Aparece alrededor de los ojos, nariz, boca, en las manos y las piernas. Muchas veces se relaciona como una <\/span><strong style=\"font-size: 14px;\">enfermedad autoinmune<\/strong><span style=\"font-size: 14px;\"> pese que a sea una <\/span><strong style=\"font-size: 14px;\">enfermedad de la tiroides.<\/strong><\/li>\n<li><strong>Melanoma:<\/strong> se presenta como un lunar aunque se trata de un <strong>tumor maligno<\/strong>. Por ello, debemos ir al m\u00e9dico si percibimos que la mancha crece, sus bordes son irregulares o tiene una pigmentaci\u00f3n excesiva en algunas zonas.<\/li>\n<\/ul>\n<h2><strong>\u00bfC\u00f3mo prevenir las manchas de la piel?<\/strong><\/h2>\n<p>Es necesario tener mayor cuidado de nuestra piel en las zonas m\u00e1s expuestas al sol. No todos los <a href=\"\/\/salud\/enfermedades-de-verano\/\" target=\"_blank\" rel=\"noopener\">melanomas<\/a> se pueden prevenir, pero podemos tomar medidas para reducir el riesgo de padecerlo.<\/p>\n<ul>\n<li><strong>Utilizar protecci\u00f3n solar siempre<\/strong> que salgamos a la calle para protegernos de los rayos UV.<\/li>\n<li><strong>Revisar los lunares<\/strong>: si notamos que un lunar o mancha aparece de repente y adem\u00e1s cambia de tama\u00f1o y color, debemos consultar siempre con nuestro m\u00e9dico.<\/li>\n<li><strong>No tomar el sol en las horas centrales<\/strong> del d\u00eda y nos aplicar <a href=\"\/\/salud\/consejos-para-aplicarnos-correctamente-el-protector-solar\/\" target=\"_blank\" rel=\"noopener\">fotoprotecci\u00f3n<\/a> cada 2 horas.<\/li>\n<li>Evitar las <strong>c\u00e1maras bronceadoras<\/strong>, ya que \u00e9stas utilizan rayos ultravioleta mucho m\u00e1s fuertes que si te expones al sol.<\/li>\n<li>Es necesario <strong>acudir al dermat\u00f3logo al menos una vez al a\u00f1o<\/strong> para que realice un examen y <strong>auto examinarnos<\/strong> minuciosamente una vez al mes.<\/li>\n<li>Aunque las <strong>pruebas gen\u00e9ticas<\/strong> no siempre proporcionen resultados claros, debemos hacernos una si tenemos familiares que han padecido un melanoma.<\/li>\n<\/ul>\n<blockquote><p><strong>Recuerda: <\/strong><\/p>\n<ul>\n<li>Prot\u00e9gete del sol en las zonas m\u00e1s expuestas como la cara o los brazos y utiliza protecci\u00f3n solar cada 2 horas.<\/li>\n<li>Consulta a tu m\u00e9dico si tienes un lunar que presenta irregularidades o cambios en su color o tama\u00f1o.<\/li>\n<\/ul>\n<p>&nbsp;<\/p><\/blockquote>\n","protected":false},"excerpt":{"rendered":"<p>Con la llegada del buen tiempo y los planes para salir es necesario conocer los riegos a los que exponemos nuestra piel. Debemos ser conscientes de que tomar el sol sin la protecci\u00f3n adecuada puede producirnos manchas y provocar enfermedades muy peligrosas como el melanoma. \u00bfPor qu\u00e9 aparecen las manchas? Las manchas pueden aparecer por &#8230; <\/p>\n<p class=\"read-more-container\"><a title=\"Conoce tu piel: manchas, melanoma y c\u00e1ncer\" class=\"read-more button\" href=\"\/blog\/salud\/conoce-piel-manchas-melanoma-y-cancer\/#more-4227\" aria-label=\"Leer m\u00e1s sobre Conoce tu piel: manchas, melanoma y c\u00e1ncer\">Leer m\u00e1s<\/a><\/p>\n","protected":false},"author":3,"featured_media":4229,"comment_status":"open","ping_status":"open","sticky":false,"template":"","format":"standard","meta":{"_coblocks_attr":"","_coblocks_dimensions":"","_coblocks_responsive_height":"","_coblocks_accordion_ie_support":"","om_disable_all_campaigns":false,"_uf_show_specific_survey":0,"_uf_disable_surveys":false,"twitterCardType":"summary","cardImageID":0,"cardImage":"","cardTitle":"","cardDesc":"","cardImageAlt":"","cardPlayer":"","cardPlayerWidth":0,"cardPlayerHeight":0,"cardPlayerStream":"","cardPlayerCodec":"","footnotes":""},"categories":[3],"tags":[],"aioseo_notices":[],"featured_image_src":"\/blog\/wp-content\/uploads\/2018\/06\/piel_.jpg","featured_image_src_square":"\/blog\/wp-content\/uploads\/2018\/06\/piel_.jpg","author_info":{"display_name":"ASISA","author_link":"\/blog\/author\/pgomezdu\/"},"_links":{"self":[{"href":"\/blog\/wp-json\/wp\/v2\/posts\/4227"}],"collection":[{"href":"\/blog\/wp-json\/wp\/v2\/posts"}],"about":[{"href":"\/blog\/wp-json\/wp\/v2\/types\/post"}],"author":[{"embeddable":true,"href":"\/blog\/wp-json\/wp\/v2\/users\/3"}],"replies":[{"embeddable":true,"href":"\/blog\/wp-json\/wp\/v2\/comments?post=4227"}],"version-history":[{"count":2,"href":"\/blog\/wp-json\/wp\/v2\/posts\/4227\/revisions"}],"predecessor-version":[{"id":4230,"href":"\/blog\/wp-json\/wp\/v2\/posts\/4227\/revisions\/4230"}],"wp:featuredmedia":[{"embeddable":true,"href":"\/blog\/wp-json\/wp\/v2\/media\/4229"}],"wp:attachment":[{"href":"\/blog\/wp-json\/wp\/v2\/media?parent=4227"}],"wp:term":[{"taxonomy":"category","embeddable":true,"href":"\/blog\/wp-json\/wp\/v2\/categories?post=4227"},{"taxonomy":"post_tag","embeddable":true,"href":"\/blog\/wp-json\/wp\/v2\/tags?post=4227"}],"curies":[{"name":"wp","href":"https:\/\/api.w.org\/{rel}","templated":true}]}}