{"id":3742,"date":"2018-01-23T11:12:22","date_gmt":"2018-01-23T09:12:22","guid":{"rendered":"http:\/\/www.blogdeasisa.es\/?p=3742"},"modified":"2018-01-23T11:12:22","modified_gmt":"2018-01-23T09:12:22","slug":"ictus-detectarlo-factores-riesgo","status":"publish","type":"post","link":"\/blog\/salud\/ictus-detectarlo-factores-riesgo\/","title":{"rendered":"Ictus: qu\u00e9 es, c\u00f3mo detectarlo y factores de riesgo"},"content":{"rendered":"<p>El <strong>ictus<\/strong> es una realidad que afecta al a\u00f1o a unas 130.000 personas en Espa\u00f1a. A pesar de la alarmante cifra, poco sabemos sobre este problema que afecta a j\u00f3venes, adultos y ancianos por igual. Conocerlo y poder realizar un <strong>diagn\u00f3stico precoz<\/strong> es fundamental para <strong>salvar vidas<\/strong>.<\/p>\n<h5><strong>\u00bfQu\u00e9 es el ictus?<\/strong><\/h5>\n<p>Se trata de un accidente cerebrovascular que impide la llegada de sangre al cerebro de manera moment\u00e1nea o permanente. En t\u00e9rminos coloquiales, podr\u00edamos identificarlo como sufrir un infarto card\u00edaco, pero a nivel cerebral. Podemos clasificar el ictus en dos tipos:<\/p>\n<ul>\n<li><strong>Hemorr\u00e1gicos<\/strong>: producidos por la rotura de una arteria en el cerebro.<\/li>\n<li><strong>Isqu\u00e9micos<\/strong>: son los m\u00e1s comunes y su origen est\u00e1 en un taponamiento arterial que corta el flujo sangu\u00edneo.<\/li>\n<\/ul>\n<h5><strong>\u00bfC\u00f3mo detectarlo?<\/strong><\/h5>\n<p>El ictus es la segunda causa de mortandad en nuestro pa\u00eds y la primera entre la poblaci\u00f3n femenina. A pesar de que aparece de manera inesperada, hay ciertos s\u00edntomas comunes a las personas que sufren este <strong>ataque cerebral<\/strong>, por eso debemos estar alerta para identificarlos:<\/p>\n<ul>\n<li><strong>Debilidad del rostro<\/strong>: consiste en la p\u00e9rdida de sensibilidad facial lo que nos dificulta el sonre\u00edr o abrir la boca.<\/li>\n<li><strong>P\u00e9rdida de fortaleza en las extremidades:<\/strong> normalmente, es habitual que perdamos la sensibilidad del lado derecho o del izquierdo del cuerpo, as\u00ed como un <strong>debilitamiento muscular<\/strong>.<\/li>\n<li>Desorientaci\u00f3n o <strong>disminuci\u00f3n<\/strong> de las <strong>capacidades cognitivas<\/strong>: es com\u00fan que el ictus se presente afectando a nuestro entendimiento. Perderemos la capacidad de hablar y de emitir frases con sentido. Tambi\u00e9n podemos sufrir <strong>p\u00e9rdidas de memoria.<\/strong><\/li>\n<li><strong>Dolor de cabeza<\/strong>: en ocasiones, es frecuente que confundamos este s\u00edntoma con la <strong>migra\u00f1a<\/strong>, sin embargo, acudir al especialista nos ayudar\u00e1 a conocer y paliar esta molestia.<\/li>\n<li><strong>Perturbaci\u00f3n de la visi\u00f3n<\/strong>: los s\u00edntomas oscilan entre ver borroso o doble, e incluso la ceguera moment\u00e1nea.<\/li>\n<li><strong>Perdida del equilibrio y mareos<\/strong>: al sufrir un infarto cerebral es normal que perdamos la orientaci\u00f3n y la estabilidad, lo que puede impedirnos caminar.<\/li>\n<\/ul>\n<p>Adem\u00e1s, de todas estas causas tambi\u00e9n puede afectarnos al resto de <strong>los sentidos<\/strong>.<\/p>\n<p><iframe loading=\"lazy\" title=\"C\u00f3mo detectar un ictus\" width=\"1200\" height=\"675\" src=\"https:\/\/www.youtube.com\/embed\/uZ364Ci40V0?feature=oembed\" frameborder=\"0\" allow=\"accelerometer; autoplay; clipboard-write; encrypted-media; gyroscope; picture-in-picture\" allowfullscreen><\/iframe><\/p>\n<h5><strong>\u00a1Importante!<\/strong><\/h5>\n<p>Detectar estos s\u00edntomas es fundamental para disminuir las secuelas y reducir el riesgo de mortalidad. Por eso, desde entidades como <a href=\"http:\/\/www.frenoalictus.org\/recursos\/infograf%C3%ADa-ictus-qu%C3%A9-hay-que-saber\/\" target=\"_blank\" rel=\"noopener\"><strong>Freno al Ictus<\/strong><\/a> ponen en marcha proyectos y campa\u00f1a de prevenci\u00f3n que nos ayudan a conocer y estar capacitados para actuar en cualquier circunstancia.<\/p>\n<p>En el caso de que creamos <strong>estar ante un ictus<\/strong> es importante que nos fijemos en si el afectado puede sonre\u00edr, levantar los brazos y si contesta nuestras preguntas de manera coherente. En caso de que no reaccione, o que sus respuestas sean irracionales, deberemos llamar a <strong>emergencias<\/strong>.<\/p>\n<h5><strong>Factores de Riesgo<\/strong><\/h5>\n<p>Se trata de una enfermedad repentina. Sin embargo, hay ciertos <strong>h\u00e1bitos o problemas<\/strong> que nos hacen proclives a padecerla:<\/p>\n<ul>\n<li><strong>La edad:<\/strong> los <a href=\"\/\/salud\/cuidado-salud-de-personas-mayores\/\" target=\"_blank\" rel=\"noopener\">mayores<\/a> de 65 a\u00f1os son los m\u00e1s propensos. Sin embargo, se estima que entorno al 35% de las personas que sufren un ictus, se encuentran en edad laboral.<\/li>\n<li>Padecer hipertensi\u00f3n, <strong>diabetes<\/strong> o tener <a href=\"\/\/salud\/9-consejos-intentar-reducir-colesterol\/\" target=\"_blank\" rel=\"noopener\">colesterol<\/a> tambi\u00e9n nos convierte en poblaci\u00f3n de riesgo. Por eso, debemos cuidar nuestra alimentaci\u00f3n y hacer ejercicio.<\/li>\n<li>El <a href=\"\/\/salud\/normopeso-sobrepeso-y-obesidad\/\" target=\"_blank\" rel=\"noopener\">sobrepeso<\/a> o tener <strong>h\u00e1bitos de vida<\/strong> insanos, como el <strong>sedentarismo<\/strong>, aumentan la posibilidad de que suframos esta enfermedad. As\u00ed mismo, evitemos consumir drogas, alcohol y <a href=\"\/\/salud\/fumar-perjudica-salud\/\" target=\"_blank\" rel=\"noopener\">tabaco<\/a>.<\/li>\n<\/ul>\n<blockquote><p><strong>Recuerda<\/strong>:<\/p>\n<ul>\n<li>El ictus es la segunda causa de mortalidad en Espa\u00f1a. Por eso conocer sus s\u00edntomas y hacer un diagn\u00f3stico r\u00e1pido es fundamental para salvar vidas.<\/li>\n<li>Es una enfermedad cerebrovascular provocada por la falta o insuficiencia de sangre en el cerebro.<\/li>\n<li>Mantener una buena alimentaci\u00f3n y un estilo de vida saludable nos ayudar\u00e1 a su prevenci\u00f3n.<\/li>\n<\/ul>\n<p>&nbsp;<\/p><\/blockquote>\n","protected":false},"excerpt":{"rendered":"<p>El ictus es una realidad que afecta al a\u00f1o a unas 130.000 personas en Espa\u00f1a. A pesar de la alarmante cifra, poco sabemos sobre este problema que afecta a j\u00f3venes, adultos y ancianos por igual. Conocerlo y poder realizar un diagn\u00f3stico precoz es fundamental para salvar vidas. \u00bfQu\u00e9 es el ictus? Se trata de un &#8230; <\/p>\n<p class=\"read-more-container\"><a title=\"Ictus: qu\u00e9 es, c\u00f3mo detectarlo y factores de riesgo\" class=\"read-more button\" href=\"\/blog\/salud\/ictus-detectarlo-factores-riesgo\/#more-3742\" aria-label=\"Leer m\u00e1s sobre Ictus: qu\u00e9 es, c\u00f3mo detectarlo y factores de riesgo\">Leer m\u00e1s<\/a><\/p>\n","protected":false},"author":3,"featured_media":3744,"comment_status":"open","ping_status":"open","sticky":false,"template":"","format":"standard","meta":{"_coblocks_attr":"","_coblocks_dimensions":"","_coblocks_responsive_height":"","_coblocks_accordion_ie_support":"","om_disable_all_campaigns":false,"_uf_show_specific_survey":0,"_uf_disable_surveys":false,"twitterCardType":"summary","cardImageID":0,"cardImage":"","cardTitle":"","cardDesc":"","cardImageAlt":"","cardPlayer":"","cardPlayerWidth":0,"cardPlayerHeight":0,"cardPlayerStream":"","cardPlayerCodec":"","footnotes":""},"categories":[3],"tags":[],"aioseo_notices":[],"featured_image_src":"\/blog\/wp-content\/uploads\/2018\/01\/ictus.jpg","featured_image_src_square":"\/blog\/wp-content\/uploads\/2018\/01\/ictus.jpg","author_info":{"display_name":"ASISA","author_link":"\/blog\/author\/pgomezdu\/"},"_links":{"self":[{"href":"\/blog\/wp-json\/wp\/v2\/posts\/3742"}],"collection":[{"href":"\/blog\/wp-json\/wp\/v2\/posts"}],"about":[{"href":"\/blog\/wp-json\/wp\/v2\/types\/post"}],"author":[{"embeddable":true,"href":"\/blog\/wp-json\/wp\/v2\/users\/3"}],"replies":[{"embeddable":true,"href":"\/blog\/wp-json\/wp\/v2\/comments?post=3742"}],"version-history":[{"count":2,"href":"\/blog\/wp-json\/wp\/v2\/posts\/3742\/revisions"}],"predecessor-version":[{"id":3746,"href":"\/blog\/wp-json\/wp\/v2\/posts\/3742\/revisions\/3746"}],"wp:featuredmedia":[{"embeddable":true,"href":"\/blog\/wp-json\/wp\/v2\/media\/3744"}],"wp:attachment":[{"href":"\/blog\/wp-json\/wp\/v2\/media?parent=3742"}],"wp:term":[{"taxonomy":"category","embeddable":true,"href":"\/blog\/wp-json\/wp\/v2\/categories?post=3742"},{"taxonomy":"post_tag","embeddable":true,"href":"\/blog\/wp-json\/wp\/v2\/tags?post=3742"}],"curies":[{"name":"wp","href":"https:\/\/api.w.org\/{rel}","templated":true}]}}