{"id":3720,"date":"2018-01-11T00:43:29","date_gmt":"2018-01-10T22:43:29","guid":{"rendered":"http:\/\/www.blogdeasisa.es\/?p=3720"},"modified":"2018-01-11T00:43:29","modified_gmt":"2018-01-10T22:43:29","slug":"sindrome-sensibilidad-central-la-fibromialgia","status":"publish","type":"post","link":"\/blog\/salud\/sindrome-sensibilidad-central-la-fibromialgia\/","title":{"rendered":"Qu\u00e9 es el s\u00edndrome de Sensibilidad Central y la fibromialgia"},"content":{"rendered":"<p>El s\u00edndrome se Sensibilidad Central engloba diferentes patolog\u00edas de car\u00e1cter cr\u00f3nico, con una fisiopat\u00eda parecida, s\u00edntomas parecidos y en muchos casos sin cura o sin causa conocida. El diagn\u00f3stico de esta afecci\u00f3n suele ser complicado ya que, hasta ahora, no se consideraban enfermedades \u201creales\u201d.<\/p>\n<h5><strong>\u00bfQu\u00e9 es el s\u00edndrome de Sensibilidad Central?<\/strong><\/h5>\n<p>Es una enfermedad que afecta a nuestro <strong>sistema nervioso<\/strong> e inmunol\u00f3gico. Su origen se encuentra en la <strong>hiperexcitabilidad neuronal,<\/strong> que provoca una mayor sensibilidad a elementos externos como el olor, los ruidos, productos qu\u00edmicos, el estr\u00e9s, la ansiedad, algunos f\u00e1rmacos, campos electromagn\u00e9ticos, cambios meteorol\u00f3gicos y determinados alimentos, entre otros.<\/p>\n<p>El <strong>s\u00edndrome de Sensibilidad Central<\/strong> afecta en torno al 10 o 20 por ciento de la poblaci\u00f3n mundial. Esta enfermedad provoca un incremento y generalizaci\u00f3n del dolor en diversas partes de nuestro cuerpo cuando nos exponemos a los agentes externos causantes. Esta sensaci\u00f3n dolorosa, persistente en el tiempo a pesar de que el est\u00edmulo haya sido retirado, se denomina <strong>wind-up<\/strong>.<\/p>\n<h5><strong>\u00bfCu\u00e1les son sus s\u00edntomas?<\/strong><\/h5>\n<ul>\n<li>Dolor muscular y en nuestras articulaciones, as\u00ed como la aparici\u00f3n de cefaleas.<\/li>\n<li>Cansancio y agotamiento f\u00edsico.<\/li>\n<li>Trastorno del sue\u00f1o y dificultad para dormir.<\/li>\n<li>Trastornos cognitivos.<\/li>\n<li><a href=\"\/\/salud\/evitar-depresion-otono\/\" target=\"_blank\" rel=\"noopener\"><strong>Depresi\u00f3n<\/strong><\/a><strong>:<\/strong> esta enfermedad normalmente aparece asociada al dolor agudo que se sufre durante los brotes. Adem\u00e1s, es com\u00fan que previamente al diagn\u00f3stico del s\u00edndrome de Sensibilidad Central, podamos ser tratados como enfermos psicol\u00f3gicos o psiqui\u00e1tricos, lo que se suma a la incomprensi\u00f3n recibida por parte de la sociedad.<\/li>\n<\/ul>\n<p>El s\u00edndrome de Sensibilidad Central es una categor\u00eda patol\u00f3gica que engloban otras enfermedades como: la fibromialgia, el s\u00edndrome de fatiga cr\u00f3nica, Sensibilidad Qu\u00edmica M\u00faltiple, sensibilidad alimentaria, electrosensibilidad y la migra\u00f1a. Este listado no es herm\u00e9tico y puede ir en aumento, ya que existen enfermos que presentan nuevas patolog\u00edas asociadas al s\u00edndrome.<\/p>\n<h5><strong>La Fibromialgia<\/strong><\/h5>\n<p>La fibromialgia se trata de un trastorno cr\u00f3nico que provoca un dolor intenso a nivel muscular y en el tejido fibroso. Se estima que alrededor del 5 % de la poblaci\u00f3n a nivel mundial padece esta dolencia. En Espa\u00f1a el colectivo m\u00e1s afectado por esta patolog\u00eda son las <a href=\"\/\/salud\/enfermedades-prevalentes-mujeres\/\" target=\"_blank\" rel=\"noopener\">mujeres<\/a>, en torno al 6% de la sociedad.<\/p>\n<p>Esta enfermedad se puede manifestar de diversas maneras dependiendo del propio paciente. Las formas m\u00e1s comunes son: <strong>alteraci\u00f3n del sue\u00f1o<\/strong>, temblores de las extremidades, rigidez muscular y en las articulaciones, dolor de cabeza y trastornos digestivos y cognitivos, como puede ser la p\u00e9rdida de memoria.<\/p>\n<blockquote><p><strong>Recuerda:<\/strong><\/p>\n<ul>\n<li>El s\u00edndrome se Sensibilidad Central engloba diferentes patolog\u00edas de car\u00e1cter cr\u00f3nico, incurables e incluso de causa desconocida.<\/li>\n<li>Afecta al sistema nervioso e inmunol\u00f3gico, su origen se encuentra en la <strong>hiperexcitabilidad neuronal<\/strong> y provoca una mayor sensibilidad a elementos externos.<\/li>\n<li>La fibromialgia se caracteriza por el dolor agudo a nivel musculoesquel\u00e9tico, que tiene diferentes s\u00edntomas y se estima que afecta al 5% de la poblaci\u00f3n mundial.<\/li>\n<\/ul>\n<p>&nbsp;<\/p><\/blockquote>\n","protected":false},"excerpt":{"rendered":"<p>El s\u00edndrome se Sensibilidad Central engloba diferentes patolog\u00edas de car\u00e1cter cr\u00f3nico, con una fisiopat\u00eda parecida, s\u00edntomas parecidos y en muchos casos sin cura o sin causa conocida. El diagn\u00f3stico de esta afecci\u00f3n suele ser complicado ya que, hasta ahora, no se consideraban enfermedades \u201creales\u201d. \u00bfQu\u00e9 es el s\u00edndrome de Sensibilidad Central? Es una enfermedad que &#8230; <\/p>\n<p class=\"read-more-container\"><a title=\"Qu\u00e9 es el s\u00edndrome de Sensibilidad Central y la fibromialgia\" class=\"read-more button\" href=\"\/blog\/salud\/sindrome-sensibilidad-central-la-fibromialgia\/#more-3720\" aria-label=\"Leer m\u00e1s sobre Qu\u00e9 es el s\u00edndrome de Sensibilidad Central y la fibromialgia\">Leer m\u00e1s<\/a><\/p>\n","protected":false},"author":3,"featured_media":3722,"comment_status":"open","ping_status":"open","sticky":false,"template":"","format":"standard","meta":{"_coblocks_attr":"","_coblocks_dimensions":"","_coblocks_responsive_height":"","_coblocks_accordion_ie_support":"","om_disable_all_campaigns":false,"_uf_show_specific_survey":0,"_uf_disable_surveys":false,"twitterCardType":"summary","cardImageID":0,"cardImage":"","cardTitle":"","cardDesc":"","cardImageAlt":"","cardPlayer":"","cardPlayerWidth":0,"cardPlayerHeight":0,"cardPlayerStream":"","cardPlayerCodec":"","footnotes":""},"categories":[3],"tags":[],"aioseo_notices":[],"featured_image_src":"\/blog\/wp-content\/uploads\/2018\/01\/1.jpg","featured_image_src_square":"\/blog\/wp-content\/uploads\/2018\/01\/1.jpg","author_info":{"display_name":"ASISA","author_link":"\/blog\/author\/pgomezdu\/"},"_links":{"self":[{"href":"\/blog\/wp-json\/wp\/v2\/posts\/3720"}],"collection":[{"href":"\/blog\/wp-json\/wp\/v2\/posts"}],"about":[{"href":"\/blog\/wp-json\/wp\/v2\/types\/post"}],"author":[{"embeddable":true,"href":"\/blog\/wp-json\/wp\/v2\/users\/3"}],"replies":[{"embeddable":true,"href":"\/blog\/wp-json\/wp\/v2\/comments?post=3720"}],"version-history":[{"count":1,"href":"\/blog\/wp-json\/wp\/v2\/posts\/3720\/revisions"}],"predecessor-version":[{"id":3721,"href":"\/blog\/wp-json\/wp\/v2\/posts\/3720\/revisions\/3721"}],"wp:featuredmedia":[{"embeddable":true,"href":"\/blog\/wp-json\/wp\/v2\/media\/3722"}],"wp:attachment":[{"href":"\/blog\/wp-json\/wp\/v2\/media?parent=3720"}],"wp:term":[{"taxonomy":"category","embeddable":true,"href":"\/blog\/wp-json\/wp\/v2\/categories?post=3720"},{"taxonomy":"post_tag","embeddable":true,"href":"\/blog\/wp-json\/wp\/v2\/tags?post=3720"}],"curies":[{"name":"wp","href":"https:\/\/api.w.org\/{rel}","templated":true}]}}