{"id":3451,"date":"2017-10-04T10:49:01","date_gmt":"2017-10-04T08:49:01","guid":{"rendered":"http:\/\/www.blogdeasisa.es\/?p=3451"},"modified":"2017-10-05T14:45:45","modified_gmt":"2017-10-05T12:45:45","slug":"comunicado-de-asisa","status":"publish","type":"post","link":"\/blog\/nosotros\/corporativo\/comunicado-de-asisa\/","title":{"rendered":"Comunicado de ASISA"},"content":{"rendered":"<h6 style=\"mso-margin-top-alt: auto; mso-margin-bottom-alt: auto; mso-add-space: auto; text-align: center;\" align=\"center\"><\/h6>\n<p>Tras la difusi\u00f3n en las redes sociales de un cartel con contenido pol\u00edtico colocado en una de sus oficinas en Catalu\u00f1a, <strong>ASISA aclara<\/strong> que:<\/p>\n<p>1.- ASISA rechaza rotundamente el contenido de dicho cartel, que fue colocado por un empleado que no sigui\u00f3 los procedimientos y normas de la compa\u00f1\u00eda. Por este motivo se han puesto en marcha, en toda su amplitud, las medidas disciplinarias correspondientes, que en este momento se est\u00e1n tramitando.<\/p>\n<p>2.- ASISA reitera su firme compromiso con el cuidado de la salud de todos sus asegurados y, en concreto, de los 700.000 funcionarios p\u00fablicos, miembros de las Fuerzas y Cuerpos de Seguridad del Estado (FCSE), de las Fuerzas Armadas y de la Administraci\u00f3n de Justicia, a los que atiende a trav\u00e9s de sus mutualidades administrativas, desde hace m\u00e1s de 40 a\u00f1os.<\/p>\n<p>3.- ASISA desea reconocer y respaldar el trabajo incansable que estos colectivos realizan para garantizar el correcto funcionamiento de nuestras instituciones y la defensa del marco legal y constitucional que asegura las libertades de nuestra sociedad.<\/p>\n<p>4.- ASISA es una compa\u00f1\u00eda de capital 100% espa\u00f1ol, cuyo accionista \u00fanico es la cooperativa m\u00e9dica Lavinia, que agrupa a miles de profesionales sanitarios. Desde sus or\u00edgenes, ASISA se dedica exclusivamente al cuidado de la salud de sus asegurados y a la promoci\u00f3n de h\u00e1bitos de vida saludable en nuestra sociedad.<\/p>\n<p>5.- ASISA, como compa\u00f1\u00eda fuertemente comprometida con el desarrollo social y econ\u00f3mico de la sociedad espa\u00f1ola, reitera su firme compromiso con la defensa de la Constituci\u00f3n, las instituciones y las normas legales que garantizan nuestra convivencia.<\/p>\n","protected":false},"excerpt":{"rendered":"<p>Tras la difusi\u00f3n en las redes sociales de un cartel con contenido pol\u00edtico colocado en una de sus oficinas en Catalu\u00f1a, ASISA aclara que: 1.- ASISA rechaza rotundamente el contenido de dicho cartel, que fue colocado por un empleado que no sigui\u00f3 los procedimientos y normas de la compa\u00f1\u00eda. Por este motivo se han puesto &#8230; <\/p>\n<p class=\"read-more-container\"><a title=\"Comunicado de ASISA\" class=\"read-more button\" href=\"\/blog\/nosotros\/corporativo\/comunicado-de-asisa\/#more-3451\" aria-label=\"Leer m\u00e1s sobre Comunicado de ASISA\">Leer m\u00e1s<\/a><\/p>\n","protected":false},"author":3,"featured_media":3453,"comment_status":"open","ping_status":"open","sticky":false,"template":"","format":"standard","meta":{"_coblocks_attr":"","_coblocks_dimensions":"","_coblocks_responsive_height":"","_coblocks_accordion_ie_support":"","om_disable_all_campaigns":false,"_uf_show_specific_survey":0,"_uf_disable_surveys":false,"twitterCardType":"summary","cardImageID":0,"cardImage":"","cardTitle":"","cardDesc":"","cardImageAlt":"","cardPlayer":"","cardPlayerWidth":0,"cardPlayerHeight":0,"cardPlayerStream":"","cardPlayerCodec":"","footnotes":""},"categories":[7],"tags":[],"aioseo_notices":[],"featured_image_src":"\/blog\/wp-content\/uploads\/2017\/10\/logo.png","featured_image_src_square":"\/blog\/wp-content\/uploads\/2017\/10\/logo.png","author_info":{"display_name":"ASISA","author_link":"\/blog\/author\/pgomezdu\/"},"_links":{"self":[{"href":"\/blog\/wp-json\/wp\/v2\/posts\/3451"}],"collection":[{"href":"\/blog\/wp-json\/wp\/v2\/posts"}],"about":[{"href":"\/blog\/wp-json\/wp\/v2\/types\/post"}],"author":[{"embeddable":true,"href":"\/blog\/wp-json\/wp\/v2\/users\/3"}],"replies":[{"embeddable":true,"href":"\/blog\/wp-json\/wp\/v2\/comments?post=3451"}],"version-history":[{"count":10,"href":"\/blog\/wp-json\/wp\/v2\/posts\/3451\/revisions"}],"predecessor-version":[{"id":3470,"href":"\/blog\/wp-json\/wp\/v2\/posts\/3451\/revisions\/3470"}],"wp:featuredmedia":[{"embeddable":true,"href":"\/blog\/wp-json\/wp\/v2\/media\/3453"}],"wp:attachment":[{"href":"\/blog\/wp-json\/wp\/v2\/media?parent=3451"}],"wp:term":[{"taxonomy":"category","embeddable":true,"href":"\/blog\/wp-json\/wp\/v2\/categories?post=3451"},{"taxonomy":"post_tag","embeddable":true,"href":"\/blog\/wp-json\/wp\/v2\/tags?post=3451"}],"curies":[{"name":"wp","href":"https:\/\/api.w.org\/{rel}","templated":true}]}}