{"id":3282,"date":"2017-08-01T11:53:36","date_gmt":"2017-08-01T09:53:36","guid":{"rendered":"http:\/\/www.blogdeasisa.es\/?p=3282"},"modified":"2017-08-01T11:53:36","modified_gmt":"2017-08-01T09:53:36","slug":"consejos-para-aplicarnos-correctamente-el-protector-solar","status":"publish","type":"post","link":"\/blog\/salud\/consejos-para-aplicarnos-correctamente-el-protector-solar\/","title":{"rendered":"Consejos para aplicarnos correctamente el protector solar"},"content":{"rendered":"<p>A todos nos gusta lucir una <strong>piel bronceada en verano<\/strong>, pero muchas veces se nos olvida lo importante que es <strong>protegernos del sol<\/strong> de forma adecuada. Y es en verano cuando m\u00e1s sufre nuestra piel debido a la <strong>exposici\u00f3n solar<\/strong> y a los diferentes productos qu\u00edmicos que entran en contacto con nuestra piel en las piscinas.<\/p>\n<p>Por ello, es fundamental que <a href=\"\/\/salud\/debes-cuidar-piel\/\">cuidemos de nuestra piel<\/a> todav\u00eda m\u00e1s en verano. Utilizar un buen protector solar es la clave principal. Si lo usamos de forma correcta, nos ayudar\u00e1 a evitar que nos quememos, nos salgan manchas o que nuestra piel envejezca m\u00e1s de lo normal con el paso del tiempo. Adem\u00e1s, utilizando protecci\u00f3n solar tambi\u00e9n reducimos las probabilidades de desarrollar <strong>c\u00e1ncer de piel<\/strong>.<\/p>\n<h5><strong>\u00bfC\u00f3mo debemos aplicar el protector solar de manera correcta?<\/strong><\/h5>\n<p>El primer paso es conocer nuestro tipo de piel. Es importante que sepamos si tenemos una piel muy sensible al sol, y en este caso, deberemos utilizar una crema solar que contenga mayor protecci\u00f3n.<\/p>\n<p>Por otro lado, la frecuencia de uso es otro punto importante a la hora de protegernos del sol. En este sentido, no sirve de nada ponernos protecci\u00f3n solamente una vez si vamos a estar durante varias horas expuestos al sol. Deberemos repetir su aplicaci\u00f3n en funci\u00f3n de los minutos de protecci\u00f3n que indique nuestra crema.<\/p>\n<p>Tambi\u00e9n es importante que nos apliquemos el protector solar antes de exponernos al sol, preferiblemente 25 o 30 minutos, para dar tiempo a que nuestra piel absorba el producto. Tampoco debemos olvidar aplicarlo en zonas como la espalda, los pies o las orejas.<\/p>\n<h5><strong>Otras dudas frecuentes sobre el sol y el verano: <\/strong><\/h5>\n<p><strong>\u00bfDebo utilizar alguna protecci\u00f3n extra? <\/strong>El uso de algunos complementes como las gafas de sol y los sombreros tambi\u00e9n pueden ayudarnos a proteger nuestra cabeza y ojos del sol y contribuir\u00e1n a que no nos duela la cabeza o tengamos una insolaci\u00f3n.<\/p>\n<p><strong>\u00bf<\/strong><strong>A qu\u00e9 hora no debo tomar el sol? <\/strong>Debemos de evitar exponernos al sol entre las 10:00 de la ma\u00f1ana y las 16:00 de la tarde. Durante en este horario los rayos solares son m\u00e1s directos. Si no podemos evitar estar expuestos al sol durante estas horas, ya sea por trabajo o por ocio, es muy importante seguir los pasos mencionados anteriormente.<\/p>\n<p><strong>\u00bfQu\u00e9 podemos hacer despu\u00e9s de exponernos al sol? <\/strong>Debemos de beber agua de forma abundante y aplicar cremas hidratantes o <em>aftersun<\/em> para mantenernos hidratados.<\/p>\n<p><strong>\u00bfS\u00f3lo debo ponerme protector solar cuando vaya a la playa o la piscina a tomar el sol?<\/strong>No. Aunque cuando estamos en la playa o en la piscina tomando el sol es cuando m\u00e1s riesgo tenemos, tambi\u00e9n es importante protegernos cuando estemos haciendo otras actividades como jugar al f\u00fatbol o dar un paseo por la calle. Por ello, durante los meses de verano, es importante que nos apliquemos protector siempre que salgamos de casa.<\/p>\n<p><strong>\u00bf<\/strong><strong>Y si tengo hijos qu\u00e9 puedo hacer? <\/strong>Los ni\u00f1os deben utilizar un tipo de protecci\u00f3n solar que se adapte a sus necesidades y que sea espec\u00edfico para ellos. De lo contrario, pueden aparecer alergias en la piel. Adem\u00e1s, debemos evitar que los ni\u00f1os pasen demasiadas horas al sol, al tener una piel es m\u00e1s sensible.<\/p>\n<blockquote><p><strong>Recuerda: <\/strong><\/p>\n<ul>\n<li style=\"list-style-type: none;\">\n<ul>\n<li>El protector solar nos ayuda a evitar: quemaduras, envejecimiento prematuro y c\u00e1ncer de piel.<\/li>\n<li>Es importante aplicar de forma continuada el protector solar cuando estamos expuestos al sol durante un tiempo prolongado.<\/li>\n<li>Utilizar otros complementos como las gafas o sombreros tambi\u00e9n contribuir\u00e1 a evitar los peligros del sol, como quemaduras o insolaciones.<\/li>\n<\/ul>\n<\/li>\n<\/ul>\n<p>&nbsp;<\/p><\/blockquote>\n","protected":false},"excerpt":{"rendered":"<p>A todos nos gusta lucir una piel bronceada en verano, pero muchas veces se nos olvida lo importante que es protegernos del sol de forma adecuada. Y es en verano cuando m\u00e1s sufre nuestra piel debido a la exposici\u00f3n solar y a los diferentes productos qu\u00edmicos que entran en contacto con nuestra piel en las &#8230; <\/p>\n<p class=\"read-more-container\"><a title=\"Consejos para aplicarnos correctamente el protector solar\" class=\"read-more button\" href=\"\/blog\/salud\/consejos-para-aplicarnos-correctamente-el-protector-solar\/#more-3282\" aria-label=\"Leer m\u00e1s sobre Consejos para aplicarnos correctamente el protector solar\">Leer m\u00e1s<\/a><\/p>\n","protected":false},"author":3,"featured_media":3284,"comment_status":"open","ping_status":"open","sticky":false,"template":"","format":"standard","meta":{"_coblocks_attr":"","_coblocks_dimensions":"","_coblocks_responsive_height":"","_coblocks_accordion_ie_support":"","om_disable_all_campaigns":false,"_uf_show_specific_survey":0,"_uf_disable_surveys":false,"twitterCardType":"summary","cardImageID":0,"cardImage":"","cardTitle":"","cardDesc":"","cardImageAlt":"","cardPlayer":"","cardPlayerWidth":0,"cardPlayerHeight":0,"cardPlayerStream":"","cardPlayerCodec":"","footnotes":""},"categories":[3],"tags":[],"aioseo_notices":[],"featured_image_src":"\/blog\/wp-content\/uploads\/2017\/08\/protector-solar.jpg","featured_image_src_square":"\/blog\/wp-content\/uploads\/2017\/08\/protector-solar.jpg","author_info":{"display_name":"ASISA","author_link":"\/blog\/author\/pgomezdu\/"},"_links":{"self":[{"href":"\/blog\/wp-json\/wp\/v2\/posts\/3282"}],"collection":[{"href":"\/blog\/wp-json\/wp\/v2\/posts"}],"about":[{"href":"\/blog\/wp-json\/wp\/v2\/types\/post"}],"author":[{"embeddable":true,"href":"\/blog\/wp-json\/wp\/v2\/users\/3"}],"replies":[{"embeddable":true,"href":"\/blog\/wp-json\/wp\/v2\/comments?post=3282"}],"version-history":[{"count":3,"href":"\/blog\/wp-json\/wp\/v2\/posts\/3282\/revisions"}],"predecessor-version":[{"id":3286,"href":"\/blog\/wp-json\/wp\/v2\/posts\/3282\/revisions\/3286"}],"wp:featuredmedia":[{"embeddable":true,"href":"\/blog\/wp-json\/wp\/v2\/media\/3284"}],"wp:attachment":[{"href":"\/blog\/wp-json\/wp\/v2\/media?parent=3282"}],"wp:term":[{"taxonomy":"category","embeddable":true,"href":"\/blog\/wp-json\/wp\/v2\/categories?post=3282"},{"taxonomy":"post_tag","embeddable":true,"href":"\/blog\/wp-json\/wp\/v2\/tags?post=3282"}],"curies":[{"name":"wp","href":"https:\/\/api.w.org\/{rel}","templated":true}]}}