{"id":3130,"date":"2017-06-08T09:05:25","date_gmt":"2017-06-08T07:05:25","guid":{"rendered":"http:\/\/www.blogdeasisa.es\/?p=3130"},"modified":"2017-06-02T14:42:47","modified_gmt":"2017-06-02T12:42:47","slug":"debes-cuidar-piel","status":"publish","type":"post","link":"\/blog\/salud\/debes-cuidar-piel\/","title":{"rendered":"C\u00f3mo debes cuidar tu piel"},"content":{"rendered":"<p>La <strong>piel<\/strong> es el \u00f3rgano m\u00e1s grande, visible y pesado que poseemos y se encarga de proteger nuestro cuerpo, regula la temperatura corporal y facilita la sensaci\u00f3n del tacto. Por eso, debemos proporcionarle <strong>la atenci\u00f3n y los cuidados necesarios <\/strong>para mantenerla sana.<\/p>\n<p><strong>Cuidados b\u00e1sicos de la piel<\/strong><\/p>\n<p>Este \u00f3rgano es m\u00e1s complejo de lo que parece. Seg\u00fan los investigadores biol\u00f3gicos, la piel est\u00e1 dividida en cinco capas o porciones: epidermis, dermis, hipodermis, tejido subcut\u00e1neo y fascia profunda.<\/p>\n<p>Las <strong>necesidades de la piel<\/strong> var\u00edan de unas personas a otras, pero existen una serie de h\u00e1bitos y medidas b\u00e1sicas que podemos llevar a cabo para cuidarla lo m\u00e1ximo posible.<\/p>\n<p>Una de las m\u00e1s extendidas es la importancia de utilizar protector solar diariamente, la sobreexposici\u00f3n a los rayos UVA puede originar desde aparici\u00f3n de arrugas hasta aumentar el riesgo de apariciones cut\u00e1neas tan graves como el melanoma, cuya incidencia ha aumentado en Espa\u00f1a durante los \u00faltimos a\u00f1os. Hay que tener en cuenta que <strong>la piel tiene memoria<\/strong> y las lesiones que sufrimos en el presente pueden convertirse en complicaciones en el futuro.<\/p>\n<p>Adem\u00e1s del protector solar, es fundamental usar tambi\u00e9n un hidratante nocturno y diurno, adecuado a nuestro tipo de piel, para mantener y prolongar la vitalidad y elasticidad de la epidermis. Otra medida que favorece a la hidrataci\u00f3n de la piel es el <a href=\"\/\/bienestar\/los-beneficios-beber-agua\/\" target=\"_blank\" rel=\"noopener noreferrer\">agua<\/a>, al mismo tiempo que provoca que esta produzca menos grasa, evitando as\u00ed la aparici\u00f3n de acn\u00e9 y otras erupciones. En este sentido, <a href=\"\/\/salud\/como-dormir-bien\/\" target=\"_blank\" rel=\"noopener noreferrer\">un buen descanso<\/a> tambi\u00e9n favorecer\u00e1 a que la producci\u00f3n de grasa sea menor.<\/p>\n<p>Otro factor importante a tener en cuenta es la alimentaci\u00f3n, es recomendable agregar a nuestra dieta m\u00e1s vegetales frescos, frutas, <a href=\"\/\/bienestar\/alimentacion\/granos-semillas-dieta\/\" target=\"_blank\" rel=\"noopener noreferrer\">granos enteros<\/a> y prote\u00ednas sin grasas, para obtener las vitaminas y nutrientes indispensables para de esta forma mantener su elasticidad y firmeza.<\/p>\n<p>En el caso de utilizar maquillaje, debemos asegurarnos de limpiar muy bien nuestra cara antes de irnos a dormir, as\u00ed como los utensilios de maquillaje, para eliminar los restos de suciedad, de grasa y de bacterias que podr\u00edan causar dolencias en la piel. Tambi\u00e9n es importante mantener la higiene antes y despu\u00e9s de hacer ejercicio.<\/p>\n<p><strong>Otras enfermedades dermatol\u00f3gicas<\/strong><\/p>\n<p>Existen numerosas patolog\u00edas de la piel, algunas de las m\u00e1s frecuentes son el acn\u00e9, las quemaduras solares, la psoriasis, la dermatitis at\u00f3pica o la ros\u00e1cea. Aunque estas enfermedades no suelen ser mortales para el paciente, sus s\u00edntomas son molestos y pueden llegar a afectar significativamente la calidad de vida de los que las sufren.<\/p>\n<p>Si notamos alg\u00fan tipo de anomal\u00eda en nuestra piel, es conveniente que visitemos al dermat\u00f3logo para que sea el encargado de hacer un diagn\u00f3stico y, en el caso de ser necesario, recomendarnos el tratamiento adecuado a nuestro caso en particular.<\/p>\n<blockquote><p><strong>Recuerda que:<\/strong><\/p>\n<ul>\n<li>La piel, que es el \u00f3rgano m\u00e1s grande que tenemos, protege el cuerpo humano, regula la temperatura corporal y facilita la sensaci\u00f3n del tacto<\/li>\n<li>Las necesidades de la piel var\u00edan de unas personas a otras, pero existen una serie de h\u00e1bitos y medidas b\u00e1sicas que podemos llevar a cabo para cuidarla lo m\u00e1ximo posible, como pueden ser utilizar protector solar e hidratarla diariamente.<\/li>\n<li>Aunque la mayor parte de enfermedades cut\u00e1neas no suelen ser de gravedad para el paciente, sus s\u00edntomas son molestos y afectan la calidad de vida de los que las sufren.<\/li>\n<\/ul>\n<p>&nbsp;<\/p><\/blockquote>\n","protected":false},"excerpt":{"rendered":"<p>La piel es el \u00f3rgano m\u00e1s grande, visible y pesado que poseemos y se encarga de proteger nuestro cuerpo, regula la temperatura corporal y facilita la sensaci\u00f3n del tacto. Por eso, debemos proporcionarle la atenci\u00f3n y los cuidados necesarios para mantenerla sana. Cuidados b\u00e1sicos de la piel Este \u00f3rgano es m\u00e1s complejo de lo que &#8230; <\/p>\n<p class=\"read-more-container\"><a title=\"C\u00f3mo debes cuidar tu piel\" class=\"read-more button\" href=\"\/blog\/salud\/debes-cuidar-piel\/#more-3130\" aria-label=\"Leer m\u00e1s sobre C\u00f3mo debes cuidar tu piel\">Leer m\u00e1s<\/a><\/p>\n","protected":false},"author":3,"featured_media":3131,"comment_status":"open","ping_status":"open","sticky":false,"template":"","format":"standard","meta":{"_coblocks_attr":"","_coblocks_dimensions":"","_coblocks_responsive_height":"","_coblocks_accordion_ie_support":"","om_disable_all_campaigns":false,"_uf_show_specific_survey":0,"_uf_disable_surveys":false,"twitterCardType":"summary","cardImageID":0,"cardImage":"","cardTitle":"","cardDesc":"","cardImageAlt":"","cardPlayer":"","cardPlayerWidth":0,"cardPlayerHeight":0,"cardPlayerStream":"","cardPlayerCodec":"","footnotes":""},"categories":[3],"tags":[],"aioseo_notices":[],"featured_image_src":"\/blog\/wp-content\/uploads\/2017\/06\/Cuidado-piel_BlogASISA.jpg","featured_image_src_square":"\/blog\/wp-content\/uploads\/2017\/06\/Cuidado-piel_BlogASISA.jpg","author_info":{"display_name":"ASISA","author_link":"\/blog\/author\/pgomezdu\/"},"_links":{"self":[{"href":"\/blog\/wp-json\/wp\/v2\/posts\/3130"}],"collection":[{"href":"\/blog\/wp-json\/wp\/v2\/posts"}],"about":[{"href":"\/blog\/wp-json\/wp\/v2\/types\/post"}],"author":[{"embeddable":true,"href":"\/blog\/wp-json\/wp\/v2\/users\/3"}],"replies":[{"embeddable":true,"href":"\/blog\/wp-json\/wp\/v2\/comments?post=3130"}],"version-history":[{"count":1,"href":"\/blog\/wp-json\/wp\/v2\/posts\/3130\/revisions"}],"predecessor-version":[{"id":3132,"href":"\/blog\/wp-json\/wp\/v2\/posts\/3130\/revisions\/3132"}],"wp:featuredmedia":[{"embeddable":true,"href":"\/blog\/wp-json\/wp\/v2\/media\/3131"}],"wp:attachment":[{"href":"\/blog\/wp-json\/wp\/v2\/media?parent=3130"}],"wp:term":[{"taxonomy":"category","embeddable":true,"href":"\/blog\/wp-json\/wp\/v2\/categories?post=3130"},{"taxonomy":"post_tag","embeddable":true,"href":"\/blog\/wp-json\/wp\/v2\/tags?post=3130"}],"curies":[{"name":"wp","href":"https:\/\/api.w.org\/{rel}","templated":true}]}}