{"id":2940,"date":"2017-04-05T10:05:06","date_gmt":"2017-04-05T08:05:06","guid":{"rendered":"http:\/\/www.blogdeasisa.es\/?p=2940"},"modified":"2019-06-28T09:38:58","modified_gmt":"2019-06-28T07:38:58","slug":"bebe-alimentacion-cuidados-salud","status":"publish","type":"post","link":"\/blog\/salud\/bebe-alimentacion-cuidados-salud\/","title":{"rendered":"Cuidados del beb\u00e9: alimentaci\u00f3n, higiene y salud"},"content":{"rendered":"<p>Desde el momento en el que nace, el beb\u00e9 precisan de muchos <strong>cuidados<\/strong> y <strong>atenciones<\/strong>. Son totalmente <strong>dependientes<\/strong> de nosotros, queremos lo mejor para ellos y por este motivo, la salud y el cuidado de los reci\u00e9n nacidos son una de las principales <strong>preocupaciones<\/strong> de los <strong>padres<\/strong>, incluso desde antes de nacer.<\/p>\n<p><strong>Alimentaci\u00f3n e higiene del beb\u00e9<\/strong><\/p>\n<p>La llegada de un nuevo ni\u00f1o al hogar supone la toma de una serie de <strong>medidas<\/strong> para mantener el cuidado y salud del peque\u00f1o miembro de la familia.<\/p>\n<p>Con respecto a la <strong>alimentaci\u00f3n<\/strong>, lo primero que debemos recordar es que <a href=\"\/\/salud\/beneficios-lactancia-materna\/\" target=\"_blank\" rel=\"noopener noreferrer\">la leche materna es la mejor opci\u00f3n<\/a> tanto para el beb\u00e9 como para la madre, para asegurar la salud y supervivencia de los ni\u00f1os. No obstante, dar de mamar siempre es una decisi\u00f3n personal.<\/p>\n<p>En lo que se refiere a la higiene, durante las primeras semanas debemos prestar especial atenci\u00f3n sobre el <strong>cord\u00f3n umbilical<\/strong>. Se suele caer entre la primera y segunda semana y, hasta que se caiga, se debe mantener la zona especialmente limpia y seca. Una vez se haya desprendido, debemos vigilar su evoluci\u00f3n hasta que est\u00e9 completamente seco.<\/p>\n<p>Otro de los momentos importantes es la hora del ba\u00f1o. Lo ideal es que este se produzca antes de las tomas y por las noches, ya que le relajar\u00e1 y favorecer\u00e1 el sue\u00f1o. Debemos tener en cuenta que el ba\u00f1o ha de ser breve y la temperatura del <strong>agua agradable<\/strong> (34-36\u00baC). Es realmente importante no dejar solo al beb\u00e9 en ning\u00fan momento y sujetarlo muy bien para que no se sumerja en el agua. Una vez finalizado el ba\u00f1o debemos secarlo correctamente, especialmente en pliegues del cuello, orejas, axilas e ingles. Si la piel est\u00e1 seca o descamada, se pueden utilizar <strong>cremas hidratantes<\/strong>.<\/p>\n<p>A la hora de cambiar el pa\u00f1al, este debe ser cambiado tantas veces sea necesario, es muy importante mantener seco y limpio al beb\u00e9.<\/p>\n<p><strong>Cuidados de salud generales<\/strong><\/p>\n<p>En lo relacionado con los cuidados b\u00e1sicos de la salud, es importante que observemos al beb\u00e9 para valorar su estado y si sufre alg\u00fan tipo de patolog\u00eda, no obstante existen una serie de precauciones que podemos tomar para <strong>prevenir enfermedades<\/strong>.<\/p>\n<p>En primer lugar, debemos mantener limpios y bien ventilados los lugares en los que est\u00e1 el beb\u00e9, teniendo especial cuidado con las corrientes de aire. Un error com\u00fan es abrigar al ni\u00f1o en exceso, los ni\u00f1os notan la misma temperatura que nosotros, por ello no necesitan m\u00e1s ropa que una persona adulta. Adem\u00e1s, sus vestimentas han de ser c\u00f3modas y f\u00e1ciles de abrochar.<\/p>\n<p>Por otra parte, debemos mantener a los peque\u00f1os alejados de personas enfermas, para as\u00ed evitar contagios.<\/p>\n<p>Ahora que llega el calor, es fundamental <strong>proteger a los beb\u00e9s del sol.<\/strong> Debemos evitar su exposici\u00f3n directa a los rayos solares, adem\u00e1s de proteger su cabeza con una gorra y utilizar la protecci\u00f3n solar m\u00e1s adecuada a su edad.<\/p>\n<p>Y, por \u00faltimo, es muy importante cumplir con los <strong>controles<\/strong> peri\u00f3dicos del Centro de Salud y el calendario de <strong>vacunas<\/strong>. Adem\u00e1s, si observamos que el beb\u00e9 sufre alg\u00fan tipo de <strong>anomal\u00eda<\/strong>, debemos acudir al <strong>pediatra<\/strong> inmediatamente y que \u00e9l haga su <strong>diagn\u00f3stico<\/strong>. Nunca debemos utilizar <strong>antibi\u00f3ticos<\/strong> que no hayan sido recetados por el especialista.<\/p>\n<p><strong>Prevenci\u00f3n de accidentes<\/strong><\/p>\n<p>Existen elementos cotidianos que pueden ser peligrosos para los m\u00e1s peque\u00f1os, llegando a provocar accidentes. Algunas de las medidas que tenemos que tomar para evitarlos son:<\/p>\n<ul>\n<li>No dejar a su alcance objetos que puedan ser ingeridos, desde medicinas o productos de limpieza (que pueden producir una intoxicaci\u00f3n) hasta piezas peque\u00f1as (que le puedan provocar un atragantamiento o asfixia).<\/li>\n<li>Proteger las escaleras con barandillas, para evitar ca\u00eddas.<\/li>\n<li>Mantener a los ni\u00f1os alejados de las ventanas.<\/li>\n<li>En el coche, los beb\u00e9s deben viajar siempre en la silla de seguridad homologada y correspondiente a su edad.<\/li>\n<li>Una medida b\u00e1sica y fundamental es no dejarlos nunca solos y mantenerlos bajo vigilancia de un adulto.<\/li>\n<\/ul>\n<p>Los beb\u00e9s son especialmente delicados, por ello es normal que los padres primerizos se sientan atemorizados. Pero siguiendo estos sencillos consejos, con la ayuda de su pediatra, y con un poco de pr\u00e1ctica, estos temores ir\u00e1n desapareciendo.<\/p>\n<p><strong>Recuerda:<\/strong><\/p>\n<ul>\n<li>La elecci\u00f3n de la leche materna es la mejor opci\u00f3n tanto para el beb\u00e9 como para la madre, favoreciendo su salud y supervivencia<\/li>\n<li>Debemos mantener limpios y bien ventilados los lugares en los que est\u00e1 el beb\u00e9, teniendo especial cuidado con las corrientes de aire.<\/li>\n<li>Es muy importante cumplir con los controles peri\u00f3dicos del Centro de Salud y con el calendario de vacunas<\/li>\n<\/ul>\n","protected":false},"excerpt":{"rendered":"<p>Desde el momento en el que nace, el beb\u00e9 precisan de muchos cuidados y atenciones. Son totalmente dependientes de nosotros, queremos lo mejor para ellos y por este motivo, la salud y el cuidado de los reci\u00e9n nacidos son una de las principales preocupaciones de los padres, incluso desde antes de nacer. Alimentaci\u00f3n e higiene &#8230; <\/p>\n<p class=\"read-more-container\"><a title=\"Cuidados del beb\u00e9: alimentaci\u00f3n, higiene y salud\" class=\"read-more button\" href=\"\/blog\/salud\/bebe-alimentacion-cuidados-salud\/#more-2940\" aria-label=\"Leer m\u00e1s sobre Cuidados del beb\u00e9: alimentaci\u00f3n, higiene y salud\">Leer m\u00e1s<\/a><\/p>\n","protected":false},"author":3,"featured_media":6364,"comment_status":"open","ping_status":"open","sticky":false,"template":"","format":"standard","meta":{"_coblocks_attr":"","_coblocks_dimensions":"","_coblocks_responsive_height":"","_coblocks_accordion_ie_support":"","om_disable_all_campaigns":false,"_uf_show_specific_survey":0,"_uf_disable_surveys":false,"twitterCardType":"summary","cardImageID":0,"cardImage":"","cardTitle":"","cardDesc":"","cardImageAlt":"","cardPlayer":"","cardPlayerWidth":0,"cardPlayerHeight":0,"cardPlayerStream":"","cardPlayerCodec":"","footnotes":""},"categories":[3],"tags":[],"aioseo_notices":[],"featured_image_src":"\/blog\/wp-content\/uploads\/2017\/04\/bebe.jpeg","featured_image_src_square":"\/blog\/wp-content\/uploads\/2017\/04\/bebe.jpeg","author_info":{"display_name":"ASISA","author_link":"\/blog\/author\/pgomezdu\/"},"_links":{"self":[{"href":"\/blog\/wp-json\/wp\/v2\/posts\/2940"}],"collection":[{"href":"\/blog\/wp-json\/wp\/v2\/posts"}],"about":[{"href":"\/blog\/wp-json\/wp\/v2\/types\/post"}],"author":[{"embeddable":true,"href":"\/blog\/wp-json\/wp\/v2\/users\/3"}],"replies":[{"embeddable":true,"href":"\/blog\/wp-json\/wp\/v2\/comments?post=2940"}],"version-history":[{"count":3,"href":"\/blog\/wp-json\/wp\/v2\/posts\/2940\/revisions"}],"predecessor-version":[{"id":6367,"href":"\/blog\/wp-json\/wp\/v2\/posts\/2940\/revisions\/6367"}],"wp:featuredmedia":[{"embeddable":true,"href":"\/blog\/wp-json\/wp\/v2\/media\/6364"}],"wp:attachment":[{"href":"\/blog\/wp-json\/wp\/v2\/media?parent=2940"}],"wp:term":[{"taxonomy":"category","embeddable":true,"href":"\/blog\/wp-json\/wp\/v2\/categories?post=2940"},{"taxonomy":"post_tag","embeddable":true,"href":"\/blog\/wp-json\/wp\/v2\/tags?post=2940"}],"curies":[{"name":"wp","href":"https:\/\/api.w.org\/{rel}","templated":true}]}}