{"id":2903,"date":"2017-03-22T10:29:53","date_gmt":"2017-03-22T08:29:53","guid":{"rendered":"http:\/\/www.blogdeasisa.es\/?p=2903"},"modified":"2017-03-22T10:43:42","modified_gmt":"2017-03-22T08:43:42","slug":"primavera-la-estacion-las-alergias","status":"publish","type":"post","link":"\/blog\/salud\/primavera-la-estacion-las-alergias\/","title":{"rendered":"Primavera, la estaci\u00f3n de las alergias"},"content":{"rendered":"<p>Con la primavera comienzan los primeros d\u00edas de buen tiempo, los d\u00edas son m\u00e1s largos, se intenta disfrutar m\u00e1s de las actividades al aire libre, pero con estos cambios de tiempo tambi\u00e9n llegan las conocidas alergias primaverales\u2026<\/p>\n<p><strong>\u00bfQu\u00e9 es la alergia?<\/strong><\/p>\n<p>La alergia es una <strong>reacci\u00f3n defensiva<\/strong> del organismo frente a una sustancia o agente externo que considera nocivo. Con la entrada de la primavera, especialmente el <strong>polvo<\/strong> y el <strong>polen<\/strong> son dos de estas sustancias que <strong>mayor alergia<\/strong> causa a los espa\u00f1oles.<\/p>\n<p>Seg\u00fan afirma el estudio \u201c<a href=\"http:\/\/www.seaic.org\/inicio\/guia-farmacoterapeutica-de-inmunoterapia\/infografia-alergia-al-polen\" target=\"_blank\" rel=\"noopener\">La alergia al polen, claves para sobrevivir esta primavera<\/a>\u201d, publicado por la Sociedad Espa\u00f1ola de Alergolog\u00eda e Inmunolog\u00eda Cr\u00f3nica (SEAIC), la <strong>polinosis<\/strong> afecta en torno a <strong>8 millones<\/strong> <strong>de espa\u00f1oles cada a\u00f1o<\/strong>. En este sentido, el tipo de planta que m\u00e1s alergia al polen causa en Espa\u00f1a y Europa es el de la familia de las <strong>gram\u00edneas. <\/strong>Adem\u00e1s, tambi\u00e9n cabe destacar que dependiendo de la zona geogr\u00e1fica en la que se resida y el tipo de flora que haya, la exposici\u00f3n a esta polinosis variar\u00e1.<\/p>\n<p><strong>\u00bfC\u00f3mo puedes saber si tienes alergia primaveral?<\/strong><\/p>\n<p>Si con la llegada de la primavera ves como tu cuerpo experimenta una serie de cambios en su funcionamiento habitual, puede que sea porque seas al\u00e9rgicos a alguna de estas sustancias que proliferan en primavera.<\/p>\n<p>Los <strong>s\u00edntomas asociados<\/strong> a las alergias primaverales son muy variados ya que afectan a diferentes partes del cuerpo como pueden ser los\u00a0ojos, la nariz, la garganta e incluso los pulmones. Entre ellos, los <strong>principales s\u00edntomas<\/strong> que pueden aparecer son:<\/p>\n<ul>\n<li>Conjuntivitis<\/li>\n<li>Congesti\u00f3n nasal y estornudos<\/li>\n<li>Picor en nariz, garganta, ojos y paladar<\/li>\n<li>Dificultad para respirar, tos y pitidos<\/li>\n<\/ul>\n<p><strong>\u00bfC\u00f3mo se pueden reducir estos s\u00edntomas?<\/strong><\/p>\n<p>Existen una serie de medidas que se pueden tomar para hacer esta \u00e9poca m\u00e1s llevadera. En primer lugar, se deben <strong>mantener las ventanas cerradas<\/strong>, lo ideal es ventilar la casa al mediod\u00eda y durante poco tiempo. Cuando se viaje en coche tambi\u00e9n hay que procurar no bajar las ventanillas para evitar la entrada del polen. Adem\u00e1s, es conveniente utilizar filtros en el aire acondicionado.<\/p>\n<p>Por otra parte, es importante <strong>controlar<\/strong> las horas en las que se realizan <strong>actividades al aire libre<\/strong>, tratando de evitar, en la medida de lo posible, salir a la calle durante las ma\u00f1anas y las noches, ya que es cuando m\u00e1s cantidad de polen se concentra en el ambiente (especialmente los d\u00edas ventosos, calurosos y secos). En cualquier caso, tambi\u00e9n es recomendable consultar diariamente los niveles de polen que hay en tu ciudad, a trav\u00e9s de aplicaciones m\u00f3viles avaladas por la SEAIC como \u201c<a href=\"http:\/\/www.polencontrol.com\/\" target=\"_blank\" rel=\"noopener\">Polen Control<\/a>\u201d o en la web <a href=\"http:\/\/www.polenes.com\" target=\"_blank\" rel=\"noopener\">www.polenes.com<\/a>.<\/p>\n<p>Tambi\u00e9n es muy importante <strong>proteger la vista<\/strong>. Los ojos son unos de los \u00f3rganos que m\u00e1s afectados suelen estar por las alergias, por ello, es recomendable mantenerlos resguardado, mediante gafas de sol.<\/p>\n<p>Adem\u00e1s, aunque esto no depende solo de ti, es fundamental que mantenerse lo m\u00e1s alejado posible del <strong>humo <\/strong>y de la <strong>contaminaci\u00f3n. <\/strong>Estos factores aumentan la probabilidad de desarrollar una alergia o, en el caso de padecerla, de empeorar sus s\u00edntomas.<\/p>\n<p>Por \u00faltimo, si tienes alg\u00fan s\u00edntoma que indica que podr\u00edas sufrir una alergia, lo primero que debes hacer es<strong> acudir al m\u00e9dico<\/strong>. \u00c9l ser\u00e1 el encargado de proporcionar el tratamiento correspondiente a nuestro caso en concreto.<\/p>\n","protected":false},"excerpt":{"rendered":"<p>Con la primavera comienzan los primeros d\u00edas de buen tiempo, los d\u00edas son m\u00e1s largos, se intenta disfrutar m\u00e1s de las actividades al aire libre, pero con estos cambios de tiempo tambi\u00e9n llegan las conocidas alergias primaverales\u2026 \u00bfQu\u00e9 es la alergia? La alergia es una reacci\u00f3n defensiva del organismo frente a una sustancia o agente &#8230; <\/p>\n<p class=\"read-more-container\"><a title=\"Primavera, la estaci\u00f3n de las alergias\" class=\"read-more button\" href=\"\/blog\/salud\/primavera-la-estacion-las-alergias\/#more-2903\" aria-label=\"Leer m\u00e1s sobre Primavera, la estaci\u00f3n de las alergias\">Leer m\u00e1s<\/a><\/p>\n","protected":false},"author":3,"featured_media":2905,"comment_status":"open","ping_status":"open","sticky":false,"template":"","format":"standard","meta":{"_coblocks_attr":"","_coblocks_dimensions":"","_coblocks_responsive_height":"","_coblocks_accordion_ie_support":"","om_disable_all_campaigns":false,"_uf_show_specific_survey":0,"_uf_disable_surveys":false,"twitterCardType":"summary","cardImageID":0,"cardImage":"","cardTitle":"","cardDesc":"","cardImageAlt":"","cardPlayer":"","cardPlayerWidth":0,"cardPlayerHeight":0,"cardPlayerStream":"","cardPlayerCodec":"","footnotes":""},"categories":[3],"tags":[],"aioseo_notices":[],"featured_image_src":"\/blog\/wp-content\/uploads\/2017\/03\/Alergias-Primavera_Blog-de-ASISA.jpg","featured_image_src_square":"\/blog\/wp-content\/uploads\/2017\/03\/Alergias-Primavera_Blog-de-ASISA.jpg","author_info":{"display_name":"ASISA","author_link":"\/blog\/author\/pgomezdu\/"},"_links":{"self":[{"href":"\/blog\/wp-json\/wp\/v2\/posts\/2903"}],"collection":[{"href":"\/blog\/wp-json\/wp\/v2\/posts"}],"about":[{"href":"\/blog\/wp-json\/wp\/v2\/types\/post"}],"author":[{"embeddable":true,"href":"\/blog\/wp-json\/wp\/v2\/users\/3"}],"replies":[{"embeddable":true,"href":"\/blog\/wp-json\/wp\/v2\/comments?post=2903"}],"version-history":[{"count":1,"href":"\/blog\/wp-json\/wp\/v2\/posts\/2903\/revisions"}],"predecessor-version":[{"id":2904,"href":"\/blog\/wp-json\/wp\/v2\/posts\/2903\/revisions\/2904"}],"wp:featuredmedia":[{"embeddable":true,"href":"\/blog\/wp-json\/wp\/v2\/media\/2905"}],"wp:attachment":[{"href":"\/blog\/wp-json\/wp\/v2\/media?parent=2903"}],"wp:term":[{"taxonomy":"category","embeddable":true,"href":"\/blog\/wp-json\/wp\/v2\/categories?post=2903"},{"taxonomy":"post_tag","embeddable":true,"href":"\/blog\/wp-json\/wp\/v2\/tags?post=2903"}],"curies":[{"name":"wp","href":"https:\/\/api.w.org\/{rel}","templated":true}]}}