{"id":2724,"date":"2017-01-20T10:01:01","date_gmt":"2017-01-20T08:01:01","guid":{"rendered":"http:\/\/www.blogdeasisa.es\/?p=2724"},"modified":"2017-01-20T15:16:54","modified_gmt":"2017-01-20T13:16:54","slug":"asisa-y-la-gastronomia-saludable","status":"publish","type":"post","link":"\/blog\/nosotros\/corporativo\/asisa-y-la-gastronomia-saludable\/","title":{"rendered":"ASISA y la gastronom\u00eda (saludable)"},"content":{"rendered":"<p>Lo que comemos es, en gran medida, responsable de nuestro estado interior y exterior. Por eso ASISA participa activamente en ASISA Madridfusi\u00f3n, congreso al que este a\u00f1o da nombre y en el que se presentar\u00e1 el libro \u201cGastronom\u00eda salud. Diabetes\u201d. Y tambi\u00e9n lo hace en Gastrofestival, cita en la que se podr\u00e1n degustar los men\u00fas saludables de ASISA y asistir a la conferencia \u201cCome mejor y #Duerme1HoraM\u00e1s\u201d.<\/p>\n<div id='gallery-1' class='gallery galleryid-2724 gallery-columns-2 gallery-size-thumbnail'><figure class='gallery-item'>\n\t\t\t<div class='gallery-icon landscape'>\n\t\t\t\t<a href='\/blog\/nosotros\/corporativo\/asisa-y-la-gastronomia-saludable\/attachment\/imagen-gastrofestival\/#main'><img loading=\"lazy\" decoding=\"async\" width=\"150\" height=\"150\" src=\"\/blog\/wp-content\/uploads\/2017\/01\/Imagen-Gastrofestival-150x150.png\" class=\"attachment-thumbnail size-thumbnail\" alt=\"\" aria-describedby=\"gallery-1-2729\" srcset=\"\/blog\/wp-content\/uploads\/2017\/01\/Imagen-Gastrofestival-150x150.png 150w, \/blog\/wp-content\/uploads\/2017\/01\/Imagen-Gastrofestival-150x150@2x.png 300w\" sizes=\"(max-width: 150px) 100vw, 150px\" \/><\/a>\n\t\t\t<\/div>\n\t\t\t\t<figcaption class='wp-caption-text gallery-caption' id='gallery-1-2729'>\n\t\t\t\tGastrofestival\n\t\t\t\t<\/figcaption><\/figure><figure class='gallery-item'>\n\t\t\t<div class='gallery-icon landscape'>\n\t\t\t\t<a href='\/blog\/nosotros\/corporativo\/asisa-y-la-gastronomia-saludable\/attachment\/asisa-madridfusion_blog-2\/#main'><img loading=\"lazy\" decoding=\"async\" width=\"150\" height=\"150\" src=\"\/blog\/wp-content\/uploads\/2017\/01\/ASISA-madridfusi\u00f3n_Blog-1-150x150.jpg\" class=\"attachment-thumbnail size-thumbnail\" alt=\"\" aria-describedby=\"gallery-1-2733\" \/><\/a>\n\t\t\t<\/div>\n\t\t\t\t<figcaption class='wp-caption-text gallery-caption' id='gallery-1-2733'>\n\t\t\t\tASISA madridfusi\u00f3n\n\t\t\t\t<\/figcaption><\/figure>\n\t\t<\/div>\n\n<p><strong>ASISA madridfusi\u00f3n<\/strong><\/p>\n<p>En\u00a0<a href=\"http:\/\/www.madridfusion.net\/programa.php?idCumbre=016&amp;seccion=5\" target=\"_blank\" rel=\"noopener\">ASISA madridfusi\u00f3n<\/a> cocina y salud se dan la mano para realzar los fundamentos de una cocina en la b\u00fasqueda del bienestar f\u00edsico y de la satisfacci\u00f3n gastron\u00f3mica que configuran un todo indisoluble. Durante esta edici\u00f3n tendr\u00e1n lugar los Talleres matinales ASISA madridfusi\u00f3n: \u00abEl pan en el restaurante\u00bb, \u201cPostres de chocolate\u201d y \u00abEl helado como ingrediente en el plato\u00bb.<\/p>\n<p>Adem\u00e1s, se presentar\u00e1 el segundo libro de la colecci\u00f3n \u2018Gastronom\u00eda saludable\u2019 dedicado a la alimentaci\u00f3n para <a href=\"\/\/salud\/prevenir-diabetes\/\" target=\"_blank\">personas con diabetes<\/a> y en el que han participado 14 de los mejores cocineros espa\u00f1oles.<\/p>\n<p><strong>Gastrofestival<\/strong><\/p>\n<p><center><iframe loading=\"lazy\" src=\"https:\/\/www.youtube.com\/embed\/ynPwlxhKUSA?rel=0\" width=\"560\" height=\"315\" frameborder=\"0\" allowfullscreen=\"allowfullscreen\"><\/iframe><\/center>&nbsp;<\/p>\n<p>Por su parte,\u00a0<a href=\"http:\/\/gastrofestivalmadrid.com\/\" target=\"_blank\" rel=\"noopener\">Gastrofestival<\/a> celebra este a\u00f1o su octava edici\u00f3n del 21 de enero al 5 de febrero. Esta cita se ha convertido en una referencia gastron\u00f3mica a nivel nacional e internacional, donde se refuerza el v\u00ednculo con la alimentaci\u00f3n y la salud. Durante estas dos semanas, ASISA impulsar\u00e1 Gastrosalud, un espacio para fomentar la cocina saludable en el que tendr\u00e1 cabida la conferencia \u201cCome mejor y #Duerme1HoraM\u00e1s\u201d, el 24 de enero a las 18:30 horas en la <a href=\"https:\/\/goo.gl\/maps\/9vsxo2SesYt\" target=\"_blank\" rel=\"noopener\">Casa de la Panader\u00eda<\/a>, impartida por la Dra. Paula Garc\u00eda Casanova, psic\u00f3loga de la <a href=\"http:\/\/unidadsuenovistahermosa.es\/\" target=\"_blank\" rel=\"noopener\">Unidad del Sue\u00f1o de Cl\u00ednica HLA Vistahermosa<\/a> (Alicante).<\/p>\n<p>Adem\u00e1s, en la Plaza del Sol de Madrid podr\u00e9is encontrar un espacio de ASISA con actividades para toda la familia, que ense\u00f1ar\u00e1n la importancia de llevar una alimentaci\u00f3n saludable y donde se sortear\u00e1n smartwatch y experiencias gastron\u00f3micas. Estar\u00e1 abierto los s\u00e1bados 21 y 28 de 14:00 a 20:00 horas, y los domingos 22 y 29 en horario de 12:00 a 18:00.<\/p>\n<p>Ambas acciones se enmarcan en los principios corporativos de ASISA, que mantiene como una de sus se\u00f1as de identidad m\u00e1s reconocibles un compromiso s\u00f3lido con la promoci\u00f3n de h\u00e1bitos de vida saludable a trav\u00e9s de diferentes actividades sociales y culturales.<\/p>\n<p>\u00a1Buen provecho!<\/p>\n","protected":false},"excerpt":{"rendered":"<p>Lo que comemos es, en gran medida, responsable de nuestro estado interior y exterior. Por eso ASISA participa activamente en ASISA Madridfusi\u00f3n, congreso al que este a\u00f1o da nombre y en el que se presentar\u00e1 el libro \u201cGastronom\u00eda salud. Diabetes\u201d. Y tambi\u00e9n lo hace en Gastrofestival, cita en la que se podr\u00e1n degustar los men\u00fas &#8230; <\/p>\n<p class=\"read-more-container\"><a title=\"ASISA y la gastronom\u00eda (saludable)\" class=\"read-more button\" href=\"\/blog\/nosotros\/corporativo\/asisa-y-la-gastronomia-saludable\/#more-2724\" aria-label=\"Leer m\u00e1s sobre ASISA y la gastronom\u00eda (saludable)\">Leer m\u00e1s<\/a><\/p>\n","protected":false},"author":3,"featured_media":2729,"comment_status":"open","ping_status":"open","sticky":false,"template":"","format":"gallery","meta":{"_coblocks_attr":"","_coblocks_dimensions":"","_coblocks_responsive_height":"","_coblocks_accordion_ie_support":"","om_disable_all_campaigns":false,"_uf_show_specific_survey":0,"_uf_disable_surveys":false,"twitterCardType":"summary","cardImageID":0,"cardImage":"","cardTitle":"","cardDesc":"","cardImageAlt":"","cardPlayer":"","cardPlayerWidth":0,"cardPlayerHeight":0,"cardPlayerStream":"","cardPlayerCodec":"","footnotes":""},"categories":[7],"tags":[],"aioseo_notices":[],"featured_image_src":"\/blog\/wp-content\/uploads\/2017\/01\/Imagen-Gastrofestival.png","featured_image_src_square":"\/blog\/wp-content\/uploads\/2017\/01\/Imagen-Gastrofestival.png","author_info":{"display_name":"ASISA","author_link":"\/blog\/author\/pgomezdu\/"},"_links":{"self":[{"href":"\/blog\/wp-json\/wp\/v2\/posts\/2724"}],"collection":[{"href":"\/blog\/wp-json\/wp\/v2\/posts"}],"about":[{"href":"\/blog\/wp-json\/wp\/v2\/types\/post"}],"author":[{"embeddable":true,"href":"\/blog\/wp-json\/wp\/v2\/users\/3"}],"replies":[{"embeddable":true,"href":"\/blog\/wp-json\/wp\/v2\/comments?post=2724"}],"version-history":[{"count":8,"href":"\/blog\/wp-json\/wp\/v2\/posts\/2724\/revisions"}],"predecessor-version":[{"id":2739,"href":"\/blog\/wp-json\/wp\/v2\/posts\/2724\/revisions\/2739"}],"wp:featuredmedia":[{"embeddable":true,"href":"\/blog\/wp-json\/wp\/v2\/media\/2729"}],"wp:attachment":[{"href":"\/blog\/wp-json\/wp\/v2\/media?parent=2724"}],"wp:term":[{"taxonomy":"category","embeddable":true,"href":"\/blog\/wp-json\/wp\/v2\/categories?post=2724"},{"taxonomy":"post_tag","embeddable":true,"href":"\/blog\/wp-json\/wp\/v2\/tags?post=2724"}],"curies":[{"name":"wp","href":"https:\/\/api.w.org\/{rel}","templated":true}]}}