{"id":2557,"date":"2016-11-08T14:43:57","date_gmt":"2016-11-08T12:43:57","guid":{"rendered":"http:\/\/www.blogdeasisa.es\/?p=2557"},"modified":"2019-06-28T10:27:14","modified_gmt":"2019-06-28T08:27:14","slug":"sueno-y-salud","status":"publish","type":"post","link":"\/blog\/salud\/sueno-y-salud\/","title":{"rendered":"Por qu\u00e9 el sue\u00f1o es tan importante para tu salud"},"content":{"rendered":"<p>La cantidad y la calidad del sue\u00f1o inciden de manera directa en el estado f\u00edsico y mental, y se re\ufb02ejan en la salud, el rendimiento y el \u00e1nimo.<\/p>\n<p>Dormir bien es importante desde la infancia hasta la vejez. Durante el sue\u00f1o profundo aumenta la liberaci\u00f3n de la hormona del crecimiento, se recupera la columna, se restauran los m\u00fasculos, se refuerza el sistema inmune, se regulan los niveles de az\u00facar y el apetito&#8230; De ah\u00ed que dormir poco y mal aumente el riesgo de sufrir obesidad, diabetes, hipercolesterolemia, hipertensi\u00f3n arterial o un infarto. En tanto que dormir bien nos protege incluso de las infecciones y hasta nos ayuda a tener mejor aspecto.<\/p>\n<p>Mientras dormimos, nuestro cerebro \ufb01ja los recuerdos y lo aprendido durante el d\u00eda. Tambi\u00e9n se repone del cansancio para permitir que nos concentremos, pensemos con claridad y reaccionemos con rapidez. Por el contrario, dormir mal se traduce en una disminuci\u00f3n del rendimiento laboral y escolar y en un aumento del riesgo de accidentes.<\/p>\n<p>En cuanto al estado de \u00e1nimo, la irritabilidad es una buena conocida de quienes tienen problemas para dormir, con la consiguiente di\ufb01cultad para las relaciones interpersonales. Adem\u00e1s, la falta continuada de sue\u00f1o predispone a sufrir estr\u00e9s, ansiedad e incluso depresi\u00f3n.<\/p>\n<p><strong>\u00bfCu\u00e1nto se debe dormir dependiendo de cada etapa vital?<\/strong><\/p>\n<p>Diferentes estudios han demostrado que el exceso de sue\u00f1o es tan negativo para la salud como la privaci\u00f3n del mismo, y aunque las horas exactas que debe dormir cada uno dependen de cada cual, hay unos rangos bien de\ufb01nidos para las distintas etapas vitales que nos pueden servir de gu\u00eda.<\/p>\n<p>Se sabe que tanto el exceso como la privaci\u00f3n de sue\u00f1o son perjudiciales para los sistemas metab\u00f3lico, endocrino e inmunol\u00f3gico. Y aunque es imposible \ufb01jar un patr\u00f3n \u00fanico en cuanto a las horas de sue\u00f1o que cada uno necesita, los expertos s\u00ed establecen los l\u00edmites m\u00ednimo y m\u00e1ximo de horas que debemos dormir para sentirnos bien y disfrutar de salud f\u00edsica, emocional y cognitiva. Estas son las horas diarias de sue\u00f1o recomendadas por edad:<\/p>\n<p style=\"padding-left: 30px;\"><strong>Reci\u00e9n nacidos (0-3 meses): <\/strong>14-17. El exceso puede alterar su desarrollo cognitivo o emocional al verse limitada su interacci\u00f3n con el entorno m\u00e1s cercano.<\/p>\n<p style=\"padding-left: 30px;\"><strong>Lactantes (4-11 meses): <\/strong>12-15.<\/p>\n<p style=\"padding-left: 30px;\"><strong>Ni\u00f1os peque\u00f1os (1-2 a\u00f1os): <\/strong>11-14. Dormir menos de lo debido se asocia a obesidad, hiperactividad, impulsividad y desarrollo cognitivo bajo.<\/p>\n<p style=\"padding-left: 30px;\"><strong>Ni\u00f1os en edad preescolar (3-5 a\u00f1os): <\/strong>10-13.<\/p>\n<p style=\"padding-left: 30px;\"><strong>Ni\u00f1os en edad escolar (6-13 a\u00f1os): <\/strong>9-11. Dormir poco di\ufb01culta el funcionamiento cognitivo, y en consecuencia supone un menor rendimiento acad\u00e9mico.<\/p>\n<p style=\"padding-left: 30px;\"><strong>Adolescentes (14-17 a\u00f1os): <\/strong>8-10. Un sue\u00f1o de corta duraci\u00f3n a esta edad puede llegar a provocar un descenso en el nivel de alerta, accidentes, depresi\u00f3n o distimia, obesidad y bajo rendimiento escolar.<\/p>\n<p style=\"padding-left: 30px;\"><strong>Adultos (18-64 a\u00f1os): <\/strong>7-9. Se ha encontrado relaci\u00f3n entre sue\u00f1o de corta duraci\u00f3n y presencia de fatiga diurna, afectaci\u00f3n psicomotora, accidentes, deterioro de la salud f\u00edsica y psicol\u00f3gica y bajo rendimiento acad\u00e9mico o laboral.<\/p>\n<p style=\"padding-left: 30px;\"><strong>Ancianos (&gt; 65 a\u00f1os): <\/strong>7-8. Los ancianos que duermen las horas necesarias tienen mejor funcionamiento cognitivo, menos enfermedades f\u00edsicas y mentales y mejor calidad de vida en general.<\/p>\n","protected":false},"excerpt":{"rendered":"<p>La cantidad y la calidad del sue\u00f1o inciden de manera directa en el estado f\u00edsico y mental, y se re\ufb02ejan en la salud, el rendimiento y el \u00e1nimo. Dormir bien es importante desde la infancia hasta la vejez. Durante el sue\u00f1o profundo aumenta la liberaci\u00f3n de la hormona del crecimiento, se recupera la columna, se &#8230; <\/p>\n<p class=\"read-more-container\"><a title=\"Por qu\u00e9 el sue\u00f1o es tan importante para tu salud\" class=\"read-more button\" href=\"\/blog\/salud\/sueno-y-salud\/#more-2557\" aria-label=\"Leer m\u00e1s sobre Por qu\u00e9 el sue\u00f1o es tan importante para tu salud\">Leer m\u00e1s<\/a><\/p>\n","protected":false},"author":3,"featured_media":6388,"comment_status":"open","ping_status":"open","sticky":false,"template":"","format":"standard","meta":{"_coblocks_attr":"","_coblocks_dimensions":"","_coblocks_responsive_height":"","_coblocks_accordion_ie_support":"","om_disable_all_campaigns":false,"_uf_show_specific_survey":0,"_uf_disable_surveys":false,"twitterCardType":"summary","cardImageID":0,"cardImage":"","cardTitle":"","cardDesc":"","cardImageAlt":"","cardPlayer":"","cardPlayerWidth":0,"cardPlayerHeight":0,"cardPlayerStream":"","cardPlayerCodec":"","footnotes":""},"categories":[3],"tags":[37],"aioseo_notices":[],"featured_image_src":"\/blog\/wp-content\/uploads\/2016\/11\/sleep-1411866.jpg","featured_image_src_square":"\/blog\/wp-content\/uploads\/2016\/11\/sleep-1411866.jpg","author_info":{"display_name":"ASISA","author_link":"\/blog\/author\/pgomezdu\/"},"_links":{"self":[{"href":"\/blog\/wp-json\/wp\/v2\/posts\/2557"}],"collection":[{"href":"\/blog\/wp-json\/wp\/v2\/posts"}],"about":[{"href":"\/blog\/wp-json\/wp\/v2\/types\/post"}],"author":[{"embeddable":true,"href":"\/blog\/wp-json\/wp\/v2\/users\/3"}],"replies":[{"embeddable":true,"href":"\/blog\/wp-json\/wp\/v2\/comments?post=2557"}],"version-history":[{"count":1,"href":"\/blog\/wp-json\/wp\/v2\/posts\/2557\/revisions"}],"predecessor-version":[{"id":2558,"href":"\/blog\/wp-json\/wp\/v2\/posts\/2557\/revisions\/2558"}],"wp:featuredmedia":[{"embeddable":true,"href":"\/blog\/wp-json\/wp\/v2\/media\/6388"}],"wp:attachment":[{"href":"\/blog\/wp-json\/wp\/v2\/media?parent=2557"}],"wp:term":[{"taxonomy":"category","embeddable":true,"href":"\/blog\/wp-json\/wp\/v2\/categories?post=2557"},{"taxonomy":"post_tag","embeddable":true,"href":"\/blog\/wp-json\/wp\/v2\/tags?post=2557"}],"curies":[{"name":"wp","href":"https:\/\/api.w.org\/{rel}","templated":true}]}}