{"id":2477,"date":"2016-09-21T16:48:24","date_gmt":"2016-09-21T14:48:24","guid":{"rendered":"http:\/\/www.blogdeasisa.es\/?p=2477"},"modified":"2016-09-21T16:48:24","modified_gmt":"2016-09-21T14:48:24","slug":"demencia-senil-alzheimer","status":"publish","type":"post","link":"\/blog\/salud\/demencia-senil-alzheimer\/","title":{"rendered":"\u00bfHay diferencias entre la demencia senil y el Alzheimer?"},"content":{"rendered":"<p>En el mundo se dan alrededor de 47,5 millones de personas que padecen demencia y cada a\u00f1o se registran 7,7 millones de nuevos casos, seg\u00fan los datos recogidos por la OMS. Es evidente que tanto la demencia senil como el Alzheimer son enfermedades comunes entre la poblaci\u00f3n y esto se debe a que son una de las principales causas de discapacidad y dependencia entre las personas mayores en el mundo.<\/p>\n<p>Tanto el Alzheimer como la demencia senil forman parte de las patolog\u00edas relacionadas con el t\u00e9rmino de demencia, pero sus caracter\u00edsticas, causas y s\u00edntomas evidencian sus diferencias, permitiendo as\u00ed hablar de enfermedades diferentes. Por eso es importante conocer m\u00e1s sobre ellas y diferenciarlas.<\/p>\n<p>En este post se recogen sus principales diferencias y los h\u00e1bitos que pueden ayudarte a detectarlas o prevenirlas.<\/p>\n<p><strong>Diferencias entre Demencia Senil y Alzheimer<\/strong><\/p>\n<p>Tanto la demencia senil como el Alzheimer son dos enfermedades que se engloban dentro de las patolog\u00edas neurol\u00f3gicas. Ambas se caracterizan por ser irreversibles y degenerativas, ya que se ve deteriorada la memoria, el intelecto, el comportamiento y la capacidad para realizar actividades de la vida diaria.<\/p>\n<p>La demencia senil se fundamenta en el deterioro de las capacidades mentales de una persona, en las que las funciones de conducta o de conocimiento se han visto da\u00f1adas. Por otro lado, el Alzheimer es considerada como una variante de la demencia senil, pero con la diferencia de que esta degenera hasta causar el fallecimiento en los casos m\u00e1s graves.<\/p>\n<p>Actualmente ambas enfermedades no tienen cura, pero en el caso del Alzheimer s\u00ed se pueden llegar a controlar sus s\u00edntomas con tratamientos y f\u00e1rmacos recetados por parte de un especialista.<\/p>\n<p>Las causas que pueden derivar en estas enfermedades son desconocidas, especialmente en el caso del Alzheimer. Por otro lado, el paso del tiempo, las consecuencias de un tumor, las enfermedades de car\u00e1cter degenerativo o tambi\u00e9n el consumo de drogas, pueden provocar demencia senil.<\/p>\n<p>Hay que tener en cuenta que el deterioro de las funciones cognitivas puede verse acompa\u00f1ado por conflictos con el control emocional, el comportamiento social y personal.<\/p>\n<p><strong>H\u00e1bitos para prevenir la demencia <\/strong><\/p>\n<p>Hoy en d\u00eda no se conoce ninguna forma 100% efectiva para prevenir la demencia, pero incluyendo determinados h\u00e1bitos se puede conseguir reducir el riesgo de sufrir esta patolog\u00eda y as\u00ed mejorar tambi\u00e9n las funciones cognitivas. Algunas de ellas son muy populares entre la poblaci\u00f3n y son f\u00e1ciles de poner en pr\u00e1ctica:<\/p>\n<ol>\n<li><strong>Acaba con el sedentarismo<\/strong>. Practicar regularmente deporte contribuye a salvaguardar la memoria, est\u00e1n especialmente indicados aquellas actividades en las que la atenci\u00f3n sea clave para su desarrollo. Tambi\u00e9n deportes como caminar o bailar ayudan a mejorar la salud cerebral y prevenir el riesgo de padecer enfermedades neurodegenerativas.<\/li>\n<li><strong>Estimula la mente<\/strong>. Tomarte tiempo para disfrutar de la lectura ayudar\u00e1 a desarrollar tus facultades cognitivas. Tambi\u00e9n puedes realizar otras actividades como pasatiempos, incluso juegos que te provoquen poner a prueba tu memoria.<\/li>\n<li><strong>Controla tu alimentaci\u00f3n<\/strong>. Incluir en nuestra dieta vegetales, pescados y huevos va a ser un plus para tu cerebro. Estas comidas protegen las neuronas de sustancias qu\u00edmicas que da\u00f1an tus c\u00e9lulas.<\/li>\n<\/ol>\n<p>Recuerda, cuidarte hoy te prepara para un mejor futuro.<\/p>\n","protected":false},"excerpt":{"rendered":"<p>En el mundo se dan alrededor de 47,5 millones de personas que padecen demencia y cada a\u00f1o se registran 7,7 millones de nuevos casos, seg\u00fan los datos recogidos por la OMS. Es evidente que tanto la demencia senil como el Alzheimer son enfermedades comunes entre la poblaci\u00f3n y esto se debe a que son una &#8230; <\/p>\n<p class=\"read-more-container\"><a title=\"\u00bfHay diferencias entre la demencia senil y el Alzheimer?\" class=\"read-more button\" href=\"\/blog\/salud\/demencia-senil-alzheimer\/#more-2477\" aria-label=\"Leer m\u00e1s sobre \u00bfHay diferencias entre la demencia senil y el Alzheimer?\">Leer m\u00e1s<\/a><\/p>\n","protected":false},"author":3,"featured_media":2478,"comment_status":"open","ping_status":"open","sticky":false,"template":"","format":"standard","meta":{"_coblocks_attr":"","_coblocks_dimensions":"","_coblocks_responsive_height":"","_coblocks_accordion_ie_support":"","om_disable_all_campaigns":false,"_uf_show_specific_survey":0,"_uf_disable_surveys":false,"twitterCardType":"summary","cardImageID":0,"cardImage":"","cardTitle":"","cardDesc":"","cardImageAlt":"","cardPlayer":"","cardPlayerWidth":0,"cardPlayerHeight":0,"cardPlayerStream":"","cardPlayerCodec":"","footnotes":""},"categories":[3],"tags":[],"aioseo_notices":[],"featured_image_src":"\/blog\/wp-content\/uploads\/2016\/09\/demencia_Alzheimer_Blog-ASISA.jpg","featured_image_src_square":"\/blog\/wp-content\/uploads\/2016\/09\/demencia_Alzheimer_Blog-ASISA.jpg","author_info":{"display_name":"ASISA","author_link":"\/blog\/author\/pgomezdu\/"},"_links":{"self":[{"href":"\/blog\/wp-json\/wp\/v2\/posts\/2477"}],"collection":[{"href":"\/blog\/wp-json\/wp\/v2\/posts"}],"about":[{"href":"\/blog\/wp-json\/wp\/v2\/types\/post"}],"author":[{"embeddable":true,"href":"\/blog\/wp-json\/wp\/v2\/users\/3"}],"replies":[{"embeddable":true,"href":"\/blog\/wp-json\/wp\/v2\/comments?post=2477"}],"version-history":[{"count":1,"href":"\/blog\/wp-json\/wp\/v2\/posts\/2477\/revisions"}],"predecessor-version":[{"id":2479,"href":"\/blog\/wp-json\/wp\/v2\/posts\/2477\/revisions\/2479"}],"wp:featuredmedia":[{"embeddable":true,"href":"\/blog\/wp-json\/wp\/v2\/media\/2478"}],"wp:attachment":[{"href":"\/blog\/wp-json\/wp\/v2\/media?parent=2477"}],"wp:term":[{"taxonomy":"category","embeddable":true,"href":"\/blog\/wp-json\/wp\/v2\/categories?post=2477"},{"taxonomy":"post_tag","embeddable":true,"href":"\/blog\/wp-json\/wp\/v2\/tags?post=2477"}],"curies":[{"name":"wp","href":"https:\/\/api.w.org\/{rel}","templated":true}]}}