{"id":2384,"date":"2016-08-02T10:45:31","date_gmt":"2016-08-02T08:45:31","guid":{"rendered":"http:\/\/www.blogdeasisa.es\/?p=2384"},"modified":"2016-08-04T14:17:54","modified_gmt":"2016-08-04T12:17:54","slug":"lactancia-materna-desarrollo-sostenible","status":"publish","type":"post","link":"\/blog\/salud\/lactancia-materna-desarrollo-sostenible\/","title":{"rendered":"La lactancia materna: clave para un desarrollo sostenible"},"content":{"rendered":"<p>Con el lema \u201c<strong>Lactancia Materna: clave para el desarrollo sostenible<\/strong>\u201d se desarrolla este a\u00f1o La Semana Mundial de la Lactancia Materna (SMLM). Del 1 al 7 de agosto m\u00e1s de 170 pa\u00edses luchan por fomentar la lactancia materna con la finalidad de <strong>mejorar la salud de los beb\u00e9s<\/strong> de todo el mundo y destacar su sostenibilidad como m\u00e9todo de alimentaci\u00f3n.<\/p>\n<p>La lactancia materna es la mejor manera de suministrar al reci\u00e9n nacido los nutrientes indispensables para su desarrollo, debido a que la leche natural es considerada el \u00fanico alimento necesario para los seis primeros meses de vida del beb\u00e9. Y es que la lactancia materna proporciona la nutrici\u00f3n y la seguridad alimentaria siendo la \u201c<strong>primera inmunizaci\u00f3n<\/strong>\u201d del beb\u00e9. Por este motivo, es muy importante el respaldo de esta pr\u00e1ctica y de la iniciativa promovida por la Organizaci\u00f3n Mundial de la Salud (OMS) y el Fondo de las Naciones Unidas para la Infancia (UNICEF).<\/p>\n<p><strong>Sostenibilidad de la Lactancia Materna<\/strong><\/p>\n<p>Anclar firmemente la lactancia materna como un componente clave del desarrollo sostenible es el principal objetivo de la SMLM de este a\u00f1o. La lactancia materna es el principal enemigo de la pobreza alimentaria, y es la forma m\u00e1s natural y asequible para alimentar a los ni\u00f1os de hasta los dos a\u00f1os como m\u00ednimo. Adem\u00e1s, contribuye a eliminar la carga econ\u00f3mica que supone la alimentaci\u00f3n artificial.<\/p>\n<p>El desarrollo sostenible significa tambi\u00e9n proteger la salud y nutrici\u00f3n infantil en posibles tiempos de adversidad y desastres vinculados al cambio clim\u00e1tico, adem\u00e1s la lactancia materna es una forma ecol\u00f3gica que no afecta a la explotaci\u00f3n de recursos naturales.<\/p>\n<p>Los objetivos de la SMLM no son \u00fanicamente cuestiones generales, como pueden ser el cambio clim\u00e1tico, el calentamiento global o la reducci\u00f3n de la pobreza, sino que va m\u00e1s all\u00e1, tratando cuestiones como acabar con el hambre y reducir la desnutrici\u00f3n, garantizar una vida sana y la promoci\u00f3n del bienestar, promover una educaci\u00f3n equitativa o responsabilizarse ante la producci\u00f3n agr\u00edcola y el consumo sostenibles.<\/p>\n<p><strong>Trabajando por la normalizaci\u00f3n de la Lactancia Materna<\/strong><\/p>\n<p>Aunque las pr\u00e1cticas de lactancias son diferentes en todas partes del mundo, hoy en d\u00eda las mujeres que dan el pecho no se sienten del todo c\u00f3modas y seguras al amamantar a sus hijos en lugares p\u00fablicos. A trav\u00e9s de la SMLM se apoya de forma global para que \u00e9sta pr\u00e1ctica se convierta en algo habitual, promoviendo y apoyando a todas las madres.<\/p>\n<p>Es necesario concienciar a la sociedad sobre la importancia de la lactancia materna, as\u00ed como lograr una normalizaci\u00f3n de la acci\u00f3n y una mayor visibilidad para obtener leyes y pol\u00edticas nacionales que protejan y apoyen a las madres lactantes y a sus beb\u00e9s, y tambi\u00e9n para garantizar el respeto de sus derechos.<\/p>\n<p>Y t\u00fa, \u00bfqu\u00e9 har\u00edas para apoyar la lactancia materna?<\/p>\n","protected":false},"excerpt":{"rendered":"<p>Con el lema \u201cLactancia Materna: clave para el desarrollo sostenible\u201d se desarrolla este a\u00f1o La Semana Mundial de la Lactancia Materna (SMLM). Del 1 al 7 de agosto m\u00e1s de 170 pa\u00edses luchan por fomentar la lactancia materna con la finalidad de mejorar la salud de los beb\u00e9s de todo el mundo y destacar su &#8230; <\/p>\n<p class=\"read-more-container\"><a title=\"La lactancia materna: clave para un desarrollo sostenible\" class=\"read-more button\" href=\"\/blog\/salud\/lactancia-materna-desarrollo-sostenible\/#more-2384\" aria-label=\"Leer m\u00e1s sobre La lactancia materna: clave para un desarrollo sostenible\">Leer m\u00e1s<\/a><\/p>\n","protected":false},"author":3,"featured_media":2385,"comment_status":"open","ping_status":"open","sticky":false,"template":"","format":"standard","meta":{"_coblocks_attr":"","_coblocks_dimensions":"","_coblocks_responsive_height":"","_coblocks_accordion_ie_support":"","om_disable_all_campaigns":false,"_uf_show_specific_survey":0,"_uf_disable_surveys":false,"twitterCardType":"summary","cardImageID":0,"cardImage":"","cardTitle":"","cardDesc":"","cardImageAlt":"","cardPlayer":"","cardPlayerWidth":0,"cardPlayerHeight":0,"cardPlayerStream":"","cardPlayerCodec":"","footnotes":""},"categories":[3],"tags":[],"aioseo_notices":[],"featured_image_src":"\/blog\/wp-content\/uploads\/2016\/07\/Lactancia-Materna_Blog-de-ASISA.jpg","featured_image_src_square":"\/blog\/wp-content\/uploads\/2016\/07\/Lactancia-Materna_Blog-de-ASISA.jpg","author_info":{"display_name":"ASISA","author_link":"\/blog\/author\/pgomezdu\/"},"_links":{"self":[{"href":"\/blog\/wp-json\/wp\/v2\/posts\/2384"}],"collection":[{"href":"\/blog\/wp-json\/wp\/v2\/posts"}],"about":[{"href":"\/blog\/wp-json\/wp\/v2\/types\/post"}],"author":[{"embeddable":true,"href":"\/blog\/wp-json\/wp\/v2\/users\/3"}],"replies":[{"embeddable":true,"href":"\/blog\/wp-json\/wp\/v2\/comments?post=2384"}],"version-history":[{"count":1,"href":"\/blog\/wp-json\/wp\/v2\/posts\/2384\/revisions"}],"predecessor-version":[{"id":2386,"href":"\/blog\/wp-json\/wp\/v2\/posts\/2384\/revisions\/2386"}],"wp:featuredmedia":[{"embeddable":true,"href":"\/blog\/wp-json\/wp\/v2\/media\/2385"}],"wp:attachment":[{"href":"\/blog\/wp-json\/wp\/v2\/media?parent=2384"}],"wp:term":[{"taxonomy":"category","embeddable":true,"href":"\/blog\/wp-json\/wp\/v2\/categories?post=2384"},{"taxonomy":"post_tag","embeddable":true,"href":"\/blog\/wp-json\/wp\/v2\/tags?post=2384"}],"curies":[{"name":"wp","href":"https:\/\/api.w.org\/{rel}","templated":true}]}}