{"id":18068,"date":"2026-03-17T15:27:54","date_gmt":"2026-03-17T13:27:54","guid":{"rendered":"https:\/\/blogdeasisa.es\/?p=18068"},"modified":"2026-04-20T11:27:48","modified_gmt":"2026-04-20T09:27:48","slug":"como-fomentar-la-autonomia-de-los-hijos","status":"publish","type":"post","link":"\/blog\/familia\/como-fomentar-la-autonomia-de-los-hijos\/","title":{"rendered":"C\u00f3mo fomentar la autonom\u00eda de los hijos"},"content":{"rendered":"\n<p>Fomentar la <strong>autonom\u00eda de los hijos<\/strong> implica reconocerlos como <strong>personas capaces de tomar decisiones<\/strong> y de desarrollar <a href=\"\/blog\/\/vida-sostenible\/como-educar-a-los-hijos-para-que-cuiden-el-planeta\/\" target=\"_blank\" rel=\"noopener\" title=\"\">habilidades propias<\/a> desde las primeras etapas de la vida. A medida que crecen, van <strong>construyendo su identidad<\/strong>, expresando preferencias y formando opiniones que <strong>no siempre coinciden con las de los adultos<\/strong>.<\/p>\n\n\n\n<p>La evidencia cient\u00edfica muestra que <strong>fomentar la autonom\u00eda de los hijos<\/strong> desde <strong>edades tempranas<\/strong> mejora la autorregulaci\u00f3n emocional y conductual de los ni\u00f1os. Adem\u00e1s, estudios en infancia temprana asocian el <strong>apoyo parental<\/strong> a una mayor frecuencia de comportamientos aut\u00f3nomos, especialmente, durante el juego.<\/p>\n\n\n\n<figure class=\"wp-block-embed is-type-video is-provider-youtube wp-block-embed-youtube wp-embed-aspect-9-16 wp-has-aspect-ratio\"><div class=\"wp-block-embed__wrapper\">\n<iframe loading=\"lazy\" title=\"C\u00f3mo fomentar la autonom\u00eda de los hijos\" width=\"563\" height=\"1000\" src=\"https:\/\/www.youtube.com\/embed\/y_GdGiiL4JU?feature=oembed\" frameborder=\"0\" allow=\"accelerometer; autoplay; clipboard-write; encrypted-media; gyroscope; picture-in-picture; web-share\" referrerpolicy=\"strict-origin-when-cross-origin\" allowfullscreen><\/iframe>\n<\/div><\/figure>\n\n\n\n<div class=\"wp-block-stackable-heading stk-block-heading stk-block-heading--v2 stk-block stk-f25adc5\" id=\"strong-promover-la-autonomia-de-los-hijos-segun-la-edad-strong\" data-block-id=\"f25adc5\"><h2 class=\"stk-block-heading__text\"><strong>Promover la autonom\u00eda de los hijos seg\u00fan la edad<\/strong><\/h2><\/div>\n\n\n\n<p>El <strong>desarrollo de la autonom\u00eda<\/strong> no ocurre de manera repentina, sino que se construye desde los <strong>primeros meses de vida<\/strong>. Facilitar experiencias adaptadas permite que los ni\u00f1os ganen confianza en sus capacidades y asuman <strong>peque\u00f1as responsabilidades<\/strong> acordes a su madurez. Por etapas, estas ser\u00edan:<\/p>\n\n\n\n<ul>\n<li><strong>De 6 a 12 meses<\/strong>: permitiendo que el beb\u00e9 explore su entorno a trav\u00e9s de la manipulaci\u00f3n de objetos, tocando distintas texturas y empezando a alimentarse con las manos.<\/li>\n\n\n\n<li><strong>De 1 a 2 a\u00f1os<\/strong>: en esta etapa puede comenzar a comer y beber solo, participar en <strong>peque\u00f1as tareas<\/strong> como <strong>tirar objetos a la basura<\/strong> o <strong>ayudar a guardar cosas<\/strong>, as\u00ed como quitarse prendas sencillas como zapatos o calcetines.<\/li>\n\n\n\n<li><strong>De 2 a 3 a\u00f1os<\/strong>: el ni\u00f1o ya puede colaborar en <strong>rutinas diarias<\/strong> como <strong>lavarse las manos<\/strong>, <strong>peinarse<\/strong> o vestirse con ayuda m\u00ednima. Tambi\u00e9n empieza a reconocer d\u00f3nde se guardan sus objetos y puede ayudar a sacarlos y ordenarlos. Es capaz de <strong>jugar solo<\/strong> durante cortos periodos.<\/li>\n\n\n\n<li><strong>De 3 a 4 a\u00f1os<\/strong>: aumenta la conciencia del entorno y la <strong>colaboraci\u00f3n en tareas<\/strong> del hogar sencillas, como <strong>recoger juguetes<\/strong>, <strong>limpiar peque\u00f1os derrames<\/strong> o <strong>ayudar a guardar la compra<\/strong>. Tambi\u00e9n mejora la motricidad fina, lo que le permite <strong>abrochar y desabrochar botones<\/strong>.<\/li>\n\n\n\n<li><strong>De 4 a 5 a\u00f1os<\/strong>: ya puede <strong>asearse por la ma\u00f1ana<\/strong>, <strong>vestirse sin ayuda<\/strong>, hacer su cama, regar plantas, <strong>dar de comer a las mascotas<\/strong> o servirse alimentos sencillos. Tambi\u00e9n colabora en tareas dom\u00e9sticas como <strong>tender la ropa<\/strong>.<\/li>\n\n\n\n<li><strong>De 5 a 6 a\u00f1os<\/strong>: ya puede encargarse de su higiene con escasa supervisi\u00f3n, recoger su habitaci\u00f3n y participar en tareas como <strong>barrer<\/strong>, reciclar o <strong>pasar la aspiradora<\/strong>.<\/li>\n\n\n\n<li><strong>De 6 a 8 a\u00f1os<\/strong>: consolida los aprendizajes anteriores y adquiere habilidades m\u00e1s precisas, como doblar la ropa, guardarla correctamente o pelar una fruta.<\/li>\n<\/ul>\n\n\n\n<p>En esta etapa, <strong>fomentar la autonom\u00eda de los hijos <\/strong>implica permitir que el ni\u00f1o <strong>intente<\/strong>, se <strong>equivoque<\/strong> y <strong>vuelva a probar<\/strong> antes de intervenir. Darle tiempo para vestirse, dejar que organice sus materiales o <strong>asignarle responsabilidades<\/strong> en casa fortalece su autoestima y su sensaci\u00f3n de competencia.<\/p>\n\n\n\n<div class=\"wp-block-stackable-heading stk-block-heading stk-block-heading--v2 stk-block stk-9743a49\" id=\"strong-otros-consejos-para-impulsar-la-autonomia-de-los-hijos-strong\" data-block-id=\"9743a49\"><h2 class=\"stk-block-heading__text\"><strong>Otros consejos para impulsar la autonom\u00eda de los hijos<\/strong><\/h2><\/div>\n\n\n\n<p>El desarrollo de la autonom\u00eda de los hijos est\u00e1 influido por <strong>m\u00faltiples factores<\/strong>, como las <strong>relaciones sociales<\/strong>, las <strong>capacidades cognitivas<\/strong> y los <strong>rasgos de personalidad<\/strong> de cada ni\u00f1o. Por ello, <strong>no todos avanzan al mismo ritmo<\/strong> ni alcanzan los mismos hitos al mismo tiempo.<\/p>\n\n\n\n<p>En este sentido, algunos ni\u00f1os muestran <strong>independencia temprana<\/strong>, mientras que otros necesitan un apoyo m\u00e1s prolongado antes de <strong>sentirse seguros<\/strong> actuando por s\u00ed mismos. Respetar estos tiempos, sin comparaciones ni exigencias, resulta fundamental para <strong>evitar frustraciones<\/strong>.<\/p>\n\n\n\n<p>Durante todo este proceso, mantener un <strong>v\u00ednculo emocional s\u00f3lido<\/strong> es esencial. El di\u00e1logo, la escucha activa, la confianza y el acompa\u00f1amiento respetuoso permiten que los ni\u00f1os se sientan seguros mientras exploran su <a href=\"https:\/\/www.sciencedirect.com\/science\/article\/abs\/pii\/S0193397318300303\" target=\"_blank\" rel=\"noreferrer noopener\">autonom\u00eda<\/a>. Saber que cuentan con el respaldo de sus padres les facilita <strong>asumir nuevos retos<\/strong> con mayor serenidad.<\/p>\n\n\n\n<div class=\"wp-block-stackable-icon-box stk-block-icon-box stk-block stk-9778e03 stk-block-background\" data-v=\"2\" data-block-id=\"9778e03\"><style>.stk-9778e03{background-color:#efeee9 !important}.stk-9778e03:before{background-color:#efeee9 !important}<\/style><div class=\"stk-block-content stk-inner-blocks stk-block-icon-box__content stk-container stk-9778e03-container stk--no-background stk--no-padding\">\n<div class=\"wp-block-stackable-icon-label stk-block-icon-label stk-block stk-fdd9455\" data-block-id=\"fdd9455\"><div class=\"stk-row stk-inner-blocks stk-block-content\">\n<div class=\"wp-block-stackable-icon stk-block-icon has-text-align-left stk-block stk-bf36c07\" data-block-id=\"bf36c07\"><style>.stk-bf36c07 .stk--svg-wrapper .stk--inner-svg svg:last-child,.stk-bf36c07 .stk--svg-wrapper .stk--inner-svg svg:last-child :is(g,path,rect,polygon,ellipse){fill:#085086 !important}<\/style><span class=\"stk--svg-wrapper\"><div class=\"stk--inner-svg\"><svg style=\"height:0;width:0\"><defs><linearGradient id=\"linear-gradient-bf36c07\" x1=\"0\" x2=\"100%\" y1=\"0\" y2=\"0\"><stop offset=\"0%\" style=\"stop-opacity:1;stop-color:var(--linear-gradient-bf-36-c-07-color-1)\"><\/stop><stop offset=\"100%\" style=\"stop-opacity:1;stop-color:var(--linear-gradient-bf-36-c-07-color-2)\"><\/stop><\/linearGradient><\/defs><\/svg><svg xmlns=\"http:\/\/www.w3.org\/2000\/svg\" viewBox=\"0 0 512 512\" aria-hidden=\"true\" width=\"32\" height=\"32\"><path d=\"M478.21 334.093L336 256l142.21-78.093c11.795-6.477 15.961-21.384 9.232-33.037l-19.48-33.741c-6.728-11.653-21.72-15.499-33.227-8.523L296 186.718l3.475-162.204C299.763 11.061 288.937 0 275.48 0h-38.96c-13.456 0-24.283 11.061-23.994 24.514L216 186.718 77.265 102.607c-11.506-6.976-26.499-3.13-33.227 8.523l-19.48 33.741c-6.728 11.653-2.562 26.56 9.233 33.037L176 256 33.79 334.093c-11.795 6.477-15.961 21.384-9.232 33.037l19.48 33.741c6.728 11.653 21.721 15.499 33.227 8.523L216 325.282l-3.475 162.204C212.237 500.939 223.064 512 236.52 512h38.961c13.456 0 24.283-11.061 23.995-24.514L296 325.282l138.735 84.111c11.506 6.976 26.499 3.13 33.227-8.523l19.48-33.741c6.728-11.653 2.563-26.559-9.232-33.036z\"><\/path><\/svg><\/div><\/span><\/div>\n\n\n\n<div class=\"wp-block-stackable-heading stk-block-heading stk-block-heading--v2 stk-block stk-b944d37\" id=\"recuerda\" data-block-id=\"b944d37\"><h4 class=\"stk-block-heading__text\">Recuerda<\/h4><\/div>\n<\/div><\/div>\n\n\n\n<div class=\"wp-block-stackable-heading stk-block-heading stk-block-heading--v2 stk-block stk-8fdaf0b\" id=\"fomentar-la-autonomia-de-los-hijos-desde-edades-tempranas-se-asocia-con-una-mejor-autorregulacion-emocional-y-conductual\" data-block-id=\"8fdaf0b\"><style>.stk-8fdaf0b{margin-bottom:12px !important}<\/style><h5 class=\"stk-block-heading__text\">Fomentar la autonom\u00eda de los hijos desde edades tempranas se asocia con una mejor autorregulaci\u00f3n emocional y conductual.<\/h5><\/div>\n\n\n\n<div class=\"wp-block-stackable-heading stk-block-heading stk-block-heading--v2 stk-block stk-cc58323\" id=\"la-autonomia-de-los-hijos-se-desarrolla-de-forma-progresiva-entre-los-6-meses-y-los-8-anos-mediante-tareas-cotidianas\" data-block-id=\"cc58323\"><style>.stk-cc58323{margin-bottom:10px !important}<\/style><h5 class=\"stk-block-heading__text\">La autonom\u00eda de los hijos se desarrolla de forma progresiva entre los 6 meses y los 8 a\u00f1os mediante tareas cotidianas.<\/h5><\/div>\n\n\n\n<div class=\"wp-block-stackable-heading stk-block-heading stk-block-heading--v2 stk-block stk-4338811\" id=\"la-campana-tiene-objetivo-que-los-ninos-adquieran-habitos-para-mantener-una-espalda-sana-y-fuerte-a-lo-largo-de-toda-su-vida-sta-campana-viene-acompanada-de-una-nueva-edicion-de-el-em-tebeo-de-la-espalda-em\" data-block-id=\"4338811\"><style>.stk-4338811{margin-bottom:10px !important}<\/style><h5 class=\"stk-block-heading__text\">Respetar los ritmos individuales y mantener un v\u00ednculo emocional s\u00f3lido favorece que los ni\u00f1os ganen confianza para asumir responsabilidades.<\/h5><\/div>\n<\/div><\/div>\n","protected":false},"excerpt":{"rendered":"<p>Fomentar la autonom\u00eda de los hijos implica reconocerlos como personas capaces de tomar decisiones y de desarrollar habilidades propias desde las primeras etapas de la vida. A medida que crecen, van construyendo su identidad, expresando preferencias y formando opiniones que no siempre coinciden con las de los adultos. La evidencia cient\u00edfica muestra que fomentar la &#8230; <\/p>\n<p class=\"read-more-container\"><a title=\"C\u00f3mo fomentar la autonom\u00eda de los hijos\" class=\"read-more button\" href=\"\/blog\/familia\/como-fomentar-la-autonomia-de-los-hijos\/#more-18068\" aria-label=\"Leer m\u00e1s sobre C\u00f3mo fomentar la autonom\u00eda de los hijos\">Leer m\u00e1s<\/a><\/p>\n","protected":false},"author":8,"featured_media":18069,"comment_status":"closed","ping_status":"closed","sticky":false,"template":"","format":"standard","meta":{"_coblocks_attr":"","_coblocks_dimensions":"","_coblocks_responsive_height":"","_coblocks_accordion_ie_support":"","om_disable_all_campaigns":false,"_uf_show_specific_survey":0,"_uf_disable_surveys":false,"twitterCardType":"","cardImageID":0,"cardImage":"","cardTitle":"","cardDesc":"","cardImageAlt":"","cardPlayer":"","cardPlayerWidth":0,"cardPlayerHeight":0,"cardPlayerStream":"","cardPlayerCodec":"","footnotes":""},"categories":[82,85],"tags":[],"aioseo_notices":[],"featured_image_src":"\/blog\/wp-content\/uploads\/2026\/03\/Autonomia-de-los-hijos-600x400.jpg","featured_image_src_square":"\/blog\/wp-content\/uploads\/2026\/03\/Autonomia-de-los-hijos-600x600.jpg","author_info":{"display_name":"ASISA","author_link":"\/blog\/author\/laragsoto\/"},"_links":{"self":[{"href":"\/blog\/wp-json\/wp\/v2\/posts\/18068"}],"collection":[{"href":"\/blog\/wp-json\/wp\/v2\/posts"}],"about":[{"href":"\/blog\/wp-json\/wp\/v2\/types\/post"}],"author":[{"embeddable":true,"href":"\/blog\/wp-json\/wp\/v2\/users\/8"}],"replies":[{"embeddable":true,"href":"\/blog\/wp-json\/wp\/v2\/comments?post=18068"}],"version-history":[{"count":3,"href":"\/blog\/wp-json\/wp\/v2\/posts\/18068\/revisions"}],"predecessor-version":[{"id":18254,"href":"\/blog\/wp-json\/wp\/v2\/posts\/18068\/revisions\/18254"}],"wp:featuredmedia":[{"embeddable":true,"href":"\/blog\/wp-json\/wp\/v2\/media\/18069"}],"wp:attachment":[{"href":"\/blog\/wp-json\/wp\/v2\/media?parent=18068"}],"wp:term":[{"taxonomy":"category","embeddable":true,"href":"\/blog\/wp-json\/wp\/v2\/categories?post=18068"},{"taxonomy":"post_tag","embeddable":true,"href":"\/blog\/wp-json\/wp\/v2\/tags?post=18068"}],"curies":[{"name":"wp","href":"https:\/\/api.w.org\/{rel}","templated":true}]}}