{"id":18054,"date":"2026-03-23T13:55:41","date_gmt":"2026-03-23T11:55:41","guid":{"rendered":"https:\/\/www.blogdeasisa.es\/?p=18054"},"modified":"2026-04-20T11:53:28","modified_gmt":"2026-04-20T09:53:28","slug":"seguro-de-viaje-con-cancelacion","status":"publish","type":"post","link":"\/blog\/viajes\/seguro-de-viaje-con-cancelacion\/","title":{"rendered":"Seguro de viaje con cancelaci\u00f3n: qu\u00e9 cubre ante imprevistos"},"content":{"rendered":"\n<p>\u00bfSeguro de viaje con cancelaci\u00f3n? Con la llegada de la <strong>Semana Santa<\/strong>, muchas personas aprovechan unos d\u00edas de descanso para <a href=\"\/viajes\/guia-practica-para-planificar-un-viaje\/\" target=\"_blank\" rel=\"noreferrer noopener\">viajar<\/a> dentro o fuera de Espa\u00f1a. Son fechas en las que <strong>aumentan los desplazamientos<\/strong> y, con ellos, tambi\u00e9n las <strong>reservas de vuelos, alojamientos y actividades.<\/strong> Sin embargo, en ocasiones los planes pueden verse alterados por <strong>imprevistos <\/strong>como cancelaciones de vuelos, problemas log\u00edsticos o situaciones de inestabilidad internacional que afectan al transporte o al destino elegido.<\/p>\n\n\n\n<p>Ante este tipo de situaciones, cada vez m\u00e1s viajeros optan por contratar un <strong><a href=\"\/blog\/\/viajes\/consejos-viajes\/por-que-tener-un-seguro-de-asistencia-en-viajes\/#more-11442\" target=\"_blank\" rel=\"noopener\" title=\"\">seguro de viaje<\/a><\/strong> que les proteja frente a posibles <strong>incidencias<\/strong>. La cancelaci\u00f3n o interrupci\u00f3n del viaje es, de hecho, una de las principales preocupaciones de quienes viajan. Cuando se ha invertido dinero en billetes de avi\u00f3n, hoteles o excursiones, la posibilidad de perder esa inversi\u00f3n genera<strong> incertidumbre y estr\u00e9s.<\/strong><\/p>\n\n\n\n<p>Por eso, los seguros de viaje con cobertura de cancelaci\u00f3n se han convertido en una herramienta \u00fatil para <strong>proteger los gastos del viaje<\/strong> ante determinadas circunstancias imprevistas. No obstante, antes de contratar una p\u00f3liza es importante conocer con detalle qu\u00e9 situaciones est\u00e1n cubiertas y cu\u00e1les no, ya que cada seguro establece condiciones espec\u00edficas.<\/p>\n\n\n\n<div class=\"wp-block-stackable-heading stk-block-heading stk-block-heading--v2 stk-block stk-69b4975\" id=\"que-cubre-un-seguro-de-viaje-con-cancelacion\" data-block-id=\"69b4975\"><h2 class=\"stk-block-heading__text\">\u00bfQu\u00e9 cubre un seguro de viaje con cancelaci\u00f3n?<\/h2><\/div>\n\n\n\n<p>Las coberturas de un seguro de viaje con cancelaci\u00f3n pueden variar seg\u00fan la aseguradora y el <strong>tipo de p\u00f3liza contratada,<\/strong> pero en general un seguro de viaje con cancelaci\u00f3n puede contemplar situaciones como las siguientes:<\/p>\n\n\n\n<ul>\n<li><strong>Cancelaci\u00f3n del viaje antes de salir:<\/strong> si surge un imprevisto cubierto por la p\u00f3liza, como una enfermedad, un accidente o determinados acontecimientos graves, el seguro puede reembolsar los gastos no recuperables del viaje, como los billetes de transporte, el alojamiento o las actividades contratadas.<\/li>\n\n\n\n<li><strong>Interrupci\u00f3n del viaje una vez iniciado:<\/strong> si ocurre una situaci\u00f3n que obliga a regresar antes de lo previsto, algunas p\u00f3lizas cubren los gastos derivados del regreso anticipado o de la modificaci\u00f3n del transporte.<\/li>\n\n\n\n<li><strong>Prolongaci\u00f3n de la estancia: <\/strong>en determinados casos, si el viajero se ve obligado a permanecer m\u00e1s tiempo en el destino debido a cancelaciones de vuelos, cierre de fronteras o restricciones de transporte, el seguro puede asumir gastos adicionales como el alojamiento o la manutenci\u00f3n, hasta el l\u00edmite establecido en el contrato.<\/li>\n\n\n\n<li><strong>Asistencia durante el viaje: <\/strong>adem\u00e1s de las coberturas de cancelaci\u00f3n, muchos seguros incluyen asistencia m\u00e9dica, apoyo log\u00edstico, orientaci\u00f3n en caso de incidencias o ayuda si se pierde el equipaje.<\/li>\n\n\n\n<li><strong>Seguro de cancelaci\u00f3n con libre desistimiento: <\/strong>algunas p\u00f3lizas permiten cancelar el viaje sin necesidad de justificar una causa concreta. Esta modalidad suele tener un coste mayor, pero ofrece mayor flexibilidad al viajero, ya que permite recuperar parte de la inversi\u00f3n incluso cuando la cancelaci\u00f3n se debe a un cambio de planes personales.<\/li>\n<\/ul>\n\n\n\n<p>Es importante <strong>revisar <\/strong>siempre las condiciones espec\u00edficas de cada seguro, ya que las coberturas pueden variar y existen l\u00edmites econ\u00f3micos, plazos de contrataci\u00f3n y exclusiones concretas.<\/p>\n\n\n\n<div class=\"wp-block-stackable-heading stk-block-heading stk-block-heading--v2 stk-block stk-79eec91\" id=\"strong-que-ocurre-si-el-conflicto-o-el-problema-ya-existia-antes-de-contratar-el-seguro-strong\" data-block-id=\"79eec91\"><h2 class=\"stk-block-heading__text\"><strong>\u00bfQu\u00e9 ocurre si el conflicto o el problema ya exist\u00eda antes de contratar el seguro?<\/strong><\/h2><\/div>\n\n\n\n<p>Un aspecto clave que conviene tener en cuenta es que la mayor\u00eda de las aseguradoras solo cubren situaciones <strong>imprevistas<\/strong>. Esto significa que, si el problema ya exist\u00eda antes de contratar la p\u00f3liza, por ejemplo, un conflicto internacional declarado o una recomendaci\u00f3n oficial de no viajar al destino, es posible que la cancelaci\u00f3n no est\u00e9 cubierta.<\/p>\n\n\n\n<p>Por este motivo, los especialistas recomiendan contratar el seguro en el<strong> mismo momento en que se reserva el viaje o lo antes posible<\/strong>. De esta forma, se garantiza que las coberturas est\u00e9n activas ante cualquier incidente que pueda surgir posteriormente.<\/p>\n\n\n\n<p>Adem\u00e1s, <strong>revisar con atenci\u00f3n las condiciones del contrato<\/strong> permite conocer qu\u00e9 situaciones concretas contempla la p\u00f3liza y cu\u00e1les quedan excluidas.<\/p>\n\n\n\n<div class=\"wp-block-stackable-heading stk-block-heading stk-block-heading--v2 stk-block stk-7934737\" id=\"strong-y-si-cancelan-el-vuelo-strong\" data-block-id=\"7934737\"><h2 class=\"stk-block-heading__text\"><strong>\u00bfY si cancelan el vuelo?<\/strong><\/h2><\/div>\n\n\n\n<p>En caso de que sea la compa\u00f1\u00eda a\u00e9rea quien cancele el vuelo, por ejemplo, debido a <strong>problemas operativos, condiciones meteorol\u00f3gicas o al cierre del espacio a\u00e9reo<\/strong>, la responsabilidad del reembolso suele recaer en la propia <strong>aerol\u00ednea<\/strong>.<\/p>\n\n\n\n<p>En estas situaciones, el pasajero puede<strong> solicitar la devoluci\u00f3n del importe del billete o un transporte alternativo hasta su destino.<\/strong> Si la compa\u00f1\u00eda no ofrece una soluci\u00f3n o no responde en el plazo establecido, el viajero puede presentar una <strong>reclamaci\u00f3n <\/strong>ante los organismos correspondientes.<\/p>\n\n\n\n<p>El <a href=\"https:\/\/oficial.asisa.es\/viajes?utm_source=google&amp;utm_medium=cpc&amp;utm_campaign=SIDN_2024_06_search_marca_ramos_capt&amp;gad_source=1&amp;gad_campaignid=21817261618&amp;gbraid=0AAAAADE3bfzURAjiX25AFNdF-zbEl9Dug&amp;gclid=CjwKCAjw1N7NBhAoEiwAcPchp4okAR-tEyq54GuUqKwJQsdpsWm859TAaX3fs4sxwiduLZOcQ9a80BoCrgUQAvD_BwE\" target=\"_blank\" data-type=\"link\" data-id=\"https:\/\/oficial.asisa.es\/viajes?utm_source=google&amp;utm_medium=cpc&amp;utm_campaign=SIDN_2024_06_search_marca_ramos_capt&amp;gad_source=1&amp;gad_campaignid=21817261618&amp;gbraid=0AAAAADE3bfzURAjiX25AFNdF-zbEl9Dug&amp;gclid=CjwKCAjw1N7NBhAoEiwAcPchp4okAR-tEyq54GuUqKwJQsdpsWm859TAaX3fs4sxwiduLZOcQ9a80BoCrgUQAvD_BwE\" rel=\"noreferrer noopener\">seguro de viaje<\/a>, por su parte, puede complementar esta protecci\u00f3n <strong>cubriendo determinados gastos<\/strong> derivados de la cancelaci\u00f3n o del retraso, como noches adicionales de hotel o cambios de transporte, siempre que estas situaciones est\u00e9n contempladas en la p\u00f3liza contratada.<\/p>\n\n\n\n<p>Por ello, contar con un seguro de viaje adecuado puede aportar mayor <strong>tranquilidad<\/strong>, especialmente en periodos de alta movilidad como las vacaciones de Semana Santa.<\/p>\n\n\n\n<div class=\"wp-block-stackable-icon-box stk-block-icon-box stk-block stk-9778e03 stk-block-background\" data-v=\"2\" data-block-id=\"9778e03\"><style>.stk-9778e03{background-color:#efeee9 !important}.stk-9778e03:before{background-color:#efeee9 !important}<\/style><div class=\"stk-block-content stk-inner-blocks stk-block-icon-box__content stk-container stk-9778e03-container stk--no-background stk--no-padding\">\n<div class=\"wp-block-stackable-icon-label stk-block-icon-label stk-block stk-fdd9455\" data-block-id=\"fdd9455\"><div class=\"stk-row stk-inner-blocks stk-block-content\">\n<div class=\"wp-block-stackable-icon stk-block-icon has-text-align-left stk-block stk-bf36c07\" data-block-id=\"bf36c07\"><style>.stk-bf36c07 .stk--svg-wrapper .stk--inner-svg svg:last-child,.stk-bf36c07 .stk--svg-wrapper .stk--inner-svg svg:last-child :is(g,path,rect,polygon,ellipse){fill:#085086 !important}<\/style><span class=\"stk--svg-wrapper\"><div class=\"stk--inner-svg\"><svg style=\"height:0;width:0\"><defs><linearGradient id=\"linear-gradient-bf36c07\" x1=\"0\" x2=\"100%\" y1=\"0\" y2=\"0\"><stop offset=\"0%\" style=\"stop-opacity:1;stop-color:var(--linear-gradient-bf-36-c-07-color-1)\"><\/stop><stop offset=\"100%\" style=\"stop-opacity:1;stop-color:var(--linear-gradient-bf-36-c-07-color-2)\"><\/stop><\/linearGradient><\/defs><\/svg><svg xmlns=\"http:\/\/www.w3.org\/2000\/svg\" viewBox=\"0 0 512 512\" aria-hidden=\"true\" width=\"32\" height=\"32\"><path d=\"M478.21 334.093L336 256l142.21-78.093c11.795-6.477 15.961-21.384 9.232-33.037l-19.48-33.741c-6.728-11.653-21.72-15.499-33.227-8.523L296 186.718l3.475-162.204C299.763 11.061 288.937 0 275.48 0h-38.96c-13.456 0-24.283 11.061-23.994 24.514L216 186.718 77.265 102.607c-11.506-6.976-26.499-3.13-33.227 8.523l-19.48 33.741c-6.728 11.653-2.562 26.56 9.233 33.037L176 256 33.79 334.093c-11.795 6.477-15.961 21.384-9.232 33.037l19.48 33.741c6.728 11.653 21.721 15.499 33.227 8.523L216 325.282l-3.475 162.204C212.237 500.939 223.064 512 236.52 512h38.961c13.456 0 24.283-11.061 23.995-24.514L296 325.282l138.735 84.111c11.506 6.976 26.499 3.13 33.227-8.523l19.48-33.741c6.728-11.653 2.563-26.559-9.232-33.036z\"><\/path><\/svg><\/div><\/span><\/div>\n\n\n\n<div class=\"wp-block-stackable-heading stk-block-heading stk-block-heading--v2 stk-block stk-b944d37\" id=\"recuerda\" data-block-id=\"b944d37\"><h4 class=\"stk-block-heading__text\">Recuerda<\/h4><\/div>\n<\/div><\/div>\n\n\n\n<div class=\"wp-block-stackable-heading stk-block-heading stk-block-heading--v2 stk-block stk-8fdaf0b\" id=\"un-seguro-de-viaje-puede-ayudarte-a-proteger-la-inversion-realizada-en-transporte-alojamiento-y-actividades-no-todas-las-polizas-cubren-las-mismas-situaciones-por-lo-que-es-importante-revisar-las-condiciones-antes-de-contratar\" data-block-id=\"8fdaf0b\"><style>.stk-8fdaf0b{margin-bottom:12px !important}<\/style><h5 class=\"stk-block-heading__text\">Un seguro de viaje puede ayudarte a proteger la inversi\u00f3n realizada en transporte, alojamiento y actividades. No todas las p\u00f3lizas cubren las mismas situaciones, por lo que es importante revisar las condiciones antes de contratar.<\/h5><\/div>\n\n\n\n<div class=\"wp-block-stackable-heading stk-block-heading stk-block-heading--v2 stk-block stk-cc58323\" id=\"la-cancelacion-del-vuelo-suele-ser-responsabilidad-de-la-aerolinea-aunque-el-seguro-puede-cubrir-gastos-adicionales\" data-block-id=\"cc58323\"><style>.stk-cc58323{margin-bottom:10px !important}<\/style><h5 class=\"stk-block-heading__text\">La cancelaci\u00f3n del vuelo suele ser responsabilidad de la aerol\u00ednea, aunque el seguro puede cubrir gastos adicionales.<\/h5><\/div>\n\n\n\n<div class=\"wp-block-stackable-heading stk-block-heading stk-block-heading--v2 stk-block stk-4338811\" id=\"la-campana-tiene-objetivo-que-los-ninos-adquieran-habitos-para-mantener-una-espalda-sana-y-fuerte-a-lo-largo-de-toda-su-vida-sta-campana-viene-acompanada-de-una-nueva-edicion-de-el-em-tebeo-de-la-espalda-em\" data-block-id=\"4338811\"><style>.stk-4338811{margin-bottom:10px !important}<\/style><h5 class=\"stk-block-heading__text\">Contratar el seguro con antelaci\u00f3n permite acceder a m\u00e1s coberturas ante imprevistos. Viajar con protecci\u00f3n ofrece mayor tranquilidad, especialmente en periodos de gran movimiento tur\u00edstico.<\/h5><\/div>\n<\/div><\/div>\n","protected":false},"excerpt":{"rendered":"<p>\u00bfSeguro de viaje con cancelaci\u00f3n? Con la llegada de la Semana Santa, muchas personas aprovechan unos d\u00edas de descanso para viajar dentro o fuera de Espa\u00f1a. Son fechas en las que aumentan los desplazamientos y, con ellos, tambi\u00e9n las reservas de vuelos, alojamientos y actividades. Sin embargo, en ocasiones los planes pueden verse alterados por &#8230; <\/p>\n<p class=\"read-more-container\"><a title=\"Seguro de viaje con cancelaci\u00f3n: qu\u00e9 cubre ante imprevistos\" class=\"read-more button\" href=\"\/blog\/viajes\/seguro-de-viaje-con-cancelacion\/#more-18054\" aria-label=\"Leer m\u00e1s sobre Seguro de viaje con cancelaci\u00f3n: qu\u00e9 cubre ante imprevistos\">Leer m\u00e1s<\/a><\/p>\n","protected":false},"author":8,"featured_media":18106,"comment_status":"closed","ping_status":"closed","sticky":false,"template":"","format":"standard","meta":{"_coblocks_attr":"","_coblocks_dimensions":"","_coblocks_responsive_height":"","_coblocks_accordion_ie_support":"","om_disable_all_campaigns":false,"_uf_show_specific_survey":0,"_uf_disable_surveys":false,"twitterCardType":"","cardImageID":0,"cardImage":"","cardTitle":"","cardDesc":"","cardImageAlt":"","cardPlayer":"","cardPlayerWidth":0,"cardPlayerHeight":0,"cardPlayerStream":"","cardPlayerCodec":"","footnotes":""},"categories":[88,86],"tags":[],"aioseo_notices":[],"featured_image_src":"\/blog\/wp-content\/uploads\/2026\/03\/seguro-de-viaje-con-cancelacion-600x400.png","featured_image_src_square":"\/blog\/wp-content\/uploads\/2026\/03\/seguro-de-viaje-con-cancelacion-600x600.png","author_info":{"display_name":"ASISA","author_link":"\/blog\/author\/laragsoto\/"},"_links":{"self":[{"href":"\/blog\/wp-json\/wp\/v2\/posts\/18054"}],"collection":[{"href":"\/blog\/wp-json\/wp\/v2\/posts"}],"about":[{"href":"\/blog\/wp-json\/wp\/v2\/types\/post"}],"author":[{"embeddable":true,"href":"\/blog\/wp-json\/wp\/v2\/users\/8"}],"replies":[{"embeddable":true,"href":"\/blog\/wp-json\/wp\/v2\/comments?post=18054"}],"version-history":[{"count":4,"href":"\/blog\/wp-json\/wp\/v2\/posts\/18054\/revisions"}],"predecessor-version":[{"id":18257,"href":"\/blog\/wp-json\/wp\/v2\/posts\/18054\/revisions\/18257"}],"wp:featuredmedia":[{"embeddable":true,"href":"\/blog\/wp-json\/wp\/v2\/media\/18106"}],"wp:attachment":[{"href":"\/blog\/wp-json\/wp\/v2\/media?parent=18054"}],"wp:term":[{"taxonomy":"category","embeddable":true,"href":"\/blog\/wp-json\/wp\/v2\/categories?post=18054"},{"taxonomy":"post_tag","embeddable":true,"href":"\/blog\/wp-json\/wp\/v2\/tags?post=18054"}],"curies":[{"name":"wp","href":"https:\/\/api.w.org\/{rel}","templated":true}]}}