{"id":17850,"date":"2026-01-22T15:09:00","date_gmt":"2026-01-22T13:09:00","guid":{"rendered":"https:\/\/www.blogdeasisa.es\/?p=17850"},"modified":"2026-01-22T15:13:50","modified_gmt":"2026-01-22T13:13:50","slug":"reduccion-de-vitamina-d-en-invierno","status":"publish","type":"post","link":"\/blog\/salud\/reduccion-de-vitamina-d-en-invierno\/","title":{"rendered":"\u00bfPor qu\u00e9 en invierno se reducen los niveles de vitamina D?"},"content":{"rendered":"\n<p>Con la llegada del <a href=\"\/\/salud\/reforzar-las-defensas-en-otono\/\" target=\"_blank\" rel=\"noreferrer noopener\">fr\u00edo<\/a>, <strong>el d\u00e9ficit de vitamina D<\/strong> se convierte en un protagonista silencioso de nuestra salud. Para entenderlo de forma sencilla, al hacernos un an\u00e1lisis, lo ideal es que la <strong>vitamina D <\/strong>est\u00e9 por encima de los <strong>20 ng\/mL<\/strong>. En este sentido, <strong>por debajo de 12 ng\/mL<\/strong> hablamos de deficiencia.<\/p>\n\n\n\n<p>Esto sucede con mayor frecuencia en invierno porque <strong>recibimos menos radiaci\u00f3n solar \u00fatil<\/strong>, que es la que permite que la piel produzca la vitamina D. Adem\u00e1s, <strong>pasamos m\u00e1s tiempo en interiores<\/strong>, hay <strong>menos horas de luz<\/strong> y llevamos <strong>m\u00e1s ropa que cubre la piel<\/strong>, reduciendo la exposici\u00f3n al sol. Por eso, incluso en d\u00edas soleados, <strong>el cuerpo sintetiza menos vitamina D que en primavera o verano<\/strong>.<\/p>\n\n\n\n<div class=\"wp-block-stackable-heading stk-block-heading stk-block-heading--v2 stk-block stk-e12c701\" id=\"strong-4-sintomas-del-deficit-de-vitamina-d-strong\" data-block-id=\"e12c701\"><h2 class=\"stk-block-heading__text\"><strong>4 s\u00edntomas del d\u00e9ficit de vitamina D<\/strong><\/h2><\/div>\n\n\n\n<p>Cuando existe un <strong>d\u00e9ficit de vitamina D<\/strong>, nos puede resultar complicado asociar los s\u00edntomas a esta causa concreta, ya que pueden ser muy diferentes entre s\u00ed. Estos son sus 4 signos m\u00e1s comunes:<\/p>\n\n\n\n<ol>\n<li><strong>Alteraciones \u00f3seas y musculares<\/strong>: se altera el metabolismo del <strong>calcio<\/strong> y el <strong>f\u00f3sforo<\/strong>, comprometiendo la <strong>mineralizaci\u00f3n \u00f3sea<\/strong>. A nivel muscular, se asocia con debilidad, p\u00e9rdida de fuerza y un mayor riesgo de ca\u00eddas, especialmente en personas mayores.<\/li>\n\n\n\n<li><strong>Impacto en el sistema inmunitario<\/strong>: esta vitamina participa en la <strong>regulaci\u00f3n inmunitaria<\/strong>. Su d\u00e9ficit se ha relacionado con <strong>mayor susceptibilidad <\/strong>a infecciones.\u00a0<\/li>\n\n\n\n<li><strong>Fatiga y s\u00edntomas generales<\/strong>: los bajos niveles de vitamina D pueden cursar con <strong>cansancio persistente<\/strong>, dolor muscular difuso y <strong>malestar general<\/strong>. Por otro lado, se ha relacionado con alteraciones del estado de \u00e1nimo, como <strong>s\u00edntomas depresivos leves<\/strong>.<\/li>\n\n\n\n<li><strong>Repercusiones cardiovasculares y metab\u00f3licas<\/strong>: se han asociado niveles insuficientes de vitamina D con un <a href=\"https:\/\/secardiologia.es\/clinica\/publicaciones\/actualidad-cardiologia-clinica\/abril-2024\/14959-vitamina-d-y-enfermedad-cardiovascular\" target=\"_blank\" rel=\"noopener\">mayor riesgo<\/a> cardiovascular y de alteraciones del metabolismo.<\/li>\n<\/ol>\n\n\n\n<p>Adem\u00e1s, tienen m\u00e1s riesgo de presentar un d\u00e9ficit de vitamina D las personas con problemas que impiden absorberla bien. Esto ocurre en la <strong>celiaqu\u00eda<\/strong>, as\u00ed como quienes toman ciertos <strong>f\u00e1rmacos que alteran su metabolismo<\/strong>. Tambi\u00e9n es m\u00e1s habitual en personas con <strong>sobrepeso<\/strong>, en pacientes con <strong>insuficiencia renal<\/strong> y durante el <strong>embarazo<\/strong>.<\/p>\n\n\n\n<figure class=\"wp-block-embed is-type-video is-provider-youtube wp-block-embed-youtube wp-embed-aspect-9-16 wp-has-aspect-ratio\"><div class=\"wp-block-embed__wrapper\">\nhttps:\/\/youtube.com\/shorts\/ADHJ1i25Kzw?feature=share\n<\/div><\/figure>\n\n\n\n<div class=\"wp-block-stackable-heading stk-block-heading stk-block-heading--v2 stk-block stk-e203661\" id=\"strong-recomendaciones-practicas-para-el-invierno-strong\" data-block-id=\"e203661\"><h2 class=\"stk-block-heading__text\"><strong>Recomendaciones pr\u00e1cticas para el invierno<\/strong><\/h2><\/div>\n\n\n\n<p>Mantener <a href=\"\/\/salud\/vitamina-d-salud\/\" target=\"_blank\" rel=\"noreferrer noopener\">niveles adecuados<\/a> no es complicado y se puede lograr adoptando <strong>h\u00e1bitos sencillos<\/strong> que mejoran el bienestar diario. Las recomendaciones m\u00e1s comunes incluyen:<\/p>\n\n\n\n<ul>\n<li><strong>Aprovechar la luz natural<\/strong>: se recomienda salir entre <strong>15 y 20 minutos al mediod\u00eda<\/strong> para caminar o realizar actividad ligera <strong>mejora el \u00e1nimo<\/strong> y ayuda a <strong>regular los ritmos circadianos<\/strong>.<\/li>\n<\/ul>\n\n\n\n<ul>\n<li><strong>Alimentaci\u00f3n equilibrada<\/strong>: incorpora <strong>pescados grasos<\/strong> como el salm\u00f3n, y otros alimentos como el <strong>h\u00edgado de res<\/strong> y la <strong>yema de huevo<\/strong>. Prioriza <strong>fibra y<\/strong> <strong>frutas<\/strong> para favorecer la absorci\u00f3n de nutrientes y un mejor <strong>metabolismo<\/strong> de esta vitamina.<\/li>\n\n\n\n<li><strong>Ejercicio y descanso<\/strong>: el <strong>ejercicio regular<\/strong>, especialmente el <strong>entrenamiento de fuerza<\/strong>, estimula el metabolismo \u00f3seo y mejora la funci\u00f3n muscular. Dormir bien y mantener <strong>rutinas estables<\/strong> ayuda a que el organismo <strong>aproveche<\/strong> correctamente la vitamina D.<\/li>\n<\/ul>\n\n\n\n<p>Adoptar estas pautas permite atravesar el invierno con <strong>m\u00e1s energ\u00eda<\/strong> y <strong>seguridad<\/strong>. Ante la sospecha de d\u00e9ficit, busca <strong>recomendaci\u00f3n profesional<\/strong>. Mantener la <a href=\"https:\/\/ods.od.nih.gov\/factsheets\/VitaminD-DatosEnEspanol\/\" target=\"_blank\" rel=\"noreferrer noopener\"><strong>vitamina D<\/strong><\/a><strong> <\/strong>en su rango \u00f3ptimo es un gesto sencillo con un gran impacto en la salud.<\/p>\n\n\n\n<div class=\"wp-block-stackable-icon-box stk-block-icon-box stk-block stk-9778e03 stk-block-background\" data-v=\"2\" data-block-id=\"9778e03\"><style>.stk-9778e03{background-color:#efeee9 !important}.stk-9778e03:before{background-color:#efeee9 !important}<\/style><div class=\"stk-block-content stk-inner-blocks stk-block-icon-box__content stk-container stk-9778e03-container stk--no-background stk--no-padding\">\n<div class=\"wp-block-stackable-icon-label stk-block-icon-label stk-block stk-fdd9455\" data-block-id=\"fdd9455\"><div class=\"stk-row stk-inner-blocks stk-block-content\">\n<div class=\"wp-block-stackable-icon stk-block-icon has-text-align-left stk-block stk-bf36c07\" data-block-id=\"bf36c07\"><style>.stk-bf36c07 .stk--svg-wrapper .stk--inner-svg svg:last-child,.stk-bf36c07 .stk--svg-wrapper .stk--inner-svg svg:last-child :is(g,path,rect,polygon,ellipse){fill:#085086 !important}<\/style><span class=\"stk--svg-wrapper\"><div class=\"stk--inner-svg\"><svg style=\"height:0;width:0\"><defs><linearGradient id=\"linear-gradient-bf36c07\" x1=\"0\" x2=\"100%\" y1=\"0\" y2=\"0\"><stop offset=\"0%\" style=\"stop-opacity:1;stop-color:var(--linear-gradient-bf-36-c-07-color-1)\"><\/stop><stop offset=\"100%\" style=\"stop-opacity:1;stop-color:var(--linear-gradient-bf-36-c-07-color-2)\"><\/stop><\/linearGradient><\/defs><\/svg><svg xmlns=\"http:\/\/www.w3.org\/2000\/svg\" viewBox=\"0 0 512 512\" aria-hidden=\"true\" width=\"32\" height=\"32\"><path d=\"M478.21 334.093L336 256l142.21-78.093c11.795-6.477 15.961-21.384 9.232-33.037l-19.48-33.741c-6.728-11.653-21.72-15.499-33.227-8.523L296 186.718l3.475-162.204C299.763 11.061 288.937 0 275.48 0h-38.96c-13.456 0-24.283 11.061-23.994 24.514L216 186.718 77.265 102.607c-11.506-6.976-26.499-3.13-33.227 8.523l-19.48 33.741c-6.728 11.653-2.562 26.56 9.233 33.037L176 256 33.79 334.093c-11.795 6.477-15.961 21.384-9.232 33.037l19.48 33.741c6.728 11.653 21.721 15.499 33.227 8.523L216 325.282l-3.475 162.204C212.237 500.939 223.064 512 236.52 512h38.961c13.456 0 24.283-11.061 23.995-24.514L296 325.282l138.735 84.111c11.506 6.976 26.499 3.13 33.227-8.523l19.48-33.741c6.728-11.653 2.563-26.559-9.232-33.036z\"><\/path><\/svg><\/div><\/span><\/div>\n\n\n\n<div class=\"wp-block-stackable-heading stk-block-heading stk-block-heading--v2 stk-block stk-b944d37\" id=\"recuerda\" data-block-id=\"b944d37\"><h4 class=\"stk-block-heading__text\">Recuerda<\/h4><\/div>\n<\/div><\/div>\n\n\n\n<div class=\"wp-block-stackable-heading stk-block-heading stk-block-heading--v2 stk-block stk-8fdaf0b\" id=\"la-deficiencia-de-vitamina-d-se-asocia-con-problemas-oseos-y-musculares-mayor-riesgo-de-caidas-y-debilidad-muscular\" data-block-id=\"8fdaf0b\"><style>.stk-8fdaf0b{margin-bottom:12px !important}<\/style><h5 class=\"stk-block-heading__text\">La deficiencia de vitamina D se asocia con problemas \u00f3seos y musculares, mayor riesgo de ca\u00eddas y debilidad muscular.<\/h5><\/div>\n\n\n\n<div class=\"wp-block-stackable-heading stk-block-heading stk-block-heading--v2 stk-block stk-cc58323\" id=\"la-vitamina-d-juega-un-papel-clave-en-la-regulacion-del-sistema-inmunitario-y-su-deficit-puede-aumentar-la-susceptibilidad-a-infecciones\" data-block-id=\"cc58323\"><style>.stk-cc58323{margin-bottom:10px !important}<\/style><h5 class=\"stk-block-heading__text\">La vitamina D juega un papel clave en la regulaci\u00f3n del sistema inmunitario, y su d\u00e9ficit puede aumentar la susceptibilidad a infecciones.<\/h5><\/div>\n\n\n\n<div class=\"wp-block-stackable-heading stk-block-heading stk-block-heading--v2 stk-block stk-4338811\" id=\"la-campana-tiene-objetivo-que-los-ninos-adquieran-habitos-para-mantener-una-espalda-sana-y-fuerte-a-lo-largo-de-toda-su-vida-sta-campana-viene-acompanada-de-una-nueva-edicion-de-el-em-tebeo-de-la-espalda-em\" data-block-id=\"4338811\"><style>.stk-4338811{margin-bottom:10px !important}<\/style><h5 class=\"stk-block-heading__text\">Para mantener niveles adecuados de vitamina D en invierno, es fundamental aprovechar la luz solar y seguir una dieta equilibrada.<\/h5><\/div>\n<\/div><\/div>\n","protected":false},"excerpt":{"rendered":"<p>Con la llegada del fr\u00edo, el d\u00e9ficit de vitamina D se convierte en un protagonista silencioso de nuestra salud. Para entenderlo de forma sencilla, al hacernos un an\u00e1lisis, lo ideal es que la vitamina D est\u00e9 por encima de los 20 ng\/mL. En este sentido, por debajo de 12 ng\/mL hablamos de deficiencia. Esto sucede &#8230; <\/p>\n<p class=\"read-more-container\"><a title=\"\u00bfPor qu\u00e9 en invierno se reducen los niveles de vitamina D?\" class=\"read-more button\" href=\"\/blog\/salud\/reduccion-de-vitamina-d-en-invierno\/#more-17850\" aria-label=\"Leer m\u00e1s sobre \u00bfPor qu\u00e9 en invierno se reducen los niveles de vitamina D?\">Leer m\u00e1s<\/a><\/p>\n","protected":false},"author":8,"featured_media":17858,"comment_status":"closed","ping_status":"closed","sticky":false,"template":"","format":"standard","meta":{"_coblocks_attr":"","_coblocks_dimensions":"","_coblocks_responsive_height":"","_coblocks_accordion_ie_support":"","om_disable_all_campaigns":false,"_uf_show_specific_survey":0,"_uf_disable_surveys":false,"twitterCardType":"","cardImageID":0,"cardImage":"","cardTitle":"","cardDesc":"","cardImageAlt":"","cardPlayer":"","cardPlayerWidth":0,"cardPlayerHeight":0,"cardPlayerStream":"","cardPlayerCodec":"","footnotes":""},"categories":[79,3],"tags":[],"aioseo_notices":[],"featured_image_src":"\/blog\/wp-content\/uploads\/2026\/01\/vitamina-D-600x400.jpg","featured_image_src_square":"\/blog\/wp-content\/uploads\/2026\/01\/vitamina-D-600x600.jpg","author_info":{"display_name":"ASISA","author_link":"\/blog\/author\/laragsoto\/"},"_links":{"self":[{"href":"\/blog\/wp-json\/wp\/v2\/posts\/17850"}],"collection":[{"href":"\/blog\/wp-json\/wp\/v2\/posts"}],"about":[{"href":"\/blog\/wp-json\/wp\/v2\/types\/post"}],"author":[{"embeddable":true,"href":"\/blog\/wp-json\/wp\/v2\/users\/8"}],"replies":[{"embeddable":true,"href":"\/blog\/wp-json\/wp\/v2\/comments?post=17850"}],"version-history":[{"count":6,"href":"\/blog\/wp-json\/wp\/v2\/posts\/17850\/revisions"}],"predecessor-version":[{"id":17859,"href":"\/blog\/wp-json\/wp\/v2\/posts\/17850\/revisions\/17859"}],"wp:featuredmedia":[{"embeddable":true,"href":"\/blog\/wp-json\/wp\/v2\/media\/17858"}],"wp:attachment":[{"href":"\/blog\/wp-json\/wp\/v2\/media?parent=17850"}],"wp:term":[{"taxonomy":"category","embeddable":true,"href":"\/blog\/wp-json\/wp\/v2\/categories?post=17850"},{"taxonomy":"post_tag","embeddable":true,"href":"\/blog\/wp-json\/wp\/v2\/tags?post=17850"}],"curies":[{"name":"wp","href":"https:\/\/api.w.org\/{rel}","templated":true}]}}