{"id":17792,"date":"2026-01-07T17:30:49","date_gmt":"2026-01-07T15:30:49","guid":{"rendered":"https:\/\/www.blogdeasisa.es\/?p=17792"},"modified":"2026-01-07T17:30:52","modified_gmt":"2026-01-07T15:30:52","slug":"rutina-familiar-tras-la-navidad","status":"publish","type":"post","link":"\/blog\/familia\/rutina-familiar-tras-la-navidad\/","title":{"rendered":"C\u00f3mo organizar la vuelta a la rutina familiar tras la Navidad"},"content":{"rendered":"\n<p>La <a href=\"\/\/familia\/5-regalos-originales-para-esta-navidad\/\" target=\"_blank\" rel=\"noreferrer noopener\">Navidad<\/a> suele generar un <strong>peque\u00f1o desajuste<\/strong> en la organizaci\u00f3n del d\u00eda a d\u00eda, de ah\u00ed que sea necesario restablecer <strong>la rutina familiar<\/strong>. Venimos de d\u00edas de celebraciones y horarios flexibles, por lo que retomar el <strong>ritmo habitual<\/strong> puede requerir un esfuerzo tanto para adultos como para ni\u00f1os.<\/p>\n\n\n\n<p>Esta dificultad para <strong>retomar el ritmo habitual<\/strong> est\u00e1 respaldada por la evidencia cient\u00edfica. Un reciente estudio muestra que <strong>recuperar un h\u00e1bito puede llevar una media de aproximadamente<\/strong> <strong>2 o 3 meses<\/strong>. Es por ello que resulta clave planificar la vuelta a la rutina familiar tras la <strong>Navidad<\/strong> con paciencia y apoy\u00e1ndonos en una serie de pautas pr\u00e1cticas, como las siguientes.<\/p>\n\n\n\n<div class=\"wp-block-stackable-heading stk-block-heading stk-block-heading--v2 stk-block stk-aade11c\" id=\"strong-restablecer-horarios-de-la-rutina-familiar-de-forma-progresiva-strong\" data-block-id=\"aade11c\"><h2 class=\"stk-block-heading__text\"><strong>Restablecer horarios de la rutina familiar de forma progresiva<\/strong><\/h2><\/div>\n\n\n\n<p>Tras varios d\u00edas en los que los horarios de sue\u00f1o se han visto alterados, es aconsejable <strong>volver a instaurarlos<\/strong> de manera gradual. Ejemplo de ello puede ser adelantar la hora de ir a dormir y de levantarse, lo que facilita que el cuerpo vuelva a encontrar su ritmo natural. En este sentido, la <strong>anticipaci\u00f3n<\/strong>, como preparar las mochilas o la ropa la noche anterior, contribuye a crear un ambiente m\u00e1s tranquilo y organizado por la ma\u00f1ana.<\/p>\n\n\n\n<div class=\"wp-block-stackable-heading stk-block-heading stk-block-heading--v2 stk-block stk-4f7549f\" id=\"strong-cuidar-la-alimentacion-para-recuperar-energia-strong\" data-block-id=\"4f7549f\"><h2 class=\"stk-block-heading__text\"><strong>Cuidar la alimentaci\u00f3n para recuperar energ\u00eda<\/strong><\/h2><\/div>\n\n\n\n<p>Despu\u00e9s de las fiestas, donde abundan <strong>comidas copiosas y dulces<\/strong>, conviene reintroducir <strong>men\u00fas m\u00e1s equilibrados<\/strong>. No es necesario <strong>eliminar de golpe<\/strong> todos los caprichos, sino ajustar cantidades y opciones de forma progresiva. &nbsp;<\/p>\n\n\n\n<div class=\"wp-block-stackable-heading stk-block-heading stk-block-heading--v2 stk-block stk-c7d857e\" id=\"strong-mantener-las-actividades-de-ocio-en-familia-strong\" data-block-id=\"c7d857e\"><h2 class=\"stk-block-heading__text\"><strong>Mantener las actividades de ocio en familia<\/strong><\/h2><\/div>\n\n\n\n<p>Aunque regresen las responsabilidades, no es recomendable eliminar por completo los momentos de <strong>ocio compartido<\/strong>. Continuar con estas actividades ayuda a mantener el v\u00ednculo afectivo y a <strong>equilibrar la carga emocional<\/strong> que supone volver a la rutina. Estos espacios contribuyen a que el regreso no se viva como una p\u00e9rdida abrupta de libertad.<\/p>\n\n\n\n<p>Adem\u00e1s, reservar tiempo de calidad <strong>fortalece la convivencia<\/strong> y permite que la rutina se perciba como algo m\u00e1s amable. De esta manera, la familia debe seguir siendo un lugar de disfrute, no solo de obligaciones.<\/p>\n\n\n\n<div class=\"wp-block-stackable-heading stk-block-heading stk-block-heading--v2 stk-block stk-3ccb2b1\" id=\"strong-moderacion-en-el-uso-de-pantallas-strong\" data-block-id=\"3ccb2b1\"><h2 class=\"stk-block-heading__text\"><strong>Moderaci\u00f3n en el uso de pantallas<\/strong><\/h2><\/div>\n\n\n\n<p>Durante las <strong>vacaciones<\/strong>, el uso de pantallas suele aumentar considerablemente. Por ello, es necesario recuperar l\u00edmites claros y realistas en este <a href=\"https:\/\/pubmed.ncbi.nlm.nih.gov\/39685110\/\" target=\"_blank\" rel=\"noopener\">h\u00e1bito<\/a>, evitando cambios bruscos que generen <strong>conflictos innecesarios<\/strong>. Establecer horarios concretos y explicar las razones de estas normas ayuda a que los ni\u00f1os entiendan el sentido de la moderaci\u00f3n.<\/p>\n\n\n\n<div class=\"wp-block-stackable-heading stk-block-heading stk-block-heading--v2 stk-block stk-2cb4fb6\" id=\"strong-practicar-la-paciencia-y-la-empatia-strong\" data-block-id=\"2cb4fb6\"><h2 class=\"stk-block-heading__text\"><strong>Practicar la paciencia y la empat\u00eda<\/strong><\/h2><\/div>\n\n\n\n<p>Los primeros d\u00edas suelen ser los m\u00e1s complicados. Es habitual que aparezcan <strong>protestas<\/strong>, cansancio o falta de motivaci\u00f3n por parte de los m\u00e1s peque\u00f1os. Por eso, la <strong>paciencia<\/strong> es fundamental para acompa\u00f1arlos en este proceso.<\/p>\n\n\n\n<p>Las personas adultas actuamos como su modelo y referencia. Mostrar <strong>serenidad, empat\u00eda y firmeza<\/strong> ayuda en esta transici\u00f3n. Recordar que este periodo es temporal y que poco a poco todo volver\u00e1 a su cauce permite iniciar el a\u00f1o con <strong>equilibrio y bienestar <\/strong>para disfrutar en familia.<\/p>\n\n\n\n<div class=\"wp-block-stackable-icon-box stk-block-icon-box stk-block stk-9778e03 stk-block-background\" data-v=\"2\" data-block-id=\"9778e03\"><style>.stk-9778e03{background-color:#efeee9 !important}.stk-9778e03:before{background-color:#efeee9 !important}<\/style><div class=\"stk-block-content stk-inner-blocks stk-block-icon-box__content stk-container stk-9778e03-container stk--no-background stk--no-padding\">\n<div class=\"wp-block-stackable-icon-label stk-block-icon-label stk-block stk-fdd9455\" data-block-id=\"fdd9455\"><div class=\"stk-row stk-inner-blocks stk-block-content\">\n<div class=\"wp-block-stackable-icon stk-block-icon has-text-align-left stk-block stk-bf36c07\" data-block-id=\"bf36c07\"><style>.stk-bf36c07 .stk--svg-wrapper .stk--inner-svg svg:last-child,.stk-bf36c07 .stk--svg-wrapper .stk--inner-svg svg:last-child :is(g,path,rect,polygon,ellipse){fill:#085086 !important}<\/style><span class=\"stk--svg-wrapper\"><div class=\"stk--inner-svg\"><svg style=\"height:0;width:0\"><defs><linearGradient id=\"linear-gradient-bf36c07\" x1=\"0\" x2=\"100%\" y1=\"0\" y2=\"0\"><stop offset=\"0%\" style=\"stop-opacity:1;stop-color:var(--linear-gradient-bf-36-c-07-color-1)\"><\/stop><stop offset=\"100%\" style=\"stop-opacity:1;stop-color:var(--linear-gradient-bf-36-c-07-color-2)\"><\/stop><\/linearGradient><\/defs><\/svg><svg xmlns=\"http:\/\/www.w3.org\/2000\/svg\" viewBox=\"0 0 512 512\" aria-hidden=\"true\" width=\"32\" height=\"32\"><path d=\"M478.21 334.093L336 256l142.21-78.093c11.795-6.477 15.961-21.384 9.232-33.037l-19.48-33.741c-6.728-11.653-21.72-15.499-33.227-8.523L296 186.718l3.475-162.204C299.763 11.061 288.937 0 275.48 0h-38.96c-13.456 0-24.283 11.061-23.994 24.514L216 186.718 77.265 102.607c-11.506-6.976-26.499-3.13-33.227 8.523l-19.48 33.741c-6.728 11.653-2.562 26.56 9.233 33.037L176 256 33.79 334.093c-11.795 6.477-15.961 21.384-9.232 33.037l19.48 33.741c6.728 11.653 21.721 15.499 33.227 8.523L216 325.282l-3.475 162.204C212.237 500.939 223.064 512 236.52 512h38.961c13.456 0 24.283-11.061 23.995-24.514L296 325.282l138.735 84.111c11.506 6.976 26.499 3.13 33.227-8.523l19.48-33.741c6.728-11.653 2.563-26.559-9.232-33.036z\"><\/path><\/svg><\/div><\/span><\/div>\n\n\n\n<div class=\"wp-block-stackable-heading stk-block-heading stk-block-heading--v2 stk-block stk-b944d37\" id=\"recuerda\" data-block-id=\"b944d37\"><h4 class=\"stk-block-heading__text\">Recuerda<\/h4><\/div>\n<\/div><\/div>\n\n\n\n<div class=\"wp-block-stackable-heading stk-block-heading stk-block-heading--v2 stk-block stk-8fdaf0b\" id=\"recuperar-la-rutina-familiar-tras-la-navidad-puede-requerir-entre-2-y-3-meses-por-lo-que-es-clave-planificar-la-vuelta-con-tiempo-y-paciencia\" data-block-id=\"8fdaf0b\"><style>.stk-8fdaf0b{margin-bottom:12px !important}<\/style><h5 class=\"stk-block-heading__text\">Recuperar la rutina familiar tras la Navidad puede requerir entre 2 y 3 meses, por lo que es clave planificar la vuelta con tiempo y paciencia.<\/h5><\/div>\n\n\n\n<div class=\"wp-block-stackable-heading stk-block-heading stk-block-heading--v2 stk-block stk-cc58323\" id=\"se-recomienda-restablecer-progresivamente-los-horarios-de-sueno-cuidar-la-alimentacion-y-mantener-espacios-de-ocio-en-familia\" data-block-id=\"cc58323\"><style>.stk-cc58323{margin-bottom:10px !important}<\/style><h5 class=\"stk-block-heading__text\">Se recomienda restablecer progresivamente los horarios de sue\u00f1o, cuidar la alimentaci\u00f3n y mantener espacios de ocio en familia.<\/h5><\/div>\n\n\n\n<div class=\"wp-block-stackable-heading stk-block-heading stk-block-heading--v2 stk-block stk-4338811\" id=\"la-campana-tiene-objetivo-que-los-ninos-adquieran-habitos-para-mantener-una-espalda-sana-y-fuerte-a-lo-largo-de-toda-su-vida-sta-campana-viene-acompanada-de-una-nueva-edicion-de-el-em-tebeo-de-la-espalda-em\" data-block-id=\"4338811\"><style>.stk-4338811{margin-bottom:10px !important}<\/style><h5 class=\"stk-block-heading__text\">Es fundamental moderar el uso de pantallas, explicar con claridad las normas y acompa\u00f1ar a los m\u00e1s peque\u00f1os con serenidad y empat\u00eda.<\/h5><\/div>\n<\/div><\/div>\n","protected":false},"excerpt":{"rendered":"<p>La Navidad suele generar un peque\u00f1o desajuste en la organizaci\u00f3n del d\u00eda a d\u00eda, de ah\u00ed que sea necesario restablecer la rutina familiar. Venimos de d\u00edas de celebraciones y horarios flexibles, por lo que retomar el ritmo habitual puede requerir un esfuerzo tanto para adultos como para ni\u00f1os. Esta dificultad para retomar el ritmo habitual &#8230; <\/p>\n<p class=\"read-more-container\"><a title=\"C\u00f3mo organizar la vuelta a la rutina familiar tras la Navidad\" class=\"read-more button\" href=\"\/blog\/familia\/rutina-familiar-tras-la-navidad\/#more-17792\" aria-label=\"Leer m\u00e1s sobre C\u00f3mo organizar la vuelta a la rutina familiar tras la Navidad\">Leer m\u00e1s<\/a><\/p>\n","protected":false},"author":8,"featured_media":17794,"comment_status":"closed","ping_status":"closed","sticky":false,"template":"","format":"standard","meta":{"_coblocks_attr":"","_coblocks_dimensions":"","_coblocks_responsive_height":"","_coblocks_accordion_ie_support":"","om_disable_all_campaigns":false,"_uf_show_specific_survey":0,"_uf_disable_surveys":false,"twitterCardType":"","cardImageID":0,"cardImage":"","cardTitle":"","cardDesc":"","cardImageAlt":"","cardPlayer":"","cardPlayerWidth":0,"cardPlayerHeight":0,"cardPlayerStream":"","cardPlayerCodec":"","footnotes":""},"categories":[82,85],"tags":[],"aioseo_notices":[],"featured_image_src":"\/blog\/wp-content\/uploads\/2026\/01\/Rutina-familiar-600x400.jpg","featured_image_src_square":"\/blog\/wp-content\/uploads\/2026\/01\/Rutina-familiar-600x600.jpg","author_info":{"display_name":"ASISA","author_link":"\/blog\/author\/laragsoto\/"},"_links":{"self":[{"href":"\/blog\/wp-json\/wp\/v2\/posts\/17792"}],"collection":[{"href":"\/blog\/wp-json\/wp\/v2\/posts"}],"about":[{"href":"\/blog\/wp-json\/wp\/v2\/types\/post"}],"author":[{"embeddable":true,"href":"\/blog\/wp-json\/wp\/v2\/users\/8"}],"replies":[{"embeddable":true,"href":"\/blog\/wp-json\/wp\/v2\/comments?post=17792"}],"version-history":[{"count":2,"href":"\/blog\/wp-json\/wp\/v2\/posts\/17792\/revisions"}],"predecessor-version":[{"id":17795,"href":"\/blog\/wp-json\/wp\/v2\/posts\/17792\/revisions\/17795"}],"wp:featuredmedia":[{"embeddable":true,"href":"\/blog\/wp-json\/wp\/v2\/media\/17794"}],"wp:attachment":[{"href":"\/blog\/wp-json\/wp\/v2\/media?parent=17792"}],"wp:term":[{"taxonomy":"category","embeddable":true,"href":"\/blog\/wp-json\/wp\/v2\/categories?post=17792"},{"taxonomy":"post_tag","embeddable":true,"href":"\/blog\/wp-json\/wp\/v2\/tags?post=17792"}],"curies":[{"name":"wp","href":"https:\/\/api.w.org\/{rel}","templated":true}]}}