{"id":17767,"date":"2025-12-25T20:51:39","date_gmt":"2025-12-25T18:51:39","guid":{"rendered":"https:\/\/www.blogdeasisa.es\/?p=17767"},"modified":"2025-12-25T20:51:41","modified_gmt":"2025-12-25T18:51:41","slug":"cual-es-la-relacion-entre-navidad-y-sueno","status":"publish","type":"post","link":"\/blog\/salud\/cual-es-la-relacion-entre-navidad-y-sueno\/","title":{"rendered":"\u00bfQu\u00e9 relaci\u00f3n existe entre Navidad y sue\u00f1o?"},"content":{"rendered":"\n<p>La <a href=\"\/\/familia\/5-regalos-originales-para-esta-navidad\/\" target=\"_blank\" rel=\"noreferrer noopener\"><strong>Navidad<\/strong><\/a> es una de las \u00e9pocas m\u00e1s esperadas del a\u00f1o, pero tambi\u00e9n es una temporada que puede generar ciertos <strong>trastornos en el descanso<\/strong>. Las celebraciones, los compromisos sociales y los cambios en las rutinas cotidianas <strong>alteran nuestro ciclo de sue\u00f1o<\/strong>. \u00bfQu\u00e9 relaci\u00f3n existe entre Navidad y sue\u00f1o?<\/p>\n\n\n\n<p><strong>El 89% de los adultos reconoce sentir estr\u00e9s durante la temporada navide\u00f1a<\/strong>. Asimismo, un 41% experimenta un<strong> incremento de ese estr\u00e9s<\/strong> en comparaci\u00f3n con cualquier otro momento del a\u00f1o. Esta presi\u00f3n emocional adicional puede alterar la calidad del sue\u00f1o y favorecer un descanso menos reparador.<\/p>\n\n\n\n<div class=\"wp-block-stackable-heading stk-block-heading stk-block-heading--v2 stk-block stk-4078ff2\" id=\"strong-5-causas-que-pueden-influir-para-no-dormir-bien-durante-la-navidad-strong\" data-block-id=\"4078ff2\"><h2 class=\"stk-block-heading__text\"><strong>5 causas que pueden influir para no dormir bien durante la Navidad<\/strong><\/h2><\/div>\n\n\n\n<p>En este contexto, diversos factores propios de estas fechas pueden interferir en la calidad del sue\u00f1o. Estas son las 5 causas principales que pueden <strong>dificultar el descanso <\/strong>durante estos d\u00edas:<\/p>\n\n\n\n<ol start=\"1\">\n<li><strong>Desplazamientos y la vuelta a casa por Navidad<\/strong>: los viajes generan estr\u00e9s y anticipaci\u00f3n, lo que libera hormonas como el <strong>cortisol<\/strong> y la <strong>adrenalina<\/strong>. Este aumento de actividad dificulta la relajaci\u00f3n al final del d\u00eda.<\/li>\n\n\n\n<li><strong>Cambios de horarios, rutinas y alimentaci\u00f3n<\/strong>: estas alteraciones confunden al cuerpo sobre cu\u00e1ndo es el momento de descansar, lo que afecta la calidad del sue\u00f1o.<\/li>\n\n\n\n<li><strong>Estr\u00e9s y ansiedad de fin de a\u00f1o<\/strong>: la acumulaci\u00f3n de tareas, compras, reuniones y responsabilidades propias de estas fechas <strong>incrementa la tensi\u00f3n emocional<\/strong>. Esto activa el sistema de alerta del organismo y dificulta tanto la relajaci\u00f3n como la conciliaci\u00f3n del sue\u00f1o.<\/li>\n\n\n\n<li><strong>Consumo excesivo de alimentos y bebidas<\/strong>: comer demasiado, especialmente alimentos ricos en grasas, az\u00facares y alcohol, interfiere con la digesti\u00f3n y afecta el sue\u00f1o. El alcohol, adem\u00e1s, \u00a0<strong>reduce la calidad del descanso<\/strong> al interrumpir las fases profundas del sue\u00f1o.<\/li>\n\n\n\n<li><strong>Exceso de est\u00edmulos lum\u00ednicos y tecnol\u00f3gicos<\/strong>: la exposici\u00f3n a luces brillantes y dispositivos electr\u00f3nicos antes de dormir <strong>suprime la producci\u00f3n de<\/strong> <strong>melatonina<\/strong>, dificultando la relajaci\u00f3n y el descanso nocturno.<\/li>\n<\/ol>\n\n\n\n<p>Ante esta situaci\u00f3n, es importante tomar algunas medidas para llevar a cabo algunas medidas para<strong> descansar mejor<\/strong>. Con ciertos ajustes en nuestros h\u00e1bitos y rutinas, podemos <strong>mejorar la calidad del sue\u00f1o<\/strong> y disfrutar de unas fiestas mucho m\u00e1s descansadas. Por lo tanto, Navidad y sue\u00f1o, son compatibles. <\/p>\n\n\n\n<div class=\"wp-block-stackable-heading stk-block-heading stk-block-heading--v2 stk-block stk-33db2ad\" id=\"navidad-y-sueno-c-strong-onsejos-para-evitar-que-afecte-la-navidad-al-sueno-strong\" data-block-id=\"33db2ad\"><h2 class=\"stk-block-heading__text\">Navidad y sue\u00f1o: c<strong>onsejos para evitar que afecte la Navidad al sue\u00f1o<\/strong><\/h2><\/div>\n\n\n\n<p>Aunque las festividades traen consigo <strong>un sinf\u00edn de est\u00edmulos<\/strong> y cambios, es posible mantener una rutina de sue\u00f1o saludable. Estos son algunos consejos pr\u00e1cticos que te ayudar\u00e1n a descansar mejor y a disfrutar de la <strong>Navidad<\/strong>:<\/p>\n\n\n\n<ul>\n<li><strong>Cuida tu sue\u00f1o<\/strong>: evita trasnochar demasiado durante las fiestas. Mant\u00e9n una rutina regular de sue\u00f1o para <strong>evitar desajustes<\/strong>, especialmente en los ni\u00f1os, para que no se alteren completamente y les sea m\u00e1s f\u00e1cil volver a la rutina tras las vacaciones. Navidad y sue\u00f1o, son compatibles. <\/li>\n\n\n\n<li><strong>Cuida la alimentaci\u00f3n<\/strong>: Es recomendable limitar el consumo alcohol y az\u00facar. Adem\u00e1s, es recomendable cenar al menos 2 horas antes de dormir y optar por comidas ligeras ayuda a mejorar el descanso.<\/li>\n\n\n\n<li><strong>Controla el estr\u00e9s y ansiedad<\/strong>: es recomendable organizar tus tareas con tiempo, evitar el exceso de cafe\u00edna y buscar momentos para relajarte.<\/li>\n\n\n\n<li><strong>Bebe infusiones relajantes<\/strong>: sustituye las bebidas excitantes por infusiones como la <strong>tila<\/strong>, la <strong>manzanilla<\/strong> o la <strong>melisa<\/strong>. \u00a0<\/li>\n<\/ul>\n\n\n\n<p>Con estos <strong>sencillos ajustes<\/strong> en tus h\u00e1bitos, podr\u00e1s reducir el <a href=\"https:\/\/www.apa.org\/news\/press\/releases\/2023\/11\/holiday-season-stress\" target=\"_blank\" rel=\"noreferrer noopener\">malestar<\/a>, disfrutar de unas fiestas m\u00e1s relajadas y dormir mejor. Recuerda que la clave est\u00e1 en <strong>equilibrar la alegr\u00eda<\/strong> de las celebraciones con el autocuidado y el descanso, para que puedas aprovechar al m\u00e1ximo estos momentos tan especiales.<\/p>\n\n\n\n<div class=\"wp-block-stackable-icon-box stk-block-icon-box stk-block stk-9778e03 stk-block-background\" data-v=\"2\" data-block-id=\"9778e03\"><style>.stk-9778e03{background-color:#efeee9 !important}.stk-9778e03:before{background-color:#efeee9 !important}<\/style><div class=\"stk-block-content stk-inner-blocks stk-block-icon-box__content stk-container stk-9778e03-container stk--no-background stk--no-padding\">\n<div class=\"wp-block-stackable-icon-label stk-block-icon-label stk-block stk-fdd9455\" data-block-id=\"fdd9455\"><div class=\"stk-row stk-inner-blocks stk-block-content\">\n<div class=\"wp-block-stackable-icon stk-block-icon has-text-align-left stk-block stk-bf36c07\" data-block-id=\"bf36c07\"><style>.stk-bf36c07 .stk--svg-wrapper .stk--inner-svg svg:last-child,.stk-bf36c07 .stk--svg-wrapper .stk--inner-svg svg:last-child :is(g,path,rect,polygon,ellipse){fill:#085086 !important}<\/style><span class=\"stk--svg-wrapper\"><div class=\"stk--inner-svg\"><svg style=\"height:0;width:0\"><defs><linearGradient id=\"linear-gradient-bf36c07\" x1=\"0\" x2=\"100%\" y1=\"0\" y2=\"0\"><stop offset=\"0%\" style=\"stop-opacity:1;stop-color:var(--linear-gradient-bf-36-c-07-color-1)\"><\/stop><stop offset=\"100%\" style=\"stop-opacity:1;stop-color:var(--linear-gradient-bf-36-c-07-color-2)\"><\/stop><\/linearGradient><\/defs><\/svg><svg xmlns=\"http:\/\/www.w3.org\/2000\/svg\" viewBox=\"0 0 512 512\" aria-hidden=\"true\" width=\"32\" height=\"32\"><path d=\"M478.21 334.093L336 256l142.21-78.093c11.795-6.477 15.961-21.384 9.232-33.037l-19.48-33.741c-6.728-11.653-21.72-15.499-33.227-8.523L296 186.718l3.475-162.204C299.763 11.061 288.937 0 275.48 0h-38.96c-13.456 0-24.283 11.061-23.994 24.514L216 186.718 77.265 102.607c-11.506-6.976-26.499-3.13-33.227 8.523l-19.48 33.741c-6.728 11.653-2.562 26.56 9.233 33.037L176 256 33.79 334.093c-11.795 6.477-15.961 21.384-9.232 33.037l19.48 33.741c6.728 11.653 21.721 15.499 33.227 8.523L216 325.282l-3.475 162.204C212.237 500.939 223.064 512 236.52 512h38.961c13.456 0 24.283-11.061 23.995-24.514L296 325.282l138.735 84.111c11.506 6.976 26.499 3.13 33.227-8.523l19.48-33.741c6.728-11.653 2.563-26.559-9.232-33.036z\"><\/path><\/svg><\/div><\/span><\/div>\n\n\n\n<div class=\"wp-block-stackable-heading stk-block-heading stk-block-heading--v2 stk-block stk-b944d37\" id=\"recuerda\" data-block-id=\"b944d37\"><h4 class=\"stk-block-heading__text\">Recuerda<\/h4><\/div>\n<\/div><\/div>\n\n\n\n<div class=\"wp-block-stackable-heading stk-block-heading stk-block-heading--v2 stk-block stk-8fdaf0b\" id=\"el-89-de-los-adultos-reconoce-sentir-estres-durante-la-temporada-navidena-y-un-41-afirma-que-este-estres-aumenta-respecto-al-resto-del-ano\" data-block-id=\"8fdaf0b\"><style>.stk-8fdaf0b{margin-bottom:12px !important}<\/style><h5 class=\"stk-block-heading__text\">El 89% de los adultos reconoce sentir estr\u00e9s durante la temporada navide\u00f1a y un 41% afirma que este estr\u00e9s aumenta respecto al resto del a\u00f1o.<\/h5><\/div>\n\n\n\n<div class=\"wp-block-stackable-heading stk-block-heading stk-block-heading--v2 stk-block stk-cc58323\" id=\"alteraciones-en-los-horarios-de-comidas-junto-con-el-consumo-excesivo-de-alimentos-afectan-a-la-calidad-del-sueno-durante-las-fiestas\" data-block-id=\"cc58323\"><style>.stk-cc58323{margin-bottom:10px !important}<\/style><h5 class=\"stk-block-heading__text\">Alteraciones en los horarios de comidas, junto con el consumo excesivo de alimentos afectan a la calidad del sue\u00f1o durante las fiestas.<\/h5><\/div>\n\n\n\n<div class=\"wp-block-stackable-heading stk-block-heading stk-block-heading--v2 stk-block stk-4338811\" id=\"la-campana-tiene-objetivo-que-los-ninos-adquieran-habitos-para-mantener-una-espalda-sana-y-fuerte-a-lo-largo-de-toda-su-vida-sta-campana-viene-acompanada-de-una-nueva-edicion-de-el-em-tebeo-de-la-espalda-em\" data-block-id=\"4338811\"><style>.stk-4338811{margin-bottom:10px !important}<\/style><h5 class=\"stk-block-heading__text\">Mantener h\u00e1bitos estables, cenar con antelaci\u00f3n y cuidar el manejo del estr\u00e9s favorece un sue\u00f1o m\u00e1s reparador durante las fiestas.<\/h5><\/div>\n<\/div><\/div>\n","protected":false},"excerpt":{"rendered":"<p>La Navidad es una de las \u00e9pocas m\u00e1s esperadas del a\u00f1o, pero tambi\u00e9n es una temporada que puede generar ciertos trastornos en el descanso. Las celebraciones, los compromisos sociales y los cambios en las rutinas cotidianas alteran nuestro ciclo de sue\u00f1o. \u00bfQu\u00e9 relaci\u00f3n existe entre Navidad y sue\u00f1o? El 89% de los adultos reconoce sentir &#8230; <\/p>\n<p class=\"read-more-container\"><a title=\"\u00bfQu\u00e9 relaci\u00f3n existe entre Navidad y sue\u00f1o?\" class=\"read-more button\" href=\"\/blog\/salud\/cual-es-la-relacion-entre-navidad-y-sueno\/#more-17767\" aria-label=\"Leer m\u00e1s sobre \u00bfQu\u00e9 relaci\u00f3n existe entre Navidad y sue\u00f1o?\">Leer m\u00e1s<\/a><\/p>\n","protected":false},"author":8,"featured_media":17768,"comment_status":"closed","ping_status":"closed","sticky":false,"template":"","format":"standard","meta":{"_coblocks_attr":"","_coblocks_dimensions":"","_coblocks_responsive_height":"","_coblocks_accordion_ie_support":"","om_disable_all_campaigns":false,"_uf_show_specific_survey":0,"_uf_disable_surveys":false,"twitterCardType":"","cardImageID":0,"cardImage":"","cardTitle":"","cardDesc":"","cardImageAlt":"","cardPlayer":"","cardPlayerWidth":0,"cardPlayerHeight":0,"cardPlayerStream":"","cardPlayerCodec":"","footnotes":""},"categories":[79,3],"tags":[],"aioseo_notices":[],"featured_image_src":"\/blog\/wp-content\/uploads\/2025\/12\/navidad-y-sueno-600x400.jpg","featured_image_src_square":"\/blog\/wp-content\/uploads\/2025\/12\/navidad-y-sueno-600x600.jpg","author_info":{"display_name":"ASISA","author_link":"\/blog\/author\/laragsoto\/"},"_links":{"self":[{"href":"\/blog\/wp-json\/wp\/v2\/posts\/17767"}],"collection":[{"href":"\/blog\/wp-json\/wp\/v2\/posts"}],"about":[{"href":"\/blog\/wp-json\/wp\/v2\/types\/post"}],"author":[{"embeddable":true,"href":"\/blog\/wp-json\/wp\/v2\/users\/8"}],"replies":[{"embeddable":true,"href":"\/blog\/wp-json\/wp\/v2\/comments?post=17767"}],"version-history":[{"count":3,"href":"\/blog\/wp-json\/wp\/v2\/posts\/17767\/revisions"}],"predecessor-version":[{"id":17771,"href":"\/blog\/wp-json\/wp\/v2\/posts\/17767\/revisions\/17771"}],"wp:featuredmedia":[{"embeddable":true,"href":"\/blog\/wp-json\/wp\/v2\/media\/17768"}],"wp:attachment":[{"href":"\/blog\/wp-json\/wp\/v2\/media?parent=17767"}],"wp:term":[{"taxonomy":"category","embeddable":true,"href":"\/blog\/wp-json\/wp\/v2\/categories?post=17767"},{"taxonomy":"post_tag","embeddable":true,"href":"\/blog\/wp-json\/wp\/v2\/tags?post=17767"}],"curies":[{"name":"wp","href":"https:\/\/api.w.org\/{rel}","templated":true}]}}