{"id":17727,"date":"2025-12-11T17:55:27","date_gmt":"2025-12-11T15:55:27","guid":{"rendered":"https:\/\/www.blogdeasisa.es\/?p=17727"},"modified":"2025-12-11T17:55:29","modified_gmt":"2025-12-11T15:55:29","slug":"5-montanas-espanolas-que-visitar","status":"publish","type":"post","link":"\/blog\/vida-sostenible\/5-montanas-espanolas-que-visitar\/","title":{"rendered":"5 monta\u00f1as espa\u00f1olas que debes visitar"},"content":{"rendered":"\n<p>Espa\u00f1a es un pa\u00eds de una <strong>riqueza natural<\/strong> asombrosa, y sus <strong>monta\u00f1as<\/strong> representan algunos de los paisajes m\u00e1s espectaculares y biodiversos de <a href=\"\/\/vida-sostenible\/7-castillos-de-europa\/\" target=\"_blank\" rel=\"noreferrer noopener\">Europa<\/a>. Hoy se celebra el <strong>D\u00eda Internacional de las Monta\u00f1as<\/strong>, una fecha para recordar la importancia de preservar estos ecosistemas.<\/p>\n\n\n\n<p>Nuestro pa\u00eds es uno de los lugares m\u00e1s monta\u00f1osos de <strong>Europa<\/strong>, con una altitud media de 660 metros, la segunda m\u00e1s alta del continente tras <strong>Suiza<\/strong>. <strong>Aproximadamente un 25% de la superficie se sit\u00faa por encima de los 1.000 metros de altitud<\/strong>. Asimismo, Espa\u00f1a cuenta con m\u00e1s de 60 cumbres que superan los 3.000 metros, principalmente, en los Pirineos.<\/p>\n\n\n\n<div class=\"wp-block-stackable-heading stk-block-heading stk-block-heading--v2 stk-block stk-74234d3\" id=\"strong-teide-el-gigante-volcanico-de-canarias-strong\" data-block-id=\"74234d3\"><h2 class=\"stk-block-heading__text\"><strong>Teide: el gigante volc\u00e1nico de Canarias<\/strong><\/h2><\/div>\n\n\n\n<p>El <strong>Teide<\/strong>, con 3.718 metros de altura, no solo es el pico m\u00e1s alto de Espa\u00f1a, sino tambi\u00e9n una de las <strong>manifestaciones volc\u00e1nicas<\/strong> m\u00e1s espectaculares del planeta. Situado en el <strong>Parque Nacional del Teide<\/strong>, declarado Patrimonio Mundial por la <strong>UNESCO<\/strong>, este enclave natural atrae a m\u00e1s de 3 millones de visitantes al a\u00f1o.<\/p>\n\n\n\n<p>Su <strong>flora exclusiva<\/strong> y su fauna end\u00e9mica hacen del Teide un lugar m\u00e1gico. Adem\u00e1s, su entorno geol\u00f3gico \u00fanico ofrece un <strong>espect\u00e1culo visual<\/strong> y cient\u00edfico dif\u00edcil de igualar. Desde lo alto, se puede disfrutar de <strong>vistas panor\u00e1micas<\/strong> que alcanzan hasta 4 islas vecinas.<\/p>\n\n\n\n<div class=\"wp-block-stackable-heading stk-block-heading stk-block-heading--v2 stk-block stk-14a5733\" id=\"strong-monte-perdido-naturaleza-pirenaica-en-estado-puro-strong\" data-block-id=\"14a5733\"><h2 class=\"stk-block-heading__text\"><strong>Monte Perdido: naturaleza pirenaica en estado puro<\/strong><\/h2><\/div>\n\n\n\n<p>Con 3.355 metros de altura, <strong>Monte Perdido<\/strong> es el tercer pico m\u00e1s alto de los Pirineos. Forma parte del Parque Nacional de Ordesa y Monte Perdido y es un excelente ejemplo de ecosistema pirenaico. Sus valles glaciares y gran biodiversidad le han valido la declaraci\u00f3n de <strong>Reserva de la Biosfera por la UNESCO<\/strong>.<\/p>\n\n\n\n<p>El ascenso suele iniciarse en <strong>Torla<\/strong> y pasa por el <strong>valle de Ordesa <\/strong>y la famosa <strong>Brecha de Rolando<\/strong>. Aunque es accesible para senderistas con experiencia, uno de sus tramos, la <strong>escupidera<\/strong>, requiere precauci\u00f3n.<\/p>\n\n\n\n<div class=\"wp-block-stackable-heading stk-block-heading stk-block-heading--v2 stk-block stk-889d588\" id=\"strong-mulhacen-la-cima-de-la-peninsula-iberica-strong\" data-block-id=\"889d588\"><h2 class=\"stk-block-heading__text\"><strong>Mulhac\u00e9n: la cima de la pen\u00ednsula ib\u00e9rica<\/strong><\/h2><\/div>\n\n\n\n<p>El <strong>Mulhac\u00e9n<\/strong>, con 3.482 metros de altura, es el techo de la pen\u00ednsula ib\u00e9rica. Ubicado en el coraz\u00f3n de Sierra Nevada, ofrece rutas que combinan la belleza natural con la exigencia f\u00edsica. Desde su cima es posible avistar el <strong>mar Mediterr\u00e1neo<\/strong> y, en d\u00edas despejados, incluso la costa africana.<\/p>\n\n\n\n<p>La ruta m\u00e1s popular comienza en el pintoresco pueblo de <strong>Capileira<\/strong> y asciende hasta la cumbre pasando por el refugio de <strong>Poqueira<\/strong>. Aunque accesible, requiere buena forma f\u00edsica y equipamiento adecuado, especialmente en \u00e9pocas de nieve.<\/p>\n\n\n\n<div class=\"wp-block-stackable-heading stk-block-heading stk-block-heading--v2 stk-block stk-1f03192\" id=\"strong-picu-urriellu-simbolo-del-alpinismo-espanol-strong\" data-block-id=\"1f03192\"><h2 class=\"stk-block-heading__text\"><strong>Picu Urriellu: s\u00edmbolo del alpinismo espa\u00f1ol<\/strong><\/h2><\/div>\n\n\n\n<p>Con 2.519 metros de altura, el <strong>Picu Urriellu<\/strong> es una de las monta\u00f1as m\u00e1s emblem\u00e1ticas de <strong>Espa\u00f1a<\/strong>, especialmente para los escaladores. Su verticalidad y composici\u00f3n de <strong>roca caliza<\/strong> lo convierten en un reto t\u00e9cnico. Es considerado un s\u00edmbolo del alpinismo espa\u00f1ol y forma parte del<strong> alma monta\u00f1era de Asturias<\/strong>.<\/p>\n\n\n\n<p>La ruta cl\u00e1sica parte de <strong>Sotres<\/strong> hacia el <strong>Refugio de Urriellu<\/strong>, pasando por <strong>Pand\u00e9bano<\/strong>. Aunque no es una cima para todos, el sendero hasta el refugio ya ofrece una experiencia inolvidable. El imponente pico tambi\u00e9n conocido como <strong>Naranjo de Bulnes<\/strong>, nombre que se populariz\u00f3 por el tono anaranjado que adquieren sus paredes calizas al amanecer y al atardecer.<\/p>\n\n\n\n<div class=\"wp-block-stackable-heading stk-block-heading stk-block-heading--v2 stk-block stk-577141b\" id=\"strong-montserrat-arte-espiritualidad-y-roca-viva-strong\" data-block-id=\"577141b\"><h2 class=\"stk-block-heading__text\"><strong>Montserrat: arte, espiritualidad y roca viva<\/strong><\/h2><\/div>\n\n\n\n<p>M\u00e1s all\u00e1 de su famoso monasterio, la <strong>monta\u00f1a de Montserrat<\/strong> es un tesoro natural de origen sedimentario, con <strong>picos afilados<\/strong> y formas dentadas que le otorgan una silueta inconfundible. Se eleva directamente desde el <strong>r\u00edo Llobregat<\/strong>, y su <strong>geolog\u00eda de conglomerado<\/strong> la hace especialmente resistente a la erosi\u00f3n.<\/p>\n\n\n\n<p>Su red de senderos, su <strong>biodiversidad<\/strong> y su clima mediterr\u00e1neo con microclimas \u00fanicos ofrecen m\u00faltiples posibilidades para actividades al aire libre. Adem\u00e1s, es un referente para la escalada y alberga <strong>cuevas de inter\u00e9s arqueol\u00f3gico<\/strong>.<\/p>\n\n\n\n<p>Explorar las monta\u00f1as espa\u00f1olas es una experiencia enriquecedora, llena de <a href=\"https:\/\/www.miteco.gob.es\/es\/biodiversidad\/temas\/ecosistemas-y-conectividad\/conservacion-de-las-areas-de-montana.html\" target=\"_blank\" rel=\"noreferrer noopener\"><strong>descubrimientos naturales<\/strong><\/a> y momentos \u00fanicos. Para disfrutarla con total tranquilidad, es recomendable contar con una buena <a href=\"https:\/\/oficial.asisa.es\/viajes\" target=\"_blank\" rel=\"noreferrer noopener\">cobertura m\u00e9dica<\/a> que te acompa\u00f1e en todo momento.<\/p>\n\n\n\n<div class=\"wp-block-stackable-icon-box stk-block-icon-box stk-block stk-9778e03 stk-block-background\" data-v=\"2\" data-block-id=\"9778e03\"><style>.stk-9778e03{background-color:#efeee9 !important}.stk-9778e03:before{background-color:#efeee9 !important}<\/style><div class=\"stk-block-content stk-inner-blocks stk-block-icon-box__content stk-container stk-9778e03-container stk--no-background stk--no-padding\">\n<div class=\"wp-block-stackable-icon-label stk-block-icon-label stk-block stk-fdd9455\" data-block-id=\"fdd9455\"><div class=\"stk-row stk-inner-blocks stk-block-content\">\n<div class=\"wp-block-stackable-icon stk-block-icon has-text-align-left stk-block stk-bf36c07\" data-block-id=\"bf36c07\"><style>.stk-bf36c07 .stk--svg-wrapper .stk--inner-svg svg:last-child,.stk-bf36c07 .stk--svg-wrapper .stk--inner-svg svg:last-child :is(g,path,rect,polygon,ellipse){fill:#085086 !important}<\/style><span class=\"stk--svg-wrapper\"><div class=\"stk--inner-svg\"><svg style=\"height:0;width:0\"><defs><linearGradient id=\"linear-gradient-bf36c07\" x1=\"0\" x2=\"100%\" y1=\"0\" y2=\"0\"><stop offset=\"0%\" style=\"stop-opacity:1;stop-color:var(--linear-gradient-bf-36-c-07-color-1)\"><\/stop><stop offset=\"100%\" style=\"stop-opacity:1;stop-color:var(--linear-gradient-bf-36-c-07-color-2)\"><\/stop><\/linearGradient><\/defs><\/svg><svg xmlns=\"http:\/\/www.w3.org\/2000\/svg\" viewBox=\"0 0 512 512\" aria-hidden=\"true\" width=\"32\" height=\"32\"><path d=\"M478.21 334.093L336 256l142.21-78.093c11.795-6.477 15.961-21.384 9.232-33.037l-19.48-33.741c-6.728-11.653-21.72-15.499-33.227-8.523L296 186.718l3.475-162.204C299.763 11.061 288.937 0 275.48 0h-38.96c-13.456 0-24.283 11.061-23.994 24.514L216 186.718 77.265 102.607c-11.506-6.976-26.499-3.13-33.227 8.523l-19.48 33.741c-6.728 11.653-2.562 26.56 9.233 33.037L176 256 33.79 334.093c-11.795 6.477-15.961 21.384-9.232 33.037l19.48 33.741c6.728 11.653 21.721 15.499 33.227 8.523L216 325.282l-3.475 162.204C212.237 500.939 223.064 512 236.52 512h38.961c13.456 0 24.283-11.061 23.995-24.514L296 325.282l138.735 84.111c11.506 6.976 26.499 3.13 33.227-8.523l19.48-33.741c6.728-11.653 2.563-26.559-9.232-33.036z\"><\/path><\/svg><\/div><\/span><\/div>\n\n\n\n<div class=\"wp-block-stackable-heading stk-block-heading stk-block-heading--v2 stk-block stk-b944d37\" id=\"recuerda\" data-block-id=\"b944d37\"><h4 class=\"stk-block-heading__text\">Recuerda<\/h4><\/div>\n<\/div><\/div>\n\n\n\n<div class=\"wp-block-stackable-heading stk-block-heading stk-block-heading--v2 stk-block stk-8fdaf0b\" id=\"el-teide-con-3-718-metros-de-altura-es-el-pico-mas-alto-de-espana-y-ofrece-vistas-que-alcanzan-hasta-4-islas-vecinas\" data-block-id=\"8fdaf0b\"><style>.stk-8fdaf0b{margin-bottom:12px !important}<\/style><h5 class=\"stk-block-heading__text\">El Teide, con 3.718 metros de altura, es el pico m\u00e1s alto de Espa\u00f1a y ofrece vistas que alcanzan hasta 4 islas vecinas.<\/h5><\/div>\n\n\n\n<div class=\"wp-block-stackable-heading stk-block-heading stk-block-heading--v2 stk-block stk-cc58323\" id=\"monte-perdido-es-el-tercer-pico-mas-alto-de-los-pirineos-conserva-restos-glaciares-y-esta-declarado-reserva-de-la-biosfera-por-la-unesco\" data-block-id=\"cc58323\"><style>.stk-cc58323{margin-bottom:10px !important}<\/style><h5 class=\"stk-block-heading__text\">Monte Perdido es el tercer pico m\u00e1s alto de los Pirineos, conserva restos glaciares y est\u00e1 declarado Reserva de la Biosfera por la UNESCO.<\/h5><\/div>\n\n\n\n<div class=\"wp-block-stackable-heading stk-block-heading stk-block-heading--v2 stk-block stk-4338811\" id=\"la-campana-tiene-objetivo-que-los-ninos-adquieran-habitos-para-mantener-una-espalda-sana-y-fuerte-a-lo-largo-de-toda-su-vida-sta-campana-viene-acompanada-de-una-nueva-edicion-de-el-em-tebeo-de-la-espalda-em\" data-block-id=\"4338811\"><style>.stk-4338811{margin-bottom:10px !important}<\/style><h5 class=\"stk-block-heading__text\">El Mulhac\u00e9n, con 3.482 metros de altura, permite avistar el mar Mediterr\u00e1neo e incluso la costa africana en d\u00edas despejados.<\/h5><\/div>\n<\/div><\/div>\n","protected":false},"excerpt":{"rendered":"<p>Espa\u00f1a es un pa\u00eds de una riqueza natural asombrosa, y sus monta\u00f1as representan algunos de los paisajes m\u00e1s espectaculares y biodiversos de Europa. Hoy se celebra el D\u00eda Internacional de las Monta\u00f1as, una fecha para recordar la importancia de preservar estos ecosistemas. Nuestro pa\u00eds es uno de los lugares m\u00e1s monta\u00f1osos de Europa, con una &#8230; <\/p>\n<p class=\"read-more-container\"><a title=\"5 monta\u00f1as espa\u00f1olas que debes visitar\" class=\"read-more button\" href=\"\/blog\/vida-sostenible\/5-montanas-espanolas-que-visitar\/#more-17727\" aria-label=\"Leer m\u00e1s sobre 5 monta\u00f1as espa\u00f1olas que debes visitar\">Leer m\u00e1s<\/a><\/p>\n","protected":false},"author":8,"featured_media":17730,"comment_status":"closed","ping_status":"closed","sticky":false,"template":"","format":"standard","meta":{"_coblocks_attr":"","_coblocks_dimensions":"","_coblocks_responsive_height":"","_coblocks_accordion_ie_support":"","om_disable_all_campaigns":false,"_uf_show_specific_survey":0,"_uf_disable_surveys":false,"twitterCardType":"","cardImageID":0,"cardImage":"","cardTitle":"","cardDesc":"","cardImageAlt":"","cardPlayer":"","cardPlayerWidth":0,"cardPlayerHeight":0,"cardPlayerStream":"","cardPlayerCodec":"","footnotes":""},"categories":[91,89],"tags":[],"aioseo_notices":[],"featured_image_src":"\/blog\/wp-content\/uploads\/2025\/12\/montanas_-600x400.jpg","featured_image_src_square":"\/blog\/wp-content\/uploads\/2025\/12\/montanas_-600x600.jpg","author_info":{"display_name":"ASISA","author_link":"\/blog\/author\/laragsoto\/"},"_links":{"self":[{"href":"\/blog\/wp-json\/wp\/v2\/posts\/17727"}],"collection":[{"href":"\/blog\/wp-json\/wp\/v2\/posts"}],"about":[{"href":"\/blog\/wp-json\/wp\/v2\/types\/post"}],"author":[{"embeddable":true,"href":"\/blog\/wp-json\/wp\/v2\/users\/8"}],"replies":[{"embeddable":true,"href":"\/blog\/wp-json\/wp\/v2\/comments?post=17727"}],"version-history":[{"count":3,"href":"\/blog\/wp-json\/wp\/v2\/posts\/17727\/revisions"}],"predecessor-version":[{"id":17731,"href":"\/blog\/wp-json\/wp\/v2\/posts\/17727\/revisions\/17731"}],"wp:featuredmedia":[{"embeddable":true,"href":"\/blog\/wp-json\/wp\/v2\/media\/17730"}],"wp:attachment":[{"href":"\/blog\/wp-json\/wp\/v2\/media?parent=17727"}],"wp:term":[{"taxonomy":"category","embeddable":true,"href":"\/blog\/wp-json\/wp\/v2\/categories?post=17727"},{"taxonomy":"post_tag","embeddable":true,"href":"\/blog\/wp-json\/wp\/v2\/tags?post=17727"}],"curies":[{"name":"wp","href":"https:\/\/api.w.org\/{rel}","templated":true}]}}