{"id":17659,"date":"2025-11-25T17:00:50","date_gmt":"2025-11-25T15:00:50","guid":{"rendered":"https:\/\/www.blogdeasisa.es\/?p=17659"},"modified":"2025-11-25T17:00:53","modified_gmt":"2025-11-25T15:00:53","slug":"problemas-digestivos-en-el-embarazo","status":"publish","type":"post","link":"\/blog\/salud\/problemas-digestivos-en-el-embarazo\/","title":{"rendered":"Problemas digestivos en el embarazo: por qu\u00e9 aparecen y c\u00f3mo aliviarlos"},"content":{"rendered":"\n<p>Durante el embarazo, el cuerpo experimenta grandes cambios hormonales y f\u00edsicos que pueden afectar al sistema digestivo. Por ello, es habitual que muchas mujeres presenten n\u00e1useas, acidez o estre\u00f1imiento en distintos momentos de la gestaci\u00f3n. Aunque suelen ser molestias normales, es recomendable conocer las causas de los problemas digestivos en el embarazo y c\u00f3mo manejarlos para un bienestar diario. <\/p>\n\n\n\n<h2 class=\"wp-block-heading\"><strong>\u00bfPor qu\u00e9 son tan frecuentes los problemas digestivos en el embarazo?<\/strong><\/h2>\n\n\n\n<p>Los cambios hormonales, en especial el aumento de progesterona, tienen un papel fundamental. Esta hormona relaja la musculatura lisa del cuerpo \u2014incluyendo la del aparato digestivo\u2014 para evitar contracciones uterinas prematuras. Como consecuencia, el tr\u00e1nsito intestinal se vuelve m\u00e1s lento, favoreciendo estre\u00f1imiento, distensi\u00f3n abdominal y acidez.<\/p>\n\n\n\n<p>A nivel f\u00edsico, el crecimiento del \u00fatero desplaza el est\u00f3mago, el h\u00edgado y el p\u00e1ncreas, lo que altera su funcionamiento y dificulta la digesti\u00f3n. Adem\u00e1s, el aumento del volumen sangu\u00edneo y de las demandas metab\u00f3licas propias de la gestaci\u00f3n puede contribuir a problemas digestivos en el embarazo. <\/p>\n\n\n\n<h2 class=\"wp-block-heading\"><strong>Molestias digestivas m\u00e1s comunes durante el embarazo<\/strong><\/h2>\n\n\n\n<p><strong>N\u00e1useas y v\u00f3mitos<\/strong><br>Afectan hasta al 80% de las embarazadas, especialmente entre las semanas 6 y 14. Se relacionan con el aumento de la hormona HCG, los niveles elevados de estr\u00f3genos y progesterona y factores emocionales como el estr\u00e9s. Aunque suelen ser leves, en casos poco frecuentes puede aparecer hiper\u00e9mesis grav\u00eddica, una forma intensa que requiere atenci\u00f3n m\u00e9dica.<\/p>\n\n\n\n<p><em>C\u00f3mo aliviarlas:<\/em><\/p>\n\n\n\n<ul>\n<li>Comer peque\u00f1as cantidades cada 2\u20133 horas.<\/li>\n\n\n\n<li>Priorizar alimentos secos (tostadas, galletas, cereales).<\/li>\n\n\n\n<li>Evitar comidas muy grasas, picantes o muy especiadas.<\/li>\n\n\n\n<li>Mantener una buena hidrataci\u00f3n con sorbos frecuentes.<\/li>\n\n\n\n<li>Identificar y evitar olores desencadenantes.<\/li>\n\n\n\n<li>Valorar el uso de vitamina B6 o jengibre, siempre bajo indicaci\u00f3n profesional.<\/li>\n<\/ul>\n\n\n\n<p><strong>Acidez y reflujo gastroesof\u00e1gico<\/strong><br>Suelen intensificarse durante el segundo y tercer trimestre por la relajaci\u00f3n del esf\u00ednter esof\u00e1gico y la presi\u00f3n del \u00fatero sobre el est\u00f3mago. Pueden causar sensaci\u00f3n de ardor, regurgitaci\u00f3n \u00e1cida y mal sabor de boca.<\/p>\n\n\n\n<p><em>Medidas de alivio:<\/em><\/p>\n\n\n\n<ul>\n<li>Comer raciones peque\u00f1as y cenar al menos dos horas antes de acostarse.<\/li>\n\n\n\n<li>Reducir caf\u00e9, chocolate, c\u00edtricos, tomate y comidas grasas.<\/li>\n\n\n\n<li>Dormir con la cabecera ligeramente elevada.<\/li>\n\n\n\n<li>Evitar ropa apretada y caminar tras las comidas.<\/li>\n\n\n\n<li>Consultar sobre anti\u00e1cidos seguros si las medidas higienicodiet\u00e9ticas no son suficientes.<\/li>\n<\/ul>\n\n\n\n<p><strong>Estre\u00f1imiento<\/strong><br>Afecta a m\u00e1s de la mitad de las embarazadas debido a la relajaci\u00f3n del intestino, la presi\u00f3n del \u00fatero, la menor actividad f\u00edsica o una hidrataci\u00f3n insuficiente. Tambi\u00e9n ciertos suplementos, como el hierro, pueden contribuir.<\/p>\n\n\n\n<p><em>Recomendaciones \u00fatiles:<\/em><\/p>\n\n\n\n<ul>\n<li>Aumentar la fibra: frutas, verduras, legumbres y cereales integrales.<\/li>\n\n\n\n<li>Beber entre 1,5 y 2 litros de agua al d\u00eda.<\/li>\n\n\n\n<li>Realizar ejercicio suave y regular, como caminar o nadar.<\/li>\n\n\n\n<li>Establecer rutinas y aprovechar el reflejo gastroc\u00f3lico tras el desayuno.<\/li>\n\n\n\n<li>Usar suplementos de fibra o laxantes solo bajo supervisi\u00f3n m\u00e9dica.<\/li>\n<\/ul>\n\n\n\n<h2 class=\"wp-block-heading\"><strong>Cuidar la salud digestiva durante la gestaci\u00f3n<\/strong><\/h2>\n\n\n\n<p>Los problemas digestivos en el <a href=\"https:\/\/www.blogdehla.es\/estas-son-todas-las-visitas-medicas-durante-el-embarazo\/\" target=\"_blank\" rel=\"noreferrer noopener\">embarazo<\/a> son habituales y, en la mayor\u00eda de los casos, esperables por los cambios fisiol\u00f3gicos de esta etapa. Aun as\u00ed, existen medidas sencillas y seguras que pueden mejorar significativamente el confort diario.<\/p>\n\n\n\n<p>Ante molestias persistentes, aparici\u00f3n de s\u00edntomas intensos o dudas sobre la medicaci\u00f3n adecuada, es recomendable consultar con el profesional sanitario de referencia. Cada embarazo es \u00fanico, y adaptar las recomendaciones a cada caso es esencial para garantizar el bienestar y la seguridad tanto de la madre como del beb\u00e9.<\/p>\n\n\n\n<p>Recuerda que ASISA ha puesto en marcha el <a href=\"\/\/category\/salud\/\" target=\"_blank\" rel=\"noreferrer noopener\">Programa de Familias Primerizas<\/a> donde podr\u00e1s encontrar toda la informaci\u00f3n, apoyo y profesionales especializados. <\/p>\n\n\n\n<div class=\"wp-block-stackable-icon-box stk-block-icon-box stk-block stk-9778e03 stk-block-background\" data-v=\"2\" data-block-id=\"9778e03\"><style>.stk-9778e03{background-color:#efeee9 !important}.stk-9778e03:before{background-color:#efeee9 !important}<\/style><div class=\"stk-block-content stk-inner-blocks stk-block-icon-box__content stk-container stk-9778e03-container stk--no-background stk--no-padding\">\n<div class=\"wp-block-stackable-icon-label stk-block-icon-label stk-block stk-fdd9455\" data-block-id=\"fdd9455\"><div class=\"stk-row stk-inner-blocks stk-block-content\">\n<div class=\"wp-block-stackable-icon stk-block-icon has-text-align-left stk-block stk-bf36c07\" data-block-id=\"bf36c07\"><style>.stk-bf36c07 .stk--svg-wrapper .stk--inner-svg svg:last-child,.stk-bf36c07 .stk--svg-wrapper .stk--inner-svg svg:last-child :is(g,path,rect,polygon,ellipse){fill:#085086 !important}<\/style><span class=\"stk--svg-wrapper\"><div class=\"stk--inner-svg\"><svg style=\"height:0;width:0\"><defs><linearGradient id=\"linear-gradient-bf36c07\" x1=\"0\" x2=\"100%\" y1=\"0\" y2=\"0\"><stop offset=\"0%\" style=\"stop-opacity:1;stop-color:var(--linear-gradient-bf-36-c-07-color-1)\"><\/stop><stop offset=\"100%\" style=\"stop-opacity:1;stop-color:var(--linear-gradient-bf-36-c-07-color-2)\"><\/stop><\/linearGradient><\/defs><\/svg><svg xmlns=\"http:\/\/www.w3.org\/2000\/svg\" viewBox=\"0 0 512 512\" aria-hidden=\"true\" width=\"32\" height=\"32\"><path d=\"M478.21 334.093L336 256l142.21-78.093c11.795-6.477 15.961-21.384 9.232-33.037l-19.48-33.741c-6.728-11.653-21.72-15.499-33.227-8.523L296 186.718l3.475-162.204C299.763 11.061 288.937 0 275.48 0h-38.96c-13.456 0-24.283 11.061-23.994 24.514L216 186.718 77.265 102.607c-11.506-6.976-26.499-3.13-33.227 8.523l-19.48 33.741c-6.728 11.653-2.562 26.56 9.233 33.037L176 256 33.79 334.093c-11.795 6.477-15.961 21.384-9.232 33.037l19.48 33.741c6.728 11.653 21.721 15.499 33.227 8.523L216 325.282l-3.475 162.204C212.237 500.939 223.064 512 236.52 512h38.961c13.456 0 24.283-11.061 23.995-24.514L296 325.282l138.735 84.111c11.506 6.976 26.499 3.13 33.227-8.523l19.48-33.741c6.728-11.653 2.563-26.559-9.232-33.036z\"><\/path><\/svg><\/div><\/span><\/div>\n\n\n\n<div class=\"wp-block-stackable-heading stk-block-heading stk-block-heading--v2 stk-block stk-b944d37\" id=\"recuerda\" data-block-id=\"b944d37\"><h4 class=\"stk-block-heading__text\">Recuerda<\/h4><\/div>\n<\/div><\/div>\n\n\n\n<div class=\"wp-block-stackable-heading stk-block-heading stk-block-heading--v2 stk-block stk-8fdaf0b\" id=\"los-problemas-digestivos-en-el-embarazo-son-comunes-debido-a-los-cambios-hormonales-y-fisicos-que-ralentizan-la-digestion\" data-block-id=\"8fdaf0b\"><style>.stk-8fdaf0b{margin-bottom:12px !important}<\/style><h5 class=\"stk-block-heading__text\">Los problemas digestivos en el embarazo son comunes debido a los cambios hormonales y f\u00edsicos que ralentizan la digesti\u00f3n.<\/h5><\/div>\n\n\n\n<div class=\"wp-block-stackable-heading stk-block-heading stk-block-heading--v2 stk-block stk-cc58323\" id=\"nauseas-acidez-y-estrenimiento-son-las-molestias-mas-frecuentes-pero-pueden-aliviarse-con-habitos-alimentarios-adecuados-y-medidas-posturales\" data-block-id=\"cc58323\"><style>.stk-cc58323{margin-bottom:10px !important}<\/style><h5 class=\"stk-block-heading__text\">N\u00e1useas, acidez y estre\u00f1imiento son las molestias m\u00e1s frecuentes, pero pueden aliviarse con h\u00e1bitos alimentarios adecuados y medidas posturales.<\/h5><\/div>\n\n\n\n<div class=\"wp-block-stackable-heading stk-block-heading stk-block-heading--v2 stk-block stk-4338811\" id=\"la-campana-tiene-objetivo-que-los-ninos-adquieran-habitos-para-mantener-una-espalda-sana-y-fuerte-a-lo-largo-de-toda-su-vida-sta-campana-viene-acompanada-de-una-nueva-edicion-de-el-em-tebeo-de-la-espalda-em\" data-block-id=\"4338811\"><style>.stk-4338811{margin-bottom:10px !important}<\/style><h5 class=\"stk-block-heading__text\">Aunque suelen ser normales, es importante consultar al profesional sanitario si los s\u00edntomas son intensos o persistentes.<\/h5><\/div>\n<\/div><\/div>\n","protected":false},"excerpt":{"rendered":"<p>Durante el embarazo, el cuerpo experimenta grandes cambios hormonales y f\u00edsicos que pueden afectar al sistema digestivo. Por ello, es habitual que muchas mujeres presenten n\u00e1useas, acidez o estre\u00f1imiento en distintos momentos de la gestaci\u00f3n. Aunque suelen ser molestias normales, es recomendable conocer las causas de los problemas digestivos en el embarazo y c\u00f3mo manejarlos &#8230; <\/p>\n<p class=\"read-more-container\"><a title=\"Problemas digestivos en el embarazo: por qu\u00e9 aparecen y c\u00f3mo aliviarlos\" class=\"read-more button\" href=\"\/blog\/salud\/problemas-digestivos-en-el-embarazo\/#more-17659\" aria-label=\"Leer m\u00e1s sobre Problemas digestivos en el embarazo: por qu\u00e9 aparecen y c\u00f3mo aliviarlos\">Leer m\u00e1s<\/a><\/p>\n","protected":false},"author":8,"featured_media":17661,"comment_status":"closed","ping_status":"closed","sticky":false,"template":"","format":"standard","meta":{"_coblocks_attr":"","_coblocks_dimensions":"","_coblocks_responsive_height":"","_coblocks_accordion_ie_support":"","om_disable_all_campaigns":false,"_uf_show_specific_survey":0,"_uf_disable_surveys":false,"twitterCardType":"","cardImageID":0,"cardImage":"","cardTitle":"","cardDesc":"","cardImageAlt":"","cardPlayer":"","cardPlayerWidth":0,"cardPlayerHeight":0,"cardPlayerStream":"","cardPlayerCodec":"","footnotes":""},"categories":[307,3],"tags":[],"aioseo_notices":[],"featured_image_src":"\/blog\/wp-content\/uploads\/2025\/11\/Problemas-digestivos-en-el-embarazo-600x400.jpg","featured_image_src_square":"\/blog\/wp-content\/uploads\/2025\/11\/Problemas-digestivos-en-el-embarazo-600x600.jpg","author_info":{"display_name":"ASISA","author_link":"\/blog\/author\/laragsoto\/"},"_links":{"self":[{"href":"\/blog\/wp-json\/wp\/v2\/posts\/17659"}],"collection":[{"href":"\/blog\/wp-json\/wp\/v2\/posts"}],"about":[{"href":"\/blog\/wp-json\/wp\/v2\/types\/post"}],"author":[{"embeddable":true,"href":"\/blog\/wp-json\/wp\/v2\/users\/8"}],"replies":[{"embeddable":true,"href":"\/blog\/wp-json\/wp\/v2\/comments?post=17659"}],"version-history":[{"count":3,"href":"\/blog\/wp-json\/wp\/v2\/posts\/17659\/revisions"}],"predecessor-version":[{"id":17663,"href":"\/blog\/wp-json\/wp\/v2\/posts\/17659\/revisions\/17663"}],"wp:featuredmedia":[{"embeddable":true,"href":"\/blog\/wp-json\/wp\/v2\/media\/17661"}],"wp:attachment":[{"href":"\/blog\/wp-json\/wp\/v2\/media?parent=17659"}],"wp:term":[{"taxonomy":"category","embeddable":true,"href":"\/blog\/wp-json\/wp\/v2\/categories?post=17659"},{"taxonomy":"post_tag","embeddable":true,"href":"\/blog\/wp-json\/wp\/v2\/tags?post=17659"}],"curies":[{"name":"wp","href":"https:\/\/api.w.org\/{rel}","templated":true}]}}