{"id":17655,"date":"2025-11-25T14:31:09","date_gmt":"2025-11-25T12:31:09","guid":{"rendered":"https:\/\/www.blogdeasisa.es\/?p=17655"},"modified":"2025-11-25T14:31:18","modified_gmt":"2025-11-25T12:31:18","slug":"reforzar-las-defensas-en-otono","status":"publish","type":"post","link":"\/blog\/salud\/reforzar-las-defensas-en-otono\/","title":{"rendered":"C\u00f3mo reforzar las defensas en oto\u00f1o m\u00e1s all\u00e1 de la vitamina C"},"content":{"rendered":"\n<p>Con la <strong>llegada del <\/strong><a href=\"\/\/salud\/cambios-en-nuestro-cuerpo-con-el-otono\/\" target=\"_blank\" rel=\"noreferrer noopener\"><strong>oto\u00f1o<\/strong><\/a> y la bajada de las temperaturas que preceden al invierno, los casos de <strong>resfriados y gripe<\/strong> se vuelven m\u00e1s frecuentes. Por eso, <strong>reforzar nuestras defensas en oto\u00f1o<\/strong> es clave para evitar que el organismo sea m\u00e1s vulnerable a estas y otras infecciones.<\/p>\n\n\n\n<p>El <strong>estr\u00e9s<\/strong>, el <strong>cansancio<\/strong> y una <strong>alimentaci\u00f3n desequilibrada<\/strong> pueden debilitar nuestro sistema inmunitario. En este contexto, es fundamental adoptar h\u00e1bitos que lo mantengan en buen estado y nos preparen para afrontar los meses m\u00e1s fr\u00edos.<\/p>\n\n\n\n<div class=\"wp-block-stackable-heading stk-block-heading stk-block-heading--v2 stk-block stk-6e21785\" id=\"strong-4-nutrientes-clave-para-fortalecer-las-defensas-en-otono-strong\" data-block-id=\"6e21785\"><h2 class=\"stk-block-heading__text\"><strong>4 nutrientes clave para fortalecer las defensas en oto\u00f1o<\/strong><\/h2><\/div>\n\n\n\n<p>Si bien la <strong>vitamina C<\/strong> es famosa por su rol en la <strong><a href=\"https:\/\/www.blogdehla.es\/como-estimular-tu-sistema-inmunologico-en-otono-con-estos-alimentos-de-temporada\/\" target=\"_blank\" rel=\"noreferrer noopener\">protecci\u00f3n inmunol\u00f3gica<\/a><\/strong>, existen otros compuestos que tambi\u00e9n son esenciales para mantener fuertes nuestras <strong>defensas en oto\u00f1o<\/strong>. Estos son 4 de ellos:<\/p>\n\n\n\n<ol start=\"1\">\n<li><strong>Zinc<\/strong>: es un mineral esencial para la activaci\u00f3n de las c\u00e9lulas inmunitarias. Ayuda a <strong>combatir infecciones<\/strong> y mantiene en forma las barreras mucosas del organismo, como las de la nariz y el intestino. Se encuentra en alimentos como mariscos, carne de vacuno, legumbres, frutos secos y productos l\u00e1cteos.<\/li>\n\n\n\n<li><strong>Vitamina D<\/strong>: fundamental para <strong>regular la respuesta inmune<\/strong> y combatir las infecciones respiratorias. Se encuentra en pescados grasos, yema de huevo y a trav\u00e9s de la exposici\u00f3n moderada al sol.<\/li>\n\n\n\n<li><strong>Probi\u00f3ticos<\/strong>: son microorganismos beneficiosos para la microbiota intestinal, que <strong>juega un papel clave<\/strong> en el sistema inmunol\u00f3gico. Alimentos como el yogur o el k\u00e9fir son ricos en probi\u00f3ticos y ayudan a <strong>fortalecer las defensas<\/strong> y mejorar la producci\u00f3n de anticuerpos.<\/li>\n\n\n\n<li><strong>Antioxidantes<\/strong>: incluyen compuestos como la vitamina C, pero tambi\u00e9n vitamina E, el selenio y los polifenoles, que protegen nuestras c\u00e9lulas del <strong>da\u00f1o oxidativo<\/strong> y <strong>reducen la inflamaci\u00f3n<\/strong>. Se pueden obtener de alimentos como los c\u00edtricos, los frutos secos, el t\u00e9 verde, el cacao puro, las zanahorias y las espinacas.<\/li>\n<\/ol>\n\n\n\n<p>La acci\u00f3n conjunta de todos estos nutrientes ayuda a <strong>estimular la producci\u00f3n de anticuerpos<\/strong>, mejora la funci\u00f3n de las c\u00e9lulas inmunes y refuerza las barreras naturales del cuerpo.<\/p>\n\n\n\n<div class=\"wp-block-stackable-heading stk-block-heading stk-block-heading--v2 stk-block stk-100ca71\" id=\"strong-otros-consejos-para-reforzar-tus-defensas-strong\" data-block-id=\"100ca71\"><h2 class=\"stk-block-heading__text\"><strong>Otros consejos para reforzar tus defensas<\/strong><\/h2><\/div>\n\n\n\n<p>M\u00e1s all\u00e1 de la alimentaci\u00f3n, hay otros <strong>h\u00e1bitos saludables<\/strong> que pueden ayudar a mantener fuertes las <strong>defensas en oto\u00f1o<\/strong> para asegurar que el sistema inmune funcione de manera \u00f3ptima durante esta \u00e9poca del a\u00f1o. Estos son:<\/p>\n\n\n\n<ul>\n<li><strong>Descanso adecuado<\/strong>: dormir entre 7 y 9 horas al d\u00eda es indispensable para mantener un sistema inmunol\u00f3gico fuerte. Durante el sue\u00f1o, el cuerpo produce <strong>citoquinas<\/strong>, unas <strong>prote\u00ednas <\/strong>que ayudan a combatir infecciones.<\/li>\n\n\n\n<li><strong>Ejercicio regular<\/strong>: el ejercicio moderado tiene <strong>efectos antiinflamatorios<\/strong> y fortalece las defensas naturales del organismo.<\/li>\n\n\n\n<li><strong>Reducci\u00f3n del estr\u00e9s<\/strong>: el estr\u00e9s cr\u00f3nico puede debilitar el sistema inmunol\u00f3gico. Para reducirlo, se pueden <strong>practicar t\u00e9cnicas de relajaci\u00f3n<\/strong> como la meditaci\u00f3n, la respiraci\u00f3n profunda y el <em>mindfulness<\/em>.<\/li>\n\n\n\n<li><strong>Hidrataci\u00f3n adecuada<\/strong>: beber suficiente agua (al menos 2 litros al d\u00eda) es clave para mantener un buen equilibrio en el cuerpo y asegurar que los <strong>procesos inmunol\u00f3gicos<\/strong> funcionen correctamente.<\/li>\n\n\n\n<li><strong>Evitar h\u00e1bitos t\u00f3xicos<\/strong>: el consumo de alcohol y tabaco puede reducir la capacidad del cuerpo para defenderse de infecciones. <strong>Evitar estos h\u00e1bitos<\/strong> o <strong>reducirlos al m\u00ednimo <\/strong>contribuir\u00e1 a un sistema inmunol\u00f3gico m\u00e1s fuerte.<\/li>\n\n\n\n<li><strong>Exposici\u00f3n al sol<\/strong>: la vitamina D es esencial para el sistema inmune, y una <strong>exposici\u00f3n moderada al sol<\/strong> (15-20 minutos al d\u00eda) puede ser suficiente para mantener los niveles adecuados de esta vitamina.<\/li>\n\n\n\n<li><strong>Higiene adecuada<\/strong>: lavarse las manos regularmente y mantener una buena higiene bucal ayuda a <strong>prevenir infecciones<\/strong>.<\/li>\n<\/ul>\n\n\n\n<p>En definitiva, el <strong>vaso de zumo de naranja con su vitamina C es clave para reforzar nuestras defensas en oto\u00f1o<\/strong>. Sin embargo, los cuidados deben ir m\u00e1s all\u00e1, de modo que nuestro cuerpo est\u00e9 totalmente preparado para estas estaciones m\u00e1s fr\u00edas.<\/p>\n\n\n\n<div class=\"wp-block-stackable-icon-box stk-block-icon-box stk-block stk-9778e03 stk-block-background\" data-v=\"2\" data-block-id=\"9778e03\"><style>.stk-9778e03{background-color:#efeee9 !important}.stk-9778e03:before{background-color:#efeee9 !important}<\/style><div class=\"stk-block-content stk-inner-blocks stk-block-icon-box__content stk-container stk-9778e03-container stk--no-background stk--no-padding\">\n<div class=\"wp-block-stackable-icon-label stk-block-icon-label stk-block stk-fdd9455\" data-block-id=\"fdd9455\"><div class=\"stk-row stk-inner-blocks stk-block-content\">\n<div class=\"wp-block-stackable-icon stk-block-icon has-text-align-left stk-block stk-bf36c07\" data-block-id=\"bf36c07\"><style>.stk-bf36c07 .stk--svg-wrapper .stk--inner-svg svg:last-child,.stk-bf36c07 .stk--svg-wrapper .stk--inner-svg svg:last-child :is(g,path,rect,polygon,ellipse){fill:#085086 !important}<\/style><span class=\"stk--svg-wrapper\"><div class=\"stk--inner-svg\"><svg style=\"height:0;width:0\"><defs><linearGradient id=\"linear-gradient-bf36c07\" x1=\"0\" x2=\"100%\" y1=\"0\" y2=\"0\"><stop offset=\"0%\" style=\"stop-opacity:1;stop-color:var(--linear-gradient-bf-36-c-07-color-1)\"><\/stop><stop offset=\"100%\" style=\"stop-opacity:1;stop-color:var(--linear-gradient-bf-36-c-07-color-2)\"><\/stop><\/linearGradient><\/defs><\/svg><svg xmlns=\"http:\/\/www.w3.org\/2000\/svg\" viewBox=\"0 0 512 512\" aria-hidden=\"true\" width=\"32\" height=\"32\"><path d=\"M478.21 334.093L336 256l142.21-78.093c11.795-6.477 15.961-21.384 9.232-33.037l-19.48-33.741c-6.728-11.653-21.72-15.499-33.227-8.523L296 186.718l3.475-162.204C299.763 11.061 288.937 0 275.48 0h-38.96c-13.456 0-24.283 11.061-23.994 24.514L216 186.718 77.265 102.607c-11.506-6.976-26.499-3.13-33.227 8.523l-19.48 33.741c-6.728 11.653-2.562 26.56 9.233 33.037L176 256 33.79 334.093c-11.795 6.477-15.961 21.384-9.232 33.037l19.48 33.741c6.728 11.653 21.721 15.499 33.227 8.523L216 325.282l-3.475 162.204C212.237 500.939 223.064 512 236.52 512h38.961c13.456 0 24.283-11.061 23.995-24.514L296 325.282l138.735 84.111c11.506 6.976 26.499 3.13 33.227-8.523l19.48-33.741c6.728-11.653 2.563-26.559-9.232-33.036z\"><\/path><\/svg><\/div><\/span><\/div>\n\n\n\n<div class=\"wp-block-stackable-heading stk-block-heading stk-block-heading--v2 stk-block stk-b944d37\" id=\"recuerda\" data-block-id=\"b944d37\"><h4 class=\"stk-block-heading__text\">Recuerda<\/h4><\/div>\n<\/div><\/div>\n\n\n\n<div class=\"wp-block-stackable-heading stk-block-heading stk-block-heading--v2 stk-block stk-8fdaf0b\" id=\"reforzar-las-defensas-en-otono-es-esencial-para-prevenir-infecciones-sobre-todo-las-respiratorias\" data-block-id=\"8fdaf0b\"><style>.stk-8fdaf0b{margin-bottom:12px !important}<\/style><h5 class=\"stk-block-heading__text\">Reforzar las defensas en oto\u00f1o es esencial para prevenir infecciones, sobre todo, las respiratorias.<\/h5><\/div>\n\n\n\n<div class=\"wp-block-stackable-heading stk-block-heading stk-block-heading--v2 stk-block stk-cc58323\" id=\"nutrientes-como-el-zinc-la-vitamina-d-los-probioticos-y-los-antioxidantes-son-importantes-para-protegernos-contra-algunas-infecciones\" data-block-id=\"cc58323\"><style>.stk-cc58323{margin-bottom:10px !important}<\/style><h5 class=\"stk-block-heading__text\">Nutrientes como el zinc, la vitamina D, los probi\u00f3ticos y los antioxidantes son importantes para protegernos contra algunas infecciones.<\/h5><\/div>\n\n\n\n<div class=\"wp-block-stackable-heading stk-block-heading stk-block-heading--v2 stk-block stk-4338811\" id=\"la-campana-tiene-objetivo-que-los-ninos-adquieran-habitos-para-mantener-una-espalda-sana-y-fuerte-a-lo-largo-de-toda-su-vida-sta-campana-viene-acompanada-de-una-nueva-edicion-de-el-em-tebeo-de-la-espalda-em\" data-block-id=\"4338811\"><style>.stk-4338811{margin-bottom:10px !important}<\/style><h5 class=\"stk-block-heading__text\">Descansar adecuadamente, hacer ejercicio regular y gestionar el estr\u00e9s son tambi\u00e9n fundamentales para optimizar las defensas.<\/h5><\/div>\n<\/div><\/div>\n","protected":false},"excerpt":{"rendered":"<p>Con la llegada del oto\u00f1o y la bajada de las temperaturas que preceden al invierno, los casos de resfriados y gripe se vuelven m\u00e1s frecuentes. Por eso, reforzar nuestras defensas en oto\u00f1o es clave para evitar que el organismo sea m\u00e1s vulnerable a estas y otras infecciones. El estr\u00e9s, el cansancio y una alimentaci\u00f3n desequilibrada &#8230; <\/p>\n<p class=\"read-more-container\"><a title=\"C\u00f3mo reforzar las defensas en oto\u00f1o m\u00e1s all\u00e1 de la vitamina C\" class=\"read-more button\" href=\"\/blog\/salud\/reforzar-las-defensas-en-otono\/#more-17655\" aria-label=\"Leer m\u00e1s sobre C\u00f3mo reforzar las defensas en oto\u00f1o m\u00e1s all\u00e1 de la vitamina C\">Leer m\u00e1s<\/a><\/p>\n","protected":false},"author":8,"featured_media":17656,"comment_status":"closed","ping_status":"closed","sticky":false,"template":"","format":"standard","meta":{"_coblocks_attr":"","_coblocks_dimensions":"","_coblocks_responsive_height":"","_coblocks_accordion_ie_support":"","om_disable_all_campaigns":false,"_uf_show_specific_survey":0,"_uf_disable_surveys":false,"twitterCardType":"","cardImageID":0,"cardImage":"","cardTitle":"","cardDesc":"","cardImageAlt":"","cardPlayer":"","cardPlayerWidth":0,"cardPlayerHeight":0,"cardPlayerStream":"","cardPlayerCodec":"","footnotes":""},"categories":[79,3],"tags":[],"aioseo_notices":[],"featured_image_src":"\/blog\/wp-content\/uploads\/2025\/11\/defensas-en-otono-600x400.jpg","featured_image_src_square":"\/blog\/wp-content\/uploads\/2025\/11\/defensas-en-otono-600x600.jpg","author_info":{"display_name":"ASISA","author_link":"\/blog\/author\/laragsoto\/"},"_links":{"self":[{"href":"\/blog\/wp-json\/wp\/v2\/posts\/17655"}],"collection":[{"href":"\/blog\/wp-json\/wp\/v2\/posts"}],"about":[{"href":"\/blog\/wp-json\/wp\/v2\/types\/post"}],"author":[{"embeddable":true,"href":"\/blog\/wp-json\/wp\/v2\/users\/8"}],"replies":[{"embeddable":true,"href":"\/blog\/wp-json\/wp\/v2\/comments?post=17655"}],"version-history":[{"count":2,"href":"\/blog\/wp-json\/wp\/v2\/posts\/17655\/revisions"}],"predecessor-version":[{"id":17658,"href":"\/blog\/wp-json\/wp\/v2\/posts\/17655\/revisions\/17658"}],"wp:featuredmedia":[{"embeddable":true,"href":"\/blog\/wp-json\/wp\/v2\/media\/17656"}],"wp:attachment":[{"href":"\/blog\/wp-json\/wp\/v2\/media?parent=17655"}],"wp:term":[{"taxonomy":"category","embeddable":true,"href":"\/blog\/wp-json\/wp\/v2\/categories?post=17655"},{"taxonomy":"post_tag","embeddable":true,"href":"\/blog\/wp-json\/wp\/v2\/tags?post=17655"}],"curies":[{"name":"wp","href":"https:\/\/api.w.org\/{rel}","templated":true}]}}