{"id":16998,"date":"2025-06-13T09:12:59","date_gmt":"2025-06-13T07:12:59","guid":{"rendered":"https:\/\/www.blogdeasisa.es\/?p=16998"},"modified":"2025-06-13T09:13:01","modified_gmt":"2025-06-13T07:13:01","slug":"ortodoncia-invisible-una-opcion-discreta-y-eficaz","status":"publish","type":"post","link":"\/blog\/nosotros\/ortodoncia-invisible-una-opcion-discreta-y-eficaz\/","title":{"rendered":"Ortodoncia invisible: una opci\u00f3n discreta y eficaz para mejorar la salud bucodental"},"content":{"rendered":"\n<p>La <strong>ortodoncia invisible<\/strong> se ha convertido en una alternativa cada vez m\u00e1s extendida para aquellas personas que necesitan corregir la alineaci\u00f3n dental. Su aplicaci\u00f3n no solo responde a una cuesti\u00f3n est\u00e9tica, sino que ofrece <strong>beneficios cl\u00ednicos <\/strong>relevantes en t\u00e9rminos de salud bucodental.<\/p>\n\n\n\n<p>ASISA, entiende que el<strong> cuidado de la salud debe abordarse de forma integral, <\/strong>incluyendo la <a href=\"\/\/salud\/consejos-para-una-buena-salud-bucodental\/\" target=\"_blank\" rel=\"noreferrer noopener\">atenci\u00f3n <strong>odontol\u00f3gica<\/strong><\/a><strong> como parte esencial del bienestar general<\/strong>. En este sentido, la ortodoncia invisible permite corregir malposiciones dentales sin interferir en la vida cotidiana del paciente, gracias a un sistema de f\u00e9rulas transparentes y removibles, dise\u00f1adas de forma personalizada y planificadas digitalmente desde el inicio del tratamiento.<\/p>\n\n\n\n<div class=\"wp-block-stackable-heading stk-block-heading stk-block-heading--v2 stk-block stk-090a185\" id=\"ventajas-de-la-ortodoncia-invisible\" data-block-id=\"090a185\"><h2 class=\"stk-block-heading__text\">Ventajas de la ortodoncia invisible <\/h2><\/div>\n\n\n\n<p>Entre las<strong> principales ventajas<\/strong> de la ortodoncia invisible se encuentra la posibilidad de mantener una correcta <strong>higiene oral<\/strong> \u2014al poder retirarse para comer y cepillarse los dientes\u2014, as\u00ed como la <strong>mejora en la funci\u00f3n masticatoria<\/strong> y la <strong>prevenci\u00f3n de problemas como el desgaste<\/strong> dental o la <strong>sobrecarga en la articulaci\u00f3n <\/strong>temporomandibular.<\/p>\n\n\n\n<p>Para facilitar el acceso a la ortodoncia invisible, desde <a href=\"https:\/\/www.asisadental.es\/ortodonciainvisible\/\" target=\"_blank\" rel=\"noreferrer noopener\">ASISA Dental<\/a> \u2014la red de cl\u00ednicas odontol\u00f3gicas de ASISA\u2014 se ha puesto en marcha una acci\u00f3n dirigida a asegurados de cualquier producto de la compa\u00f1\u00eda (Salud, Dental, Vida o Mascotas). Esta iniciativa incluye condiciones espec\u00edficas para <strong>iniciar un tratamiento de ortodoncia invisible, entre ellas, un 25% de descuento <\/strong>sobre las franquicias contratadas, aplicable en cl\u00ednicas propias de ASISA Dental.<\/p>\n\n\n\n<p>Esta iniciativa forma parte de la estrategia de prevenci\u00f3n y promoci\u00f3n de la salud que impulsa la compa\u00f1\u00eda, con el objetivo de <strong>favorecer la atenci\u00f3n bucodental <\/strong>en todas las etapas de la vida. Cada tratamiento parte siempre de una valoraci\u00f3n profesional individualizada, que permite evaluar si el paciente es candidato a este tipo de ortodoncia y planificar el abordaje m\u00e1s adecuado.<\/p>\n\n\n\n<p>La <strong>promoci\u00f3n es v\u00e1lida hasta el 30 de junio de 2025<\/strong>, sujeta a pago anticipado del tratamiento, no acumulable a otras ofertas o promociones, y limitada a cl\u00ednicas propias. Puede consultarse <strong>m\u00e1s informaci\u00f3n en <a href=\"https:\/\/www.asisadental.es\/\" target=\"_blank\" rel=\"noreferrer noopener\">www.asisadental.es.<\/a><\/strong><\/p>\n\n\n\n<p>Desde ASISA, seguiremos impulsando iniciativas que contribuyan a una atenci\u00f3n odontol\u00f3gica de calidad, accesible y alineada con las necesidades reales de nuestros asegurados.<\/p>\n\n\n\n<div class=\"wp-block-stackable-icon-box stk-block-icon-box stk-block stk-9778e03 stk-block-background\" data-v=\"2\" data-block-id=\"9778e03\"><style>.stk-9778e03{background-color:#efeee9 !important}.stk-9778e03:before{background-color:#efeee9 !important}<\/style><div class=\"stk-block-content stk-inner-blocks stk-block-icon-box__content stk-container stk-9778e03-container stk--no-background stk--no-padding\">\n<div class=\"wp-block-stackable-icon-label stk-block-icon-label stk-block stk-fdd9455\" data-block-id=\"fdd9455\"><div class=\"stk-row stk-inner-blocks stk-block-content\">\n<div class=\"wp-block-stackable-icon stk-block-icon has-text-align-left stk-block stk-bf36c07\" data-block-id=\"bf36c07\"><style>.stk-bf36c07 .stk--svg-wrapper .stk--inner-svg svg:last-child,.stk-bf36c07 .stk--svg-wrapper .stk--inner-svg svg:last-child :is(g,path,rect,polygon,ellipse){fill:#085086 !important}<\/style><span class=\"stk--svg-wrapper\"><div class=\"stk--inner-svg\"><svg style=\"height:0;width:0\"><defs><linearGradient id=\"linear-gradient-bf36c07\" x1=\"0\" x2=\"100%\" y1=\"0\" y2=\"0\"><stop offset=\"0%\" style=\"stop-opacity:1;stop-color:var(--linear-gradient-bf-36-c-07-color-1)\"><\/stop><stop offset=\"100%\" style=\"stop-opacity:1;stop-color:var(--linear-gradient-bf-36-c-07-color-2)\"><\/stop><\/linearGradient><\/defs><\/svg><svg xmlns=\"http:\/\/www.w3.org\/2000\/svg\" viewBox=\"0 0 512 512\" aria-hidden=\"true\" width=\"32\" height=\"32\"><path d=\"M478.21 334.093L336 256l142.21-78.093c11.795-6.477 15.961-21.384 9.232-33.037l-19.48-33.741c-6.728-11.653-21.72-15.499-33.227-8.523L296 186.718l3.475-162.204C299.763 11.061 288.937 0 275.48 0h-38.96c-13.456 0-24.283 11.061-23.994 24.514L216 186.718 77.265 102.607c-11.506-6.976-26.499-3.13-33.227 8.523l-19.48 33.741c-6.728 11.653-2.562 26.56 9.233 33.037L176 256 33.79 334.093c-11.795 6.477-15.961 21.384-9.232 33.037l19.48 33.741c6.728 11.653 21.721 15.499 33.227 8.523L216 325.282l-3.475 162.204C212.237 500.939 223.064 512 236.52 512h38.961c13.456 0 24.283-11.061 23.995-24.514L296 325.282l138.735 84.111c11.506 6.976 26.499 3.13 33.227-8.523l19.48-33.741c6.728-11.653 2.563-26.559-9.232-33.036z\"><\/path><\/svg><\/div><\/span><\/div>\n\n\n\n<div class=\"wp-block-stackable-heading stk-block-heading stk-block-heading--v2 stk-block stk-b944d37\" id=\"recuerda\" data-block-id=\"b944d37\"><h4 class=\"stk-block-heading__text\">Recuerda<\/h4><\/div>\n<\/div><\/div>\n\n\n\n<div class=\"wp-block-stackable-heading stk-block-heading stk-block-heading--v2 stk-block stk-8fdaf0b\" id=\"la-ortodoncia-invisible-se-ha-convertido-en-una-alternativa-cada-vez-mas-extendida-para-aquellas-personas-que-necesitan-corregir-la-alineacion-dental\" data-block-id=\"8fdaf0b\"><style>.stk-8fdaf0b{margin-bottom:12px !important}<\/style><h5 class=\"stk-block-heading__text\">La ortodoncia invisible se ha convertido en una alternativa cada vez m\u00e1s extendida para aquellas personas que necesitan corregir la alineaci\u00f3n dental. <\/h5><\/div>\n\n\n\n<div class=\"wp-block-stackable-heading stk-block-heading stk-block-heading--v2 stk-block stk-cc58323\" id=\"entre-sus-principales-ventajas-posibilidad-de-mantener-una-correcta-higiene-oral-la-mejora-en-la-funcion-masticatoria-y-la-prevencion-de-problemas-como-el-desgaste-dental-o-la-sobrecarga-en-la-articulacion-temporomandibular\" data-block-id=\"cc58323\"><style>.stk-cc58323{margin-bottom:10px !important}<\/style><h5 class=\"stk-block-heading__text\">Entre sus principales ventajas: posibilidad de mantener una correcta higiene oral, la mejora en la funci\u00f3n masticatoria y la prevenci\u00f3n de problemas como el desgaste dental o la sobrecarga en la articulaci\u00f3n temporomandibular.<\/h5><\/div>\n\n\n\n<div class=\"wp-block-stackable-heading stk-block-heading stk-block-heading--v2 stk-block stk-4338811\" id=\"la-campana-tiene-objetivo-que-los-ninos-adquieran-habitos-para-mantener-una-espalda-sana-y-fuerte-a-lo-largo-de-toda-su-vida-sta-campana-viene-acompanada-de-una-nueva-edicion-de-el-em-tebeo-de-la-espalda-em\" data-block-id=\"4338811\"><style>.stk-4338811{margin-bottom:10px !important}<\/style><h5 class=\"stk-block-heading__text\">ASISA Dental pone en marcha una promoci\u00f3n para iniciar un tratamiento de ortodoncia invisible con un 25% de descuento. <\/h5><\/div>\n<\/div><\/div>\n","protected":false},"excerpt":{"rendered":"<p>La ortodoncia invisible se ha convertido en una alternativa cada vez m\u00e1s extendida para aquellas personas que necesitan corregir la alineaci\u00f3n dental. Su aplicaci\u00f3n no solo responde a una cuesti\u00f3n est\u00e9tica, sino que ofrece beneficios cl\u00ednicos relevantes en t\u00e9rminos de salud bucodental. ASISA, entiende que el cuidado de la salud debe abordarse de forma integral, &#8230; <\/p>\n<p class=\"read-more-container\"><a title=\"Ortodoncia invisible: una opci\u00f3n discreta y eficaz para mejorar la salud bucodental\" class=\"read-more button\" href=\"\/blog\/nosotros\/ortodoncia-invisible-una-opcion-discreta-y-eficaz\/#more-16998\" aria-label=\"Leer m\u00e1s sobre Ortodoncia invisible: una opci\u00f3n discreta y eficaz para mejorar la salud bucodental\">Leer m\u00e1s<\/a><\/p>\n","protected":false},"author":8,"featured_media":17000,"comment_status":"closed","ping_status":"closed","sticky":false,"template":"","format":"video","meta":{"_coblocks_attr":"","_coblocks_dimensions":"","_coblocks_responsive_height":"","_coblocks_accordion_ie_support":"","om_disable_all_campaigns":false,"_uf_show_specific_survey":0,"_uf_disable_surveys":false,"twitterCardType":"","cardImageID":0,"cardImage":"","cardTitle":"","cardDesc":"","cardImageAlt":"","cardPlayer":"","cardPlayerWidth":0,"cardPlayerHeight":0,"cardPlayerStream":"","cardPlayerCodec":"","footnotes":""},"categories":[99,97],"tags":[],"aioseo_notices":[],"featured_image_src":"\/blog\/wp-content\/uploads\/2025\/06\/ortodoncia-invisible-600x400.jpg","featured_image_src_square":"\/blog\/wp-content\/uploads\/2025\/06\/ortodoncia-invisible-600x600.jpg","author_info":{"display_name":"ASISA","author_link":"\/blog\/author\/laragsoto\/"},"_links":{"self":[{"href":"\/blog\/wp-json\/wp\/v2\/posts\/16998"}],"collection":[{"href":"\/blog\/wp-json\/wp\/v2\/posts"}],"about":[{"href":"\/blog\/wp-json\/wp\/v2\/types\/post"}],"author":[{"embeddable":true,"href":"\/blog\/wp-json\/wp\/v2\/users\/8"}],"replies":[{"embeddable":true,"href":"\/blog\/wp-json\/wp\/v2\/comments?post=16998"}],"version-history":[{"count":3,"href":"\/blog\/wp-json\/wp\/v2\/posts\/16998\/revisions"}],"predecessor-version":[{"id":17002,"href":"\/blog\/wp-json\/wp\/v2\/posts\/16998\/revisions\/17002"}],"wp:featuredmedia":[{"embeddable":true,"href":"\/blog\/wp-json\/wp\/v2\/media\/17000"}],"wp:attachment":[{"href":"\/blog\/wp-json\/wp\/v2\/media?parent=16998"}],"wp:term":[{"taxonomy":"category","embeddable":true,"href":"\/blog\/wp-json\/wp\/v2\/categories?post=16998"},{"taxonomy":"post_tag","embeddable":true,"href":"\/blog\/wp-json\/wp\/v2\/tags?post=16998"}],"curies":[{"name":"wp","href":"https:\/\/api.w.org\/{rel}","templated":true}]}}