{"id":16965,"date":"2025-06-06T13:00:14","date_gmt":"2025-06-06T11:00:14","guid":{"rendered":"https:\/\/www.blogdeasisa.es\/?p=16965"},"modified":"2025-06-06T13:00:17","modified_gmt":"2025-06-06T11:00:17","slug":"que-hacer-en-la-costa-amalfitana","status":"publish","type":"post","link":"\/blog\/viajes\/que-hacer-en-la-costa-amalfitana\/","title":{"rendered":"Qu\u00e9 hacer en la Costa Amalfitana de Italia en 5 d\u00edas"},"content":{"rendered":"\n<p>La <strong>Costa Amalfitana<\/strong> es un destino que enamora a todo aquel que se adentra en ella. Situada en la regi\u00f3n de <strong>Campania<\/strong>, al sur de <strong>Italia<\/strong>, esta franja costera se extiende a lo largo de unos 50 kil\u00f3metros entre acantilados escarpados y pueblos que parecen sacados de una postal. Tambi\u00e9n es la tierra del <strong>limoncello<\/strong>, un licor elaborado tradicionalmente con <a href=\"\/\/salud\/alimento-del-mes-el-limon\/\" target=\"_blank\" rel=\"noreferrer noopener\">limones<\/a> de Amalfi, s\u00edmbolo de la gastronom\u00eda local.<\/p>\n\n\n\n<p>Esta regi\u00f3n recibe cada a\u00f1o a <strong>miles de viajeros<\/strong> que buscan perderse en las calles empedradas de sus pueblos, disfrutar de sus playas escondidas y saborear la aut\u00e9ntica cocina mediterr\u00e1nea. Hoy te proponemos una ruta de 5 d\u00edas para que puedas disfrutar de todos los secretos de la <strong>Costa Amalfitana<\/strong>, declarada <a href=\"https:\/\/whc.unesco.org\/es\/list\/830\" target=\"_blank\" rel=\"noreferrer noopener\"><strong>Patrimonio de la Humanidad por la UNESCO<\/strong><\/a> en 1997.<\/p>\n\n\n\n<div class=\"wp-block-stackable-heading stk-block-heading stk-block-heading--v2 stk-block stk-fe90106\" id=\"strong-dia-1-napoles-y-sorrento-puerta-de-entrada-a-la-costa-amalfitana-strong\" data-block-id=\"fe90106\"><h2 class=\"stk-block-heading__text\"><strong>D\u00eda 1: N\u00e1poles y Sorrento, puerta de entrada a la Costa Amalfitana<\/strong><\/h2><\/div>\n\n\n\n<p>El itinerario comienza el primer d\u00eda con la llegada a N\u00e1poles, el punto de acceso ideal para iniciar una ruta por la <strong>Costa Amalfitana<\/strong>. La ciudad alberga el <strong>Museo Arqueol\u00f3gico Nacional<\/strong>, donde pueden verse restos de Pompeya y Herculano. En N\u00e1poles naci\u00f3 la <strong>pizza<\/strong> y, para empezar el recorrido con buen sabor de boca, no hay nada mejor que probar una aut\u00e9ntica <strong>pizza napolitana<\/strong> en uno de sus restaurantes tradicionales.<\/p>\n\n\n\n<p>Despu\u00e9s de explorar N\u00e1poles, nos dirigiremos a <strong>Sorrento<\/strong>, una localidad con impresionantes vistas al <strong>Golfo de N\u00e1poles<\/strong> y un casco antiguo lleno de tiendas y cafeter\u00edas. Pero, sin duda, Sorrento enamora por sus magn\u00edficas vistas del <strong>Vesubio<\/strong>. Un paseo por el mirador de la <strong>Villa Comunale<\/strong> nos sumerge en la atm\u00f3sfera costera que nos acompa\u00f1ar\u00e1 los pr\u00f3ximos d\u00edas.<\/p>\n\n\n\n<div class=\"wp-block-stackable-heading stk-block-heading stk-block-heading--v2 stk-block stk-e1a1880\" id=\"strong-dia-2-positano-y-praiano-postal-mediterranea-strong\" data-block-id=\"e1a1880\"><h2 class=\"stk-block-heading__text\"><strong>D\u00eda 2: Positano y Praiano, postal mediterr\u00e1nea<\/strong><\/h2><\/div>\n\n\n\n<p>El segundo d\u00eda se centra en los pueblos de <strong>Positano<\/strong> y <strong>Praiano<\/strong>. Desde Sorrento, se puede acceder por la carretera panor\u00e1mica SS163, una de las m\u00e1s espectaculares de Europa. La primera parada del d\u00eda ser\u00e1 en <strong>Positano<\/strong>, probablemente el pueblo m\u00e1s fotografiado de la Costa Amalfitana. Sus <strong>casas de colores pastel<\/strong> descienden por la colina hasta la playa, creando un escenario id\u00edlico. Entre sus imprescindibles est\u00e1n la <strong>Iglesia de Santa Mar\u00eda Assunta<\/strong>, famosa por su c\u00fapula de azulejos, y la playa <strong>Spiaggia Grande<\/strong>, donde se puede disfrutar de la brisa marina y degustar un plato de pasta con marisco.<\/p>\n\n\n\n<p>A pocos kil\u00f3metros, <strong>Praiano<\/strong> ofrece una experiencia m\u00e1s tranquila pero tambi\u00e9n m\u00e1s aut\u00e9ntica. Sus calas escondidas, como la <strong>Cala di Praia<\/strong>, ofrecen un entorno perfecto para un ba\u00f1o al atardecer. Aqu\u00ed, la cocina local destaca por los <a href=\"\/\/salud\/alimentacion\/por-que-debemos-comer-pescado-azul-regularmente\/\"><strong>pescados frescos<\/strong><\/a> preparados con un toque mediterr\u00e1neo. Es el lugar perfecto para disfrutar de una cena frente al mar mientras el sol se esconde en el horizonte.<\/p>\n\n\n\n<div class=\"wp-block-stackable-heading stk-block-heading stk-block-heading--v2 stk-block stk-aa5f9a5\" id=\"strong-dia-3-amalfi-y-ravello-historia-y-panoramicas-de-la-costa-amalfitana-strong\" data-block-id=\"aa5f9a5\"><h2 class=\"stk-block-heading__text\"><strong>D\u00eda 3: Amalfi y Ravello, historia y panor\u00e1micas de la Costa Amalfitana<\/strong><\/h2><\/div>\n\n\n\n<p><strong>Amalfi<\/strong> fue una poderosa rep\u00fablica mar\u00edtima en la Edad Media y conserva su legado en su impresionante <strong>Catedral de Sant&#8217;Andrea.<\/strong> En sus calles se encuentran tiendas donde se pueden comprar cer\u00e1micas artesanales y dulces t\u00edpicos como la <em>delizia al limone<\/em>.<\/p>\n\n\n\n<p>Para este d\u00eda, se recomienda hacer una excursi\u00f3n a <strong>Ravello<\/strong>, una joya situada en lo alto de los acantilados de la costa. Sus jardines y villas, como la <strong>Villa Rufolo<\/strong> y la <strong>Villa Cimbrone<\/strong>, ofrecen vistas espectaculares del Mediterr\u00e1neo. La Terrazza dell\u2019Infinito en Villa Cimbrone es uno de los rincones m\u00e1s impresionantes de la zona. Tras la visita, regresamos a <strong>Amalfi<\/strong> para pasar la noche, disfrutar de una cena frente al mar y prepararse para el d\u00eda siguiente.<\/p>\n\n\n\n<div class=\"wp-block-stackable-heading stk-block-heading stk-block-heading--v2 stk-block stk-2f25b27\" id=\"strong-dia-4-capri-y-la-gruta-azul-una-escapada-magica-strong\" data-block-id=\"2f25b27\"><h2 class=\"stk-block-heading__text\"><strong>D\u00eda 4: Capri y la Gruta Azul, una escapada m\u00e1gica<\/strong><\/h2><\/div>\n\n\n\n<p>Desde Amalfi se puede coger un barco a <strong>Capri<\/strong>, una isla famosa por sus paisajes y sus calles llenas de <strong>lujo. <\/strong>En cualquier caso, uno de los imprescindibles de la isla es la visita a la <strong>Gruta Azul,<\/strong> donde la luz del sol crea un efecto azul intenso en las aguas.<\/p>\n\n\n\n<p>Adem\u00e1s de la gruta, otro imprescindible de Capri son los ic\u00f3nicos <strong><em>faraglioni<\/em><\/strong>, formaciones rocosas que emergen del mar y ofrecen una vista inolvidable desde cualquier mirador de la isla. La isla puede recorrerse f\u00e1cilmente en autob\u00fas o taxi. Al anochecer, volveremos a Amalfi en barco.<\/p>\n\n\n\n<div class=\"wp-block-stackable-heading stk-block-heading stk-block-heading--v2 stk-block stk-5e1a861\" id=\"strong-dia-5-relax-en-la-spiaggia-di-atrani-para-despedir-la-costa-amalfitana-strong\" data-block-id=\"5e1a861\"><h2 class=\"stk-block-heading__text\"><strong>D\u00eda 5: Relax en la Spiaggia di Atrani para despedir la Costa Amalfitana<\/strong><\/h2><\/div>\n\n\n\n<p>Para terminar el viaje con tranquilidad, el \u00faltimo d\u00eda lo podemos dedicar a descansar en la <strong>Spiaggia di Atrani<\/strong>, una de las playas m\u00e1s encantadoras y menos masificadas de la zona.<\/p>\n\n\n\n<p><strong>Atrani<\/strong>, el pueblo m\u00e1s peque\u00f1o de Italia, se encuentra junto a Amalfi y conserva una atm\u00f3sfera local y acogedora. Su playa de piedras, resguardada entre acantilados, invita al descanso despu\u00e9s de varios d\u00edas de viaje. Ideal para despedirse de la <strong>Costa Amalfitana<\/strong> con calma.<\/p>\n\n\n\n<div class=\"wp-block-stackable-icon-box stk-block-icon-box stk-block stk-9778e03 stk-block-background\" data-v=\"2\" data-block-id=\"9778e03\"><style>.stk-9778e03{background-color:#efeee9 !important}.stk-9778e03:before{background-color:#efeee9 !important}<\/style><div class=\"stk-block-content stk-inner-blocks stk-block-icon-box__content stk-container stk-9778e03-container stk--no-background stk--no-padding\">\n<div class=\"wp-block-stackable-icon-label stk-block-icon-label stk-block stk-fdd9455\" data-block-id=\"fdd9455\"><div class=\"stk-row stk-inner-blocks stk-block-content\">\n<div class=\"wp-block-stackable-icon stk-block-icon has-text-align-left stk-block stk-bf36c07\" data-block-id=\"bf36c07\"><style>.stk-bf36c07 .stk--svg-wrapper .stk--inner-svg svg:last-child,.stk-bf36c07 .stk--svg-wrapper .stk--inner-svg svg:last-child :is(g,path,rect,polygon,ellipse){fill:#085086 !important}<\/style><span class=\"stk--svg-wrapper\"><div class=\"stk--inner-svg\"><svg style=\"height:0;width:0\"><defs><linearGradient id=\"linear-gradient-bf36c07\" x1=\"0\" x2=\"100%\" y1=\"0\" y2=\"0\"><stop offset=\"0%\" style=\"stop-opacity:1;stop-color:var(--linear-gradient-bf-36-c-07-color-1)\"><\/stop><stop offset=\"100%\" style=\"stop-opacity:1;stop-color:var(--linear-gradient-bf-36-c-07-color-2)\"><\/stop><\/linearGradient><\/defs><\/svg><svg xmlns=\"http:\/\/www.w3.org\/2000\/svg\" viewBox=\"0 0 512 512\" aria-hidden=\"true\" width=\"32\" height=\"32\"><path d=\"M478.21 334.093L336 256l142.21-78.093c11.795-6.477 15.961-21.384 9.232-33.037l-19.48-33.741c-6.728-11.653-21.72-15.499-33.227-8.523L296 186.718l3.475-162.204C299.763 11.061 288.937 0 275.48 0h-38.96c-13.456 0-24.283 11.061-23.994 24.514L216 186.718 77.265 102.607c-11.506-6.976-26.499-3.13-33.227 8.523l-19.48 33.741c-6.728 11.653-2.562 26.56 9.233 33.037L176 256 33.79 334.093c-11.795 6.477-15.961 21.384-9.232 33.037l19.48 33.741c6.728 11.653 21.721 15.499 33.227 8.523L216 325.282l-3.475 162.204C212.237 500.939 223.064 512 236.52 512h38.961c13.456 0 24.283-11.061 23.995-24.514L296 325.282l138.735 84.111c11.506 6.976 26.499 3.13 33.227-8.523l19.48-33.741c6.728-11.653 2.563-26.559-9.232-33.036z\"><\/path><\/svg><\/div><\/span><\/div>\n\n\n\n<div class=\"wp-block-stackable-heading stk-block-heading stk-block-heading--v2 stk-block stk-b944d37\" id=\"recuerda\" data-block-id=\"b944d37\"><h4 class=\"stk-block-heading__text\">Recuerda<\/h4><\/div>\n<\/div><\/div>\n\n\n\n<div class=\"wp-block-stackable-heading stk-block-heading stk-block-heading--v2 stk-block stk-8fdaf0b\" id=\"la-costa-amalfitana-es-un-destino-lleno-de-pueblos-pintorescos-playas-escondidas-y-una-rica-gastronomia-local\" data-block-id=\"8fdaf0b\"><style>.stk-8fdaf0b{margin-bottom:12px !important}<\/style><h5 class=\"stk-block-heading__text\">La Costa Amalfitana es un destino lleno de pueblos pintorescos, playas escondidas y una rica gastronom\u00eda local.<\/h5><\/div>\n\n\n\n<div class=\"wp-block-stackable-heading stk-block-heading stk-block-heading--v2 stk-block stk-cc58323\" id=\"napoles-es-la-cuna-de-la-pizza-y-alberga-el-museo-arqueologico-nacional-que-conserva-importantes-restos-de-pompeya-y-herculano\" data-block-id=\"cc58323\"><style>.stk-cc58323{margin-bottom:10px !important}<\/style><h5 class=\"stk-block-heading__text\">N\u00e1poles es la cuna de la pizza y alberga el Museo Arqueol\u00f3gico Nacional, que conserva importantes restos de Pompeya y Herculano.<\/h5><\/div>\n\n\n\n<div class=\"wp-block-stackable-heading stk-block-heading stk-block-heading--v2 stk-block stk-4338811\" id=\"la-campana-tiene-objetivo-que-los-ninos-adquieran-habitos-para-mantener-una-espalda-sana-y-fuerte-a-lo-largo-de-toda-su-vida-sta-campana-viene-acompanada-de-una-nueva-edicion-de-el-em-tebeo-de-la-espalda-em\" data-block-id=\"4338811\"><style>.stk-4338811{margin-bottom:10px !important}<\/style><h5 class=\"stk-block-heading__text\">Positano es conocido por sus casas de colores pastel que descienden por la colina hasta la playa, creando un escenario id\u00edlico.<\/h5><\/div>\n<\/div><\/div>\n","protected":false},"excerpt":{"rendered":"<p>La Costa Amalfitana es un destino que enamora a todo aquel que se adentra en ella. Situada en la regi\u00f3n de Campania, al sur de Italia, esta franja costera se extiende a lo largo de unos 50 kil\u00f3metros entre acantilados escarpados y pueblos que parecen sacados de una postal. Tambi\u00e9n es la tierra del limoncello, &#8230; <\/p>\n<p class=\"read-more-container\"><a title=\"Qu\u00e9 hacer en la Costa Amalfitana de Italia en 5 d\u00edas\" class=\"read-more button\" href=\"\/blog\/viajes\/que-hacer-en-la-costa-amalfitana\/#more-16965\" aria-label=\"Leer m\u00e1s sobre Qu\u00e9 hacer en la Costa Amalfitana de Italia en 5 d\u00edas\">Leer m\u00e1s<\/a><\/p>\n","protected":false},"author":8,"featured_media":16966,"comment_status":"closed","ping_status":"closed","sticky":false,"template":"","format":"video","meta":{"_coblocks_attr":"","_coblocks_dimensions":"","_coblocks_responsive_height":"","_coblocks_accordion_ie_support":"","om_disable_all_campaigns":false,"_uf_show_specific_survey":0,"_uf_disable_surveys":false,"twitterCardType":"","cardImageID":0,"cardImage":"","cardTitle":"","cardDesc":"","cardImageAlt":"","cardPlayer":"","cardPlayerWidth":0,"cardPlayerHeight":0,"cardPlayerStream":"","cardPlayerCodec":"","footnotes":""},"categories":[87,86],"tags":[],"aioseo_notices":[],"featured_image_src":"\/blog\/wp-content\/uploads\/2025\/06\/Costa-amalfitana-600x400.jpg","featured_image_src_square":"\/blog\/wp-content\/uploads\/2025\/06\/Costa-amalfitana-600x600.jpg","author_info":{"display_name":"ASISA","author_link":"\/blog\/author\/laragsoto\/"},"_links":{"self":[{"href":"\/blog\/wp-json\/wp\/v2\/posts\/16965"}],"collection":[{"href":"\/blog\/wp-json\/wp\/v2\/posts"}],"about":[{"href":"\/blog\/wp-json\/wp\/v2\/types\/post"}],"author":[{"embeddable":true,"href":"\/blog\/wp-json\/wp\/v2\/users\/8"}],"replies":[{"embeddable":true,"href":"\/blog\/wp-json\/wp\/v2\/comments?post=16965"}],"version-history":[{"count":2,"href":"\/blog\/wp-json\/wp\/v2\/posts\/16965\/revisions"}],"predecessor-version":[{"id":16968,"href":"\/blog\/wp-json\/wp\/v2\/posts\/16965\/revisions\/16968"}],"wp:featuredmedia":[{"embeddable":true,"href":"\/blog\/wp-json\/wp\/v2\/media\/16966"}],"wp:attachment":[{"href":"\/blog\/wp-json\/wp\/v2\/media?parent=16965"}],"wp:term":[{"taxonomy":"category","embeddable":true,"href":"\/blog\/wp-json\/wp\/v2\/categories?post=16965"},{"taxonomy":"post_tag","embeddable":true,"href":"\/blog\/wp-json\/wp\/v2\/tags?post=16965"}],"curies":[{"name":"wp","href":"https:\/\/api.w.org\/{rel}","templated":true}]}}