{"id":16635,"date":"2025-03-20T14:26:47","date_gmt":"2025-03-20T12:26:47","guid":{"rendered":"https:\/\/www.blogdeasisa.es\/?p=16635"},"modified":"2025-03-21T13:27:45","modified_gmt":"2025-03-21T11:27:45","slug":"llagas-por-que-aparecen-y-como-curarlas","status":"publish","type":"post","link":"\/blog\/salud\/llagas-por-que-aparecen-y-como-curarlas\/","title":{"rendered":"Llagas o aftas en la boca: por qu\u00e9 aparecen y c\u00f3mo curarlas"},"content":{"rendered":"\n<p>Las <strong>llagas en la boca<\/strong>, tambi\u00e9n conocidas como <strong>aftas <\/strong>o <strong>\u00falceras bucales<\/strong>, son de las afecciones m\u00e1s comunes en la <a href=\"\/\/salud\/consejos-para-una-buena-salud-bucodental\/\" target=\"_blank\" rel=\"noreferrer noopener\">salud bucodental<\/a>. Aunque no suelen representar un problema grave, pueden resultar <strong>muy molestas y dolorosas<\/strong>. Adem\u00e1s, dificultan actividades del d\u00eda a d\u00eda como <strong>hablar, comer o cepillarse los dientes.<\/strong><\/p>\n\n\n\n<div class=\"wp-block-stackable-heading stk-block-heading stk-block-heading--v2 stk-block stk-358d579\" id=\"strong-strong-por-que-aparecen-las-llagas-en-la-boca-strong-strong\" data-block-id=\"358d579\"><h2 class=\"stk-block-heading__text\"><strong><strong>\u00bfPor qu\u00e9 aparecen las llagas en la boca?<\/strong><\/strong><\/h2><\/div>\n\n\n\n<p>Las <strong>llagas <\/strong>son <strong>lesiones<\/strong> que se forman en la mucosa oral y que se presentan como <strong>heridas blanquecinas<\/strong> rodeadas de un <strong>\u00e1rea roja<\/strong>. Pueden surgir de manera <strong>espont\u00e1nea<\/strong> o estar relacionadas con <strong>factores predisponentes<\/strong>. Algunas de las <strong>causas<\/strong> m\u00e1s habituales son las siguientes:<\/p>\n\n\n\n<ul>\n<li><strong>Alimentos irritantes<\/strong>: el consumo de <strong>c\u00edtricos<\/strong>, <a href=\"\/\/salud\/alimentacion\/frutos-secos-beneficios\/\" target=\"_blank\" rel=\"noreferrer noopener\"><strong>frutos secos<\/strong><\/a>, comidas <strong>picantes<\/strong> o <strong>muy calientes<\/strong> puede propiciar la aparici\u00f3n de aftas.<\/li>\n\n\n\n<li><strong>Lesiones orales<\/strong>: morderse accidentalmente, el roce de los <strong>br\u00e1quets<\/strong> o de las <strong>pr\u00f3tesis dentales<\/strong> y el <strong>uso excesivo del hilo dental<\/strong> puede generar llagas.<\/li>\n\n\n\n<li><strong>Defensas bajas<\/strong>: un sistema <strong>inmunol\u00f3gico debilitado<\/strong> tiende a favorecer la aparici\u00f3n de \u00falceras en la mucosa bucal.<\/li>\n\n\n\n<li><strong>Estr\u00e9s y cambios hormonales<\/strong>: el <strong>estr\u00e9s<\/strong>, la<strong> ansiedad<\/strong> y los desajustes <strong>hormonales<\/strong> pueden aumentar la probabilidad de sufrir aftas, especialmente en mujeres durante el <strong>ciclo menstrual<\/strong>.<\/li>\n\n\n\n<li><strong>Deficiencias nutricionales:<\/strong> la falta de vitaminas como el <strong>\u00e1cido f\u00f3lico<\/strong>, la <strong>B12<\/strong> y el <strong>hierro<\/strong> puede guardar relaci\u00f3n con la aparici\u00f3n de aftas. Esto se debe al papel de estos nutrientes en el mantenimiento y reparaci\u00f3n de las c\u00e9lulas de la mucosa oral.<\/li>\n<\/ul>\n\n\n\n<p>Adem\u00e1s, algunos estudios sugieren que puede existir una <a href=\"https:\/\/www.sciencedirect.com\/science\/article\/abs\/pii\/S1761289624497550\" target=\"_blank\" rel=\"noreferrer noopener\"><strong>predisposici\u00f3n gen\u00e9tica<\/strong><\/a> a desarrollar aftas bucales. De esta forma, las personas con antecedentes familiares pueden tener una mayor probabilidad de sufrirlas.<\/p>\n\n\n\n<div class=\"wp-block-stackable-heading stk-block-heading stk-block-heading--v2 stk-block stk-737f313\" id=\"strong-strong-como-curar-las-llagas-en-la-boca-strong-strong\" data-block-id=\"737f313\"><h2 class=\"stk-block-heading__text\"><strong><strong>\u00bfC\u00f3mo curar las llagas en la boca?<\/strong><\/strong><\/h2><\/div>\n\n\n\n<p>Si bien las aftas bucales <strong>tienden a curarse por s\u00ed solas en 7 a 10 d\u00edas<\/strong>, existen 2 l\u00edneas de <strong>tratamiento <\/strong>que pueden ayudar a reducir el dolor y acelerar el proceso de recuperaci\u00f3n:<\/p>\n\n\n\n<ol>\n<li><strong>Remedios caseros<\/strong>: los enjuagues con <strong>bicarbonato<\/strong> o <strong>agua<\/strong> con sal ayudan a desinfectar la zona y a reducir la inflamaci\u00f3n. Adem\u00e1s, las infusiones de <strong>tomillo<\/strong> y la aplicaci\u00f3n de <strong>miel o aloe vera<\/strong> en la herida tambi\u00e9n puede ayudar a mitigar el dolor.<\/li>\n\n\n\n<li><strong>Tratamientos farmacol\u00f3gicos<\/strong>: algunos geles y colutorios con ingredientes como la <strong>clorhexidina <\/strong>pueden ayudar a cicatrizar y aliviar el dolor. En casos m\u00e1s graves de aftas grandes o recurrentes, se pueden emplear f\u00e1rmacos con <strong>corticoesteroides<\/strong> para reducir la inflamaci\u00f3n y acelerar la curaci\u00f3n.<\/li>\n<\/ol>\n\n\n\n<p>Si las llagas persisten durante m\u00e1s de dos semanas o aparecen con frecuencia, es recomendable acudir a un <strong>dentista<\/strong> o <strong>m\u00e9dico<\/strong> para descartar otras patolog\u00edas y evitar complicaciones. Adem\u00e1s, es importante mantener una buena <strong>higiene bucal<\/strong>, llevar una <strong>alimentaci\u00f3n adecuada<\/strong> y <strong>reducir el estr\u00e9s<\/strong> para prevenir su aparici\u00f3n.<\/p>\n\n\n\n<p><\/p>\n\n\n\n<div class=\"wp-block-stackable-icon-box stk-block-icon-box stk-block stk-9778e03 stk-block-background\" data-v=\"2\" data-block-id=\"9778e03\"><style>.stk-9778e03{background-color:#efeee9 !important}.stk-9778e03:before{background-color:#efeee9 !important}<\/style><div class=\"stk-block-content stk-inner-blocks stk-block-icon-box__content stk-container stk-9778e03-container stk--no-background stk--no-padding\">\n<div class=\"wp-block-stackable-icon-label stk-block-icon-label stk-block stk-fdd9455\" data-block-id=\"fdd9455\"><div class=\"stk-row stk-inner-blocks stk-block-content\">\n<div class=\"wp-block-stackable-icon stk-block-icon has-text-align-left stk-block stk-bf36c07\" data-block-id=\"bf36c07\"><style>.stk-bf36c07 .stk--svg-wrapper .stk--inner-svg svg:last-child,.stk-bf36c07 .stk--svg-wrapper .stk--inner-svg svg:last-child :is(g,path,rect,polygon,ellipse){fill:#085086 !important}<\/style><span class=\"stk--svg-wrapper\"><div class=\"stk--inner-svg\"><svg style=\"height:0;width:0\"><defs><linearGradient id=\"linear-gradient-bf36c07\" x1=\"0\" x2=\"100%\" y1=\"0\" y2=\"0\"><stop offset=\"0%\" style=\"stop-opacity:1;stop-color:var(--linear-gradient-bf-36-c-07-color-1)\"><\/stop><stop offset=\"100%\" style=\"stop-opacity:1;stop-color:var(--linear-gradient-bf-36-c-07-color-2)\"><\/stop><\/linearGradient><\/defs><\/svg><svg xmlns=\"http:\/\/www.w3.org\/2000\/svg\" viewBox=\"0 0 512 512\" aria-hidden=\"true\" width=\"32\" height=\"32\"><path d=\"M478.21 334.093L336 256l142.21-78.093c11.795-6.477 15.961-21.384 9.232-33.037l-19.48-33.741c-6.728-11.653-21.72-15.499-33.227-8.523L296 186.718l3.475-162.204C299.763 11.061 288.937 0 275.48 0h-38.96c-13.456 0-24.283 11.061-23.994 24.514L216 186.718 77.265 102.607c-11.506-6.976-26.499-3.13-33.227 8.523l-19.48 33.741c-6.728 11.653-2.562 26.56 9.233 33.037L176 256 33.79 334.093c-11.795 6.477-15.961 21.384-9.232 33.037l19.48 33.741c6.728 11.653 21.721 15.499 33.227 8.523L216 325.282l-3.475 162.204C212.237 500.939 223.064 512 236.52 512h38.961c13.456 0 24.283-11.061 23.995-24.514L296 325.282l138.735 84.111c11.506 6.976 26.499 3.13 33.227-8.523l19.48-33.741c6.728-11.653 2.563-26.559-9.232-33.036z\"><\/path><\/svg><\/div><\/span><\/div>\n\n\n\n<div class=\"wp-block-stackable-heading stk-block-heading stk-block-heading--v2 stk-block stk-b944d37\" id=\"recuerda\" data-block-id=\"b944d37\"><h4 class=\"stk-block-heading__text\">Recuerda<\/h4><\/div>\n<\/div><\/div>\n\n\n\n<div class=\"wp-block-stackable-heading stk-block-heading stk-block-heading--v2 stk-block stk-8fdaf0b\" id=\"las-llagas-son-lesiones-que-se-forman-en-la-mucosa-oral-y-que-se-presentan-como-heridas-blanquecinas-rodeadas-de-un-area-roja\" data-block-id=\"8fdaf0b\"><style>.stk-8fdaf0b{margin-bottom:12px !important}<\/style><h5 class=\"stk-block-heading__text\">Las llagas son lesiones que se forman en la mucosa oral y que se presentan como heridas blanquecinas rodeadas de un \u00e1rea roja.<\/h5><\/div>\n\n\n\n<div class=\"wp-block-stackable-heading stk-block-heading stk-block-heading--v2 stk-block stk-cc58323\" id=\"pueden-aparecer-de-forma-espontanea-o-estar-relacionadas-con-factores-como-el-estres-la-alimentacion-o-la-bajada-de-defensas\" data-block-id=\"cc58323\"><style>.stk-cc58323{margin-bottom:10px !important}<\/style><h5 class=\"stk-block-heading__text\">Pueden aparecer de forma espont\u00e1nea o estar relacionadas con factores como el estr\u00e9s, la alimentaci\u00f3n o la bajada de defensas.<\/h5><\/div>\n\n\n\n<div class=\"wp-block-stackable-heading stk-block-heading stk-block-heading--v2 stk-block stk-4338811\" id=\"la-campana-tiene-objetivo-que-los-ninos-adquieran-habitos-para-mantener-una-espalda-sana-y-fuerte-a-lo-largo-de-toda-su-vida-sta-campana-viene-acompanada-de-una-nueva-edicion-de-el-em-tebeo-de-la-espalda-em\" data-block-id=\"4338811\"><style>.stk-4338811{margin-bottom:10px !important}<\/style><h5 class=\"stk-block-heading__text\">Suelen curarse por s\u00ed solas en 7 a 10 d\u00edas, aunque si persisten es recomendable acudir a un especialista.<\/h5><\/div>\n<\/div><\/div>\n","protected":false},"excerpt":{"rendered":"<p>Las llagas en la boca, tambi\u00e9n conocidas como aftas o \u00falceras bucales, son de las afecciones m\u00e1s comunes en la salud bucodental. Aunque no suelen representar un problema grave, pueden resultar muy molestas y dolorosas. Adem\u00e1s, dificultan actividades del d\u00eda a d\u00eda como hablar, comer o cepillarse los dientes. \u00bfPor qu\u00e9 aparecen las llagas en &#8230; <\/p>\n<p class=\"read-more-container\"><a title=\"Llagas o aftas en la boca: por qu\u00e9 aparecen y c\u00f3mo curarlas\" class=\"read-more button\" href=\"\/blog\/salud\/llagas-por-que-aparecen-y-como-curarlas\/#more-16635\" aria-label=\"Leer m\u00e1s sobre Llagas o aftas en la boca: por qu\u00e9 aparecen y c\u00f3mo curarlas\">Leer m\u00e1s<\/a><\/p>\n","protected":false},"author":8,"featured_media":16636,"comment_status":"closed","ping_status":"closed","sticky":false,"template":"","format":"standard","meta":{"_coblocks_attr":"","_coblocks_dimensions":"","_coblocks_responsive_height":"","_coblocks_accordion_ie_support":"","om_disable_all_campaigns":false,"_uf_show_specific_survey":0,"_uf_disable_surveys":false,"twitterCardType":"","cardImageID":0,"cardImage":"","cardTitle":"","cardDesc":"","cardImageAlt":"","cardPlayer":"","cardPlayerWidth":0,"cardPlayerHeight":0,"cardPlayerStream":"","cardPlayerCodec":"","footnotes":""},"categories":[296,3],"tags":[],"aioseo_notices":[],"featured_image_src":"\/blog\/wp-content\/uploads\/2025\/03\/llagas-600x400.jpg","featured_image_src_square":"\/blog\/wp-content\/uploads\/2025\/03\/llagas-600x600.jpg","author_info":{"display_name":"ASISA","author_link":"\/blog\/author\/laragsoto\/"},"_links":{"self":[{"href":"\/blog\/wp-json\/wp\/v2\/posts\/16635"}],"collection":[{"href":"\/blog\/wp-json\/wp\/v2\/posts"}],"about":[{"href":"\/blog\/wp-json\/wp\/v2\/types\/post"}],"author":[{"embeddable":true,"href":"\/blog\/wp-json\/wp\/v2\/users\/8"}],"replies":[{"embeddable":true,"href":"\/blog\/wp-json\/wp\/v2\/comments?post=16635"}],"version-history":[{"count":1,"href":"\/blog\/wp-json\/wp\/v2\/posts\/16635\/revisions"}],"predecessor-version":[{"id":16637,"href":"\/blog\/wp-json\/wp\/v2\/posts\/16635\/revisions\/16637"}],"wp:featuredmedia":[{"embeddable":true,"href":"\/blog\/wp-json\/wp\/v2\/media\/16636"}],"wp:attachment":[{"href":"\/blog\/wp-json\/wp\/v2\/media?parent=16635"}],"wp:term":[{"taxonomy":"category","embeddable":true,"href":"\/blog\/wp-json\/wp\/v2\/categories?post=16635"},{"taxonomy":"post_tag","embeddable":true,"href":"\/blog\/wp-json\/wp\/v2\/tags?post=16635"}],"curies":[{"name":"wp","href":"https:\/\/api.w.org\/{rel}","templated":true}]}}