{"id":16566,"date":"2025-03-04T16:23:28","date_gmt":"2025-03-04T14:23:28","guid":{"rendered":"https:\/\/www.blogdeasisa.es\/?p=16566"},"modified":"2025-03-04T16:23:31","modified_gmt":"2025-03-04T14:23:31","slug":"animales-fuera-de-peligro-de-extincion","status":"publish","type":"post","link":"\/blog\/vida-sostenible\/animales-fuera-de-peligro-de-extincion\/","title":{"rendered":"5 animales que ya no est\u00e1n en peligro de extinci\u00f3n"},"content":{"rendered":"\n<p>Cada especie, desde los m\u00e1s peque\u00f1os insectos hasta los grandes depredadores, cumple su papel en el <strong>equilibrio de los ecosistemas<\/strong>. Sin embargo, la <strong>actividad humana<\/strong> ha influido en la subsistencia de muchas especies, poni\u00e9ndolas en <strong>peligro de extinci\u00f3n<\/strong>.<\/p>\n\n\n\n<p>En el <strong>D\u00eda Mundial de la Vida Silvestre<\/strong>, que se conmemora cada 3 de marzo, es importante poner en valor la uni\u00f3n de esfuerzos entre <strong>organizaciones ecologistas, instituciones y sector privado <\/strong>para salvar a <a href=\"\/\/vida-sostenible\/especies-en-peligro-de-extincion\/\" target=\"_blank\" rel=\"noreferrer noopener\">especies que est\u00e1n en esta situaci\u00f3n.<\/a> Hoy, te contamos la historia de <strong>5 animales que ya no est\u00e1n en peligro de extinci\u00f3n.<\/strong><\/p>\n\n\n\n<div class=\"wp-block-stackable-heading stk-block-heading stk-block-heading--v2 stk-block stk-0d4cc64\" id=\"strong-el-lince-iberico-y-su-salida-del-peligro-de-extincion-strong\" data-block-id=\"0d4cc64\"><h2 class=\"stk-block-heading__text\"><strong>El lince ib\u00e9rico y su salida del peligro de extinci\u00f3n<\/strong><\/h2><\/div>\n\n\n\n<p>El <strong>lince ib\u00e9rico<\/strong> (<em>Lynx pardinus<\/em>), especie end\u00e9mica de la pen\u00ednsula ib\u00e9rica, estuvo al borde de la extinci\u00f3n a principios de este siglo: hab\u00eda <strong>menos de 100<\/strong> individuos en libertad. Sin embargo, gracias a los programas de <strong>conservaci\u00f3n<\/strong>, la <strong>cr\u00eda en cautividad <\/strong>yla<strong> reintroducci\u00f3n <\/strong>en su h\u00e1bitat, su poblaci\u00f3n ha experimentado un incremento importante.<\/p>\n\n\n\n<p>Actualmente, se estima que <strong>m\u00e1s de 2.000 linces habitan en Espa\u00f1a y Portugal<\/strong>. Esto ha llevado a su reclasificaci\u00f3n de <strong>\u00aben peligro cr\u00edtico\u00bb a \u00abvulnerable\u00bb<\/strong> en la <a href=\"https:\/\/www.iucnredlist.org\/es\/species\/12520\/218695618\" target=\"_blank\" rel=\"noreferrer noopener\">Lista Roja de la Uni\u00f3n Internacional para la Conservaci\u00f3n de la Naturaleza (UICN).<\/a> Este logro es resultado de la <strong>colaboraci\u00f3n<\/strong> entre los gobiernos de la pen\u00ednsula, las ONGs y las comunidades locales.<\/p>\n\n\n\n<div class=\"wp-block-stackable-heading stk-block-heading stk-block-heading--v2 stk-block stk-aec7c74\" id=\"strong-el-lobo-gris-mexicano-recuperandose-paso-a-paso-strong\" data-block-id=\"aec7c74\"><h2 class=\"stk-block-heading__text\"><strong>El lobo gris mexicano: recuper\u00e1ndose paso a paso<\/strong><\/h2><\/div>\n\n\n\n<p>El <strong>lobo gris mexicano<\/strong> (<em>Canis lupus baileyi<\/em>), la subespecie de lobo m\u00e1s peque\u00f1a de Am\u00e9rica del Norte, sufri\u00f3 una dr\u00e1stica disminuci\u00f3n poblacional debido a la caza y la p\u00e9rdida de h\u00e1bitat. Lleg\u00f3 a estar <strong>pr\u00e1cticamente extinto en la d\u00e9cada de 1970<\/strong>. A trav\u00e9s de programas de cr\u00eda en cautiverio y su reintroducci\u00f3n en \u00e1reas protegidas, su poblaci\u00f3n silvestre ha aumentado a m\u00e1s de 200 individuos y a 380 en programas de cautiverio.<\/p>\n\n\n\n<div class=\"wp-block-stackable-heading stk-block-heading stk-block-heading--v2 stk-block stk-92d21df\" id=\"strong-la-ballena-jorobada-un-gigante-marino-fuera-de-peligro-de-extincion-strong\" data-block-id=\"92d21df\"><h2 class=\"stk-block-heading__text\"><strong>La ballena jorobada: un gigante marino fuera de peligro de extinci\u00f3n<\/strong><\/h2><\/div>\n\n\n\n<p>La <strong>ballena jorobada<\/strong> (<em>Megaptera novaeangliae<\/em>) fue objeto de una intensa caza comercial entre los siglos XVIII y XX, lo que redujo su poblaci\u00f3n a niveles cr\u00edticos. Con la implementaci\u00f3n de moratorias internacionales sobre la caza comercial de ballenas en la d\u00e9cada de 1960, las poblaciones de ballenas jorobadas comenzaron a <strong>recuperarse<\/strong>. En 2015, la especie fue <strong>retirada de la lista de especies en peligro<\/strong> y, actualmente, su poblaci\u00f3n global se estima en m\u00e1s de 80.000 individuos.<\/p>\n\n\n\n<div class=\"wp-block-stackable-heading stk-block-heading stk-block-heading--v2 stk-block stk-8cf50db\" id=\"strong-asi-se-logro-preservar-al-tigre-de-bengala-strong\" data-block-id=\"8cf50db\"><h2 class=\"stk-block-heading__text\"><strong>As\u00ed se logr\u00f3 preservar al tigre de Bengala<\/strong><\/h2><\/div>\n\n\n\n<p>El <strong>tigre de Bengala<\/strong> (<em>Panthera tigris tigris<\/em>) es una de las subespecies de tigre m\u00e1s conocidas. Por ello, ha hecho frente a amenazas como la caza furtiva y la destrucci\u00f3n de su h\u00e1bitat en el sur de Asia. A principios del siglo XXI, su n\u00famero se redujo <strong>dr\u00e1sticamente<\/strong>. Las iniciativas de conservaci\u00f3n como la creaci\u00f3n de reservas y el establecimiento de estrictas leyes contra la caza furtiva han permitido su <strong>recuperaci\u00f3n gradual<\/strong>. Actualmente, se estima que la poblaci\u00f3n de <strong>tigres de Bengala<\/strong> supera los 2.500 individuos salvajes.<\/p>\n\n\n\n<div class=\"wp-block-stackable-heading stk-block-heading stk-block-heading--v2 stk-block stk-4f99e52\" id=\"strong-el-aguila-calva-un-emblema-recuperado-strong\" data-block-id=\"4f99e52\"><h2 class=\"stk-block-heading__text\"><strong>El \u00e1guila calva: un emblema recuperado<\/strong><\/h2><\/div>\n\n\n\n<p>El <strong>\u00e1guila calva<\/strong> (<em>Haliaeetus leucocephalus<\/em>) es conocida por ser el s\u00edmbolo nacional de Estados Unidos. Pese a ello, sufri\u00f3 una alarmante disminuci\u00f3n en su n\u00famero debido al uso de un pesticida, el DDT, que da\u00f1aba su reproducci\u00f3n. En la d\u00e9cada de 1960, la poblaci\u00f3n se redujo a aproximadamente 400 parejas reproductoras. Gracias a la <strong>prohibici\u00f3n del DDT<\/strong> en 1972 y a programas de <strong>protecci\u00f3n y recuperaci\u00f3n<\/strong>, el \u00e1guila calva fue eliminada de la lista de especies en peligro en 2007, siendo hoy una especie <strong>plenamente estable<\/strong>.<\/p>\n\n\n\n<div class=\"wp-block-stackable-icon-box stk-block-icon-box stk-block stk-9778e03 stk-block-background\" data-v=\"2\" data-block-id=\"9778e03\"><style>.stk-9778e03{background-color:#efeee9 !important}.stk-9778e03:before{background-color:#efeee9 !important}<\/style><div class=\"stk-block-content stk-inner-blocks stk-block-icon-box__content stk-container stk-9778e03-container stk--no-background stk--no-padding\">\n<div class=\"wp-block-stackable-icon-label stk-block-icon-label stk-block stk-fdd9455\" data-block-id=\"fdd9455\"><div class=\"stk-row stk-inner-blocks stk-block-content\">\n<div class=\"wp-block-stackable-icon stk-block-icon has-text-align-left stk-block stk-bf36c07\" data-block-id=\"bf36c07\"><style>.stk-bf36c07 .stk--svg-wrapper .stk--inner-svg svg:last-child,.stk-bf36c07 .stk--svg-wrapper .stk--inner-svg svg:last-child :is(g,path,rect,polygon,ellipse){fill:#085086 !important}<\/style><span class=\"stk--svg-wrapper\"><div class=\"stk--inner-svg\"><svg style=\"height:0;width:0\"><defs><linearGradient id=\"linear-gradient-bf36c07\" x1=\"0\" x2=\"100%\" y1=\"0\" y2=\"0\"><stop offset=\"0%\" style=\"stop-opacity:1;stop-color:var(--linear-gradient-bf-36-c-07-color-1)\"><\/stop><stop offset=\"100%\" style=\"stop-opacity:1;stop-color:var(--linear-gradient-bf-36-c-07-color-2)\"><\/stop><\/linearGradient><\/defs><\/svg><svg xmlns=\"http:\/\/www.w3.org\/2000\/svg\" viewBox=\"0 0 512 512\" aria-hidden=\"true\" width=\"32\" height=\"32\"><path d=\"M478.21 334.093L336 256l142.21-78.093c11.795-6.477 15.961-21.384 9.232-33.037l-19.48-33.741c-6.728-11.653-21.72-15.499-33.227-8.523L296 186.718l3.475-162.204C299.763 11.061 288.937 0 275.48 0h-38.96c-13.456 0-24.283 11.061-23.994 24.514L216 186.718 77.265 102.607c-11.506-6.976-26.499-3.13-33.227 8.523l-19.48 33.741c-6.728 11.653-2.562 26.56 9.233 33.037L176 256 33.79 334.093c-11.795 6.477-15.961 21.384-9.232 33.037l19.48 33.741c6.728 11.653 21.721 15.499 33.227 8.523L216 325.282l-3.475 162.204C212.237 500.939 223.064 512 236.52 512h38.961c13.456 0 24.283-11.061 23.995-24.514L296 325.282l138.735 84.111c11.506 6.976 26.499 3.13 33.227-8.523l19.48-33.741c6.728-11.653 2.563-26.559-9.232-33.036z\"><\/path><\/svg><\/div><\/span><\/div>\n\n\n\n<div class=\"wp-block-stackable-heading stk-block-heading stk-block-heading--v2 stk-block stk-b944d37\" id=\"recuerda\" data-block-id=\"b944d37\"><h4 class=\"stk-block-heading__text\">Recuerda<\/h4><\/div>\n<\/div><\/div>\n\n\n\n<div class=\"wp-block-stackable-heading stk-block-heading stk-block-heading--v2 stk-block stk-8fdaf0b\" id=\"la-actividad-humana-ha-puesto-en-peligro-a-muchas-especies-pero-los-programas-de-conservacion-han-logrado-su-recuperacion\" data-block-id=\"8fdaf0b\"><style>.stk-8fdaf0b{margin-bottom:12px !important}<\/style><h5 class=\"stk-block-heading__text\">La actividad humana ha puesto en peligro a muchas especies, pero los programas de conservaci\u00f3n han logrado su recuperaci\u00f3n.<\/h5><\/div>\n\n\n\n<div class=\"wp-block-stackable-heading stk-block-heading stk-block-heading--v2 stk-block stk-cc58323\" id=\"un-ejemplo-cercano-es-el-del-lince-iberico-que-paso-de-menos-de-100-a-mas-de-2-000-ejemplares-en-25-anos\" data-block-id=\"cc58323\"><style>.stk-cc58323{margin-bottom:10px !important}<\/style><h5 class=\"stk-block-heading__text\">Un ejemplo cercano es el del lince ib\u00e9rico, que pas\u00f3 de menos de 100 a m\u00e1s de 2.000 ejemplares en 25 a\u00f1os.<\/h5><\/div>\n\n\n\n<div class=\"wp-block-stackable-heading stk-block-heading stk-block-heading--v2 stk-block stk-4338811\" id=\"la-campana-tiene-objetivo-que-los-ninos-adquieran-habitos-para-mantener-una-espalda-sana-y-fuerte-a-lo-largo-de-toda-su-vida-sta-campana-viene-acompanada-de-una-nueva-edicion-de-el-em-tebeo-de-la-espalda-em\" data-block-id=\"4338811\"><style>.stk-4338811{margin-bottom:10px !important}<\/style><h5 class=\"stk-block-heading__text\">La prohibici\u00f3n del pesticida DDT en 1972 permiti\u00f3 la recuperaci\u00f3n del \u00e1guila calva, que sali\u00f3 de la lista de especies en peligro en 2007.<\/h5><\/div>\n<\/div><\/div>\n","protected":false},"excerpt":{"rendered":"<p>Cada especie, desde los m\u00e1s peque\u00f1os insectos hasta los grandes depredadores, cumple su papel en el equilibrio de los ecosistemas. Sin embargo, la actividad humana ha influido en la subsistencia de muchas especies, poni\u00e9ndolas en peligro de extinci\u00f3n. En el D\u00eda Mundial de la Vida Silvestre, que se conmemora cada 3 de marzo, es importante &#8230; <\/p>\n<p class=\"read-more-container\"><a title=\"5 animales que ya no est\u00e1n en peligro de extinci\u00f3n\" class=\"read-more button\" href=\"\/blog\/vida-sostenible\/animales-fuera-de-peligro-de-extincion\/#more-16566\" aria-label=\"Leer m\u00e1s sobre 5 animales que ya no est\u00e1n en peligro de extinci\u00f3n\">Leer m\u00e1s<\/a><\/p>\n","protected":false},"author":8,"featured_media":16567,"comment_status":"closed","ping_status":"closed","sticky":false,"template":"","format":"standard","meta":{"_coblocks_attr":"","_coblocks_dimensions":"","_coblocks_responsive_height":"","_coblocks_accordion_ie_support":"","om_disable_all_campaigns":false,"_uf_show_specific_survey":0,"_uf_disable_surveys":false,"twitterCardType":"","cardImageID":0,"cardImage":"","cardTitle":"","cardDesc":"","cardImageAlt":"","cardPlayer":"","cardPlayerWidth":0,"cardPlayerHeight":0,"cardPlayerStream":"","cardPlayerCodec":"","footnotes":""},"categories":[91,89],"tags":[],"aioseo_notices":[],"featured_image_src":"\/blog\/wp-content\/uploads\/2025\/03\/peligro-de-extincion-600x400.jpg","featured_image_src_square":"\/blog\/wp-content\/uploads\/2025\/03\/peligro-de-extincion-600x600.jpg","author_info":{"display_name":"ASISA","author_link":"\/blog\/author\/laragsoto\/"},"_links":{"self":[{"href":"\/blog\/wp-json\/wp\/v2\/posts\/16566"}],"collection":[{"href":"\/blog\/wp-json\/wp\/v2\/posts"}],"about":[{"href":"\/blog\/wp-json\/wp\/v2\/types\/post"}],"author":[{"embeddable":true,"href":"\/blog\/wp-json\/wp\/v2\/users\/8"}],"replies":[{"embeddable":true,"href":"\/blog\/wp-json\/wp\/v2\/comments?post=16566"}],"version-history":[{"count":2,"href":"\/blog\/wp-json\/wp\/v2\/posts\/16566\/revisions"}],"predecessor-version":[{"id":16569,"href":"\/blog\/wp-json\/wp\/v2\/posts\/16566\/revisions\/16569"}],"wp:featuredmedia":[{"embeddable":true,"href":"\/blog\/wp-json\/wp\/v2\/media\/16567"}],"wp:attachment":[{"href":"\/blog\/wp-json\/wp\/v2\/media?parent=16566"}],"wp:term":[{"taxonomy":"category","embeddable":true,"href":"\/blog\/wp-json\/wp\/v2\/categories?post=16566"},{"taxonomy":"post_tag","embeddable":true,"href":"\/blog\/wp-json\/wp\/v2\/tags?post=16566"}],"curies":[{"name":"wp","href":"https:\/\/api.w.org\/{rel}","templated":true}]}}