{"id":16513,"date":"2025-03-03T13:54:36","date_gmt":"2025-03-03T11:54:36","guid":{"rendered":"https:\/\/www.blogdeasisa.es\/?p=16513"},"modified":"2025-03-03T14:12:40","modified_gmt":"2025-03-03T12:12:40","slug":"programa-familias-primerizas","status":"publish","type":"post","link":"\/blog\/salud\/programa-familias-primerizas\/","title":{"rendered":"ASISA pone en marcha un programa integral para apoyar a las familias primerizas"},"content":{"rendered":"\n<p>ASISA ha puesto en marcha un programa integral de salud dirigido a las familias primerizas. El Programa Familias Primerizas ASISA incluye informaci\u00f3n sobre el embarazo, el parto y los primeros meses de vida del bebe y, adem\u00e1s, permite acceder a profesionales de varias especialidades.<\/p>\n\n\n\n<p>El programa se puede encontrar en <a href=\"\/\/familias-primerizas\/\" target=\"_blank\" rel=\"noreferrer noopener\">El Blog de ASISA<\/a> y los asegurados de ASISA podr\u00e1n acceder a las consultas con profesionales especializados a trav\u00e9s de la <a href=\"https:\/\/www.asisa.es\/chat-medico\">app Chat M\u00e9dico<\/a> integrada en Asisa LIVE, la plataforma de telemedicina de ASISA.<\/p>\n\n\n\n<p>Este programa tiene como objetivo proporcionar a las familias que esperan o acaban de tener a su primer hijo las herramientas y el conocimiento necesarios para afrontar esta nueva etapa con tranquilidad y confianza. Para ello, el Programa Familias Primerizas de ASISA concentra en un mismo lugar informaci\u00f3n, consejos y acceso a especialistas de diversas \u00e1reas (pediatr\u00eda, nutrici\u00f3n, psicolog\u00eda infantil, ginecolog\u00eda, etc.), para facilitar los primeros pasos a los nuevos padres.<\/p>\n\n\n\n<div class=\"wp-block-stackable-heading stk-block-heading stk-block-heading--v2 stk-block stk-e90fa02\" id=\"programa-familias-primerizas-informacion-y-especialistas\" data-block-id=\"e90fa02\"><h2 class=\"stk-block-heading__text\">Programa Familias Primerizas: informaci\u00f3n y especialistas <\/h2><\/div>\n\n\n\n<p>El programa combina contenido elaborado por especialistas y acceso directo a profesionales expertos que resuelven las dudas que tengan los usuarios de manera inmediata y online. Con esto ASISA tiene el objetivo de ayudar a los padres primerizos a entender el impacto de la llegada de un beb\u00e9 a sus vidas y descubrir los nuevos roles que deber\u00e1n adoptar; conocer las etapas del embarazo y los aspectos m\u00e1s relevantes para prepararse para el parto; mantener un estado de salud \u00f3ptimo; conocer la evoluci\u00f3n y los cuidados durante los primeros meses de vida del beb\u00e9 y aspectos como la lactancia, el sue\u00f1o, etc.; o proporcionar apoyo emocional durante esta etapa de grandes cambios.<\/p>\n\n\n\n<p>Adem\u00e1s gran parte de los art\u00edculos publicados, y que forman parte del programa, ser\u00e1n accesibles para cualquier persona sea o no asegurada de ASISA, y los asegurados podr\u00e1n tener acceso a material y herramientas adicionales (v\u00eddeos, consejos de pediatr\u00eda, nutrici\u00f3n, etc.).<\/p>\n\n\n\n<p>Los asegurados de ASISA podr\u00e1n acceder directamente a especialistas a trav\u00e9s del Chat M\u00e9dico para que cada familia reciba el apoyo que necesite en cada momento. para sobrellevar la menopausia de la mejor manera posible.<\/p>\n\n\n\n<p>Con este programa, que se une al <a href=\"\/\/menopausia\/\" target=\"_blank\" rel=\"noreferrer noopener\">Programa Integral Menopausia ASISA<\/a>, la aseguradora da un paso m\u00e1s en su compromiso con el cuidado de sus asegurados y con la difusi\u00f3n de informaci\u00f3n fiable y segura para la promoci\u00f3n de la salud y de los h\u00e1bitos saludables en cualquier etapa de la vida.<\/p>\n","protected":false},"excerpt":{"rendered":"<p>ASISA ha puesto en marcha un programa integral de salud dirigido a las familias primerizas. El Programa Familias Primerizas ASISA incluye informaci\u00f3n sobre el embarazo, el parto y los primeros meses de vida del bebe y, adem\u00e1s, permite acceder a profesionales de varias especialidades. El programa se puede encontrar en El Blog de ASISA y &#8230; <\/p>\n<p class=\"read-more-container\"><a title=\"ASISA pone en marcha un programa integral para apoyar a las familias primerizas\" class=\"read-more button\" href=\"\/blog\/salud\/programa-familias-primerizas\/#more-16513\" aria-label=\"Leer m\u00e1s sobre ASISA pone en marcha un programa integral para apoyar a las familias primerizas\">Leer m\u00e1s<\/a><\/p>\n","protected":false},"author":8,"featured_media":16515,"comment_status":"closed","ping_status":"closed","sticky":false,"template":"","format":"standard","meta":{"_coblocks_attr":"","_coblocks_dimensions":"","_coblocks_responsive_height":"","_coblocks_accordion_ie_support":"","om_disable_all_campaigns":false,"_uf_show_specific_survey":0,"_uf_disable_surveys":false,"twitterCardType":"","cardImageID":0,"cardImage":"","cardTitle":"","cardDesc":"","cardImageAlt":"","cardPlayer":"","cardPlayerWidth":0,"cardPlayerHeight":0,"cardPlayerStream":"","cardPlayerCodec":"","footnotes":""},"categories":[307,3],"tags":[],"aioseo_notices":[],"featured_image_src":"\/blog\/wp-content\/uploads\/2025\/03\/programa-familias-primerizas-600x400.jpg","featured_image_src_square":"\/blog\/wp-content\/uploads\/2025\/03\/programa-familias-primerizas-600x600.jpg","author_info":{"display_name":"ASISA","author_link":"\/blog\/author\/laragsoto\/"},"_links":{"self":[{"href":"\/blog\/wp-json\/wp\/v2\/posts\/16513"}],"collection":[{"href":"\/blog\/wp-json\/wp\/v2\/posts"}],"about":[{"href":"\/blog\/wp-json\/wp\/v2\/types\/post"}],"author":[{"embeddable":true,"href":"\/blog\/wp-json\/wp\/v2\/users\/8"}],"replies":[{"embeddable":true,"href":"\/blog\/wp-json\/wp\/v2\/comments?post=16513"}],"version-history":[{"count":4,"href":"\/blog\/wp-json\/wp\/v2\/posts\/16513\/revisions"}],"predecessor-version":[{"id":16526,"href":"\/blog\/wp-json\/wp\/v2\/posts\/16513\/revisions\/16526"}],"wp:featuredmedia":[{"embeddable":true,"href":"\/blog\/wp-json\/wp\/v2\/media\/16515"}],"wp:attachment":[{"href":"\/blog\/wp-json\/wp\/v2\/media?parent=16513"}],"wp:term":[{"taxonomy":"category","embeddable":true,"href":"\/blog\/wp-json\/wp\/v2\/categories?post=16513"},{"taxonomy":"post_tag","embeddable":true,"href":"\/blog\/wp-json\/wp\/v2\/tags?post=16513"}],"curies":[{"name":"wp","href":"https:\/\/api.w.org\/{rel}","templated":true}]}}