{"id":16431,"date":"2025-02-10T18:30:09","date_gmt":"2025-02-10T16:30:09","guid":{"rendered":"https:\/\/www.blogdeasisa.es\/?p=16431"},"modified":"2025-03-03T14:18:06","modified_gmt":"2025-03-03T12:18:06","slug":"cambios-emocionales-del-primer-trimestre-de-embarazo","status":"publish","type":"post","link":"\/blog\/salud\/cambios-emocionales-del-primer-trimestre-de-embarazo\/","title":{"rendered":"Los cambios emocionales del primer trimestre de embarazo"},"content":{"rendered":"\n<p>Al igual en hay <strong>cambios f\u00edsicos<\/strong>, en el primer trimestre del embarazo hay una serie de cambios emocionales que pueden ser un torbellino debido a las <strong>variaciones hormonales<\/strong> y las <strong>nuevas responsabilidades <\/strong>que trae consigo la maternidad. \u00bfCu\u00e1les son los <strong>cambios emocionales del primer trimestre de embarazo<\/strong>? <\/p>\n\n\n\n<div class=\"wp-block-stackable-heading stk-block-heading stk-block-heading--v2 stk-block stk-28b5f70\" id=\"c-strong-ambios-emocionales-del-primer-trimestre-de-embarazo-strong\" data-block-id=\"28b5f70\"><h2 class=\"stk-block-heading__text\">C<strong>ambios emocionales del primer trimestre de embarazo<\/strong><\/h2><\/div>\n\n\n\n<p>Estos son algunos de los <strong>cambios emocionales del primer trimestre de embarazo<\/strong>: <\/p>\n\n\n\n<ol>\n<li><strong>Altibajos emocionales<\/strong>: Es normal que las <strong><a href=\"https:\/\/www.blogdehla.es\/aprende-a-reconocer-los-signos-de-un-desequilibrio-hormonal-en-mujeres\/\" target=\"_blank\" rel=\"noreferrer noopener\">hormonas provoquen cambios de humor<\/a> repentinos<\/strong>. En un momento se puede sentir mucha felicidad y al siguiente, tristeza o irritabilidad. En este momento es fundamental <strong>tomarse tiempo para relajarse<\/strong>, hablar con los seres queridos y recordar que estos <strong>cambios son parte del proceso<\/strong>. <\/li>\n\n\n\n<li><strong>Ansiedad y preocupaci\u00f3n<\/strong>: es com\u00fan que muchas mujeres sientan una mezcla de <strong>alegr\u00eda y preocupaci\u00f3n<\/strong> al enterarse de que est\u00e1n embarazadas. Preguntarse sobre la salud del beb\u00e9, el transcurso del embarazo o c\u00f3mo prepararse para ser madre puede generar ansiedad. <a href=\"\/\/salud\/bienestar\/por-que-gestionar-las-emociones-es-fundamental-para-la-salud\/\" target=\"_blank\" rel=\"noreferrer noopener\">Hablar de tus preocupaciones<\/a> con la pareja, familiares o un profesional de la salud puede ayudar a sentir m\u00e1s tranquilidad y apoyo. <\/li>\n\n\n\n<li><strong>Sensaci\u00f3n de apego o desconexi\u00f3n<\/strong>: algunas mujeres sienten una <strong>conexi\u00f3n inmediata con su beb\u00e9<\/strong>, mientras que otras pueden sentirse un poco desconectadas al principio. Ambas reacciones son completamente normales y pueden cambiar con el tiempo. No ha que preocuparse si no se siente apego de inmediato. A medida que avanza el embarazo, este v\u00ednculo suele fortalecerse.<\/li>\n<\/ol>\n\n\n\n<div class=\"wp-block-stackable-heading stk-block-heading stk-block-heading--v2 stk-block stk-dcfc58f\" id=\"otros-c-strong-ambios-emocionales-del-primer-trimestre-de-embarazo-strong\" data-block-id=\"dcfc58f\"><h2 class=\"stk-block-heading__text\">Otros c<strong>ambios emocionales del primer trimestre de embarazo<\/strong><\/h2><\/div>\n\n\n\n<ol>\n<li><strong>Sensibilidad emocional<\/strong>: es com\u00fan <strong>sentirse m\u00e1s sensible<\/strong> o que las situaciones cotidianas afectan m\u00e1s de lo habitual. Es posible llorar con m\u00e1s facilidad o sentirse emocionalmente vulnerable. Es necesario permitirse sentir y expresar las emociones ya que este es uno de los <strong>cambios emocionales del primer trimestre de embarazo<\/strong> A veces, un buen llanto o hablar de los sentimientos puede ser liberador.<\/li>\n\n\n\n<li><strong>Aceptaci\u00f3n y adaptaci\u00f3n<\/strong>: conforme avanza el primer trimestre, muchas mujeres empiezan a <strong>aceptar y adaptarse<\/strong> a los cambios que est\u00e1n viviendo. Esto puede traer una sensaci\u00f3n de tranquilidad y preparaci\u00f3n para lo que viene. <strong>Disfrutar de este proceso <\/strong>de adaptaci\u00f3n y <strong>darse el tiempo<\/strong> para asimilar la nueva realidad es fundamental. <\/li>\n<\/ol>\n\n\n\n<p>Recuerda, <strong>cada mujer vive el embarazo de manera \u00fanica<\/strong>. Si te sientes abrumada o necesitas apoyo, no dudes en buscar ayuda profesional o hablar con alguien de confianza. Para ayudar en el proceso ASISA ha puesto en macha un<strong> programa para Familias Primerizas<\/strong> donde se puede encontrar informaci\u00f3n, consejos y un chat donde consultar con diferentes especialistas todo lo referente al embarazo y los primeros meses de vida del beb\u00e9. <\/p>\n\n\n\n<div class=\"wp-block-stackable-icon-box stk-block-icon-box stk-block stk-9778e03 stk-block-background\" data-v=\"2\" data-block-id=\"9778e03\"><style>.stk-9778e03{background-color:#efeee9 !important}.stk-9778e03:before{background-color:#efeee9 !important}<\/style><div class=\"stk-block-content stk-inner-blocks stk-block-icon-box__content stk-container stk-9778e03-container stk--no-background stk--no-padding\">\n<div class=\"wp-block-stackable-icon-label stk-block-icon-label stk-block stk-fdd9455\" data-block-id=\"fdd9455\"><div class=\"stk-row stk-inner-blocks stk-block-content\">\n<div class=\"wp-block-stackable-icon stk-block-icon has-text-align-left stk-block stk-bf36c07\" data-block-id=\"bf36c07\"><style>.stk-bf36c07 .stk--svg-wrapper .stk--inner-svg svg:last-child,.stk-bf36c07 .stk--svg-wrapper .stk--inner-svg svg:last-child :is(g,path,rect,polygon,ellipse){fill:#085086 !important}<\/style><span class=\"stk--svg-wrapper\"><div class=\"stk--inner-svg\"><svg style=\"height:0;width:0\"><defs><linearGradient id=\"linear-gradient-bf36c07\" x1=\"0\" x2=\"100%\" y1=\"0\" y2=\"0\"><stop offset=\"0%\" style=\"stop-opacity:1;stop-color:var(--linear-gradient-bf-36-c-07-color-1)\"><\/stop><stop offset=\"100%\" style=\"stop-opacity:1;stop-color:var(--linear-gradient-bf-36-c-07-color-2)\"><\/stop><\/linearGradient><\/defs><\/svg><svg xmlns=\"http:\/\/www.w3.org\/2000\/svg\" viewBox=\"0 0 512 512\" aria-hidden=\"true\" width=\"32\" height=\"32\"><path d=\"M478.21 334.093L336 256l142.21-78.093c11.795-6.477 15.961-21.384 9.232-33.037l-19.48-33.741c-6.728-11.653-21.72-15.499-33.227-8.523L296 186.718l3.475-162.204C299.763 11.061 288.937 0 275.48 0h-38.96c-13.456 0-24.283 11.061-23.994 24.514L216 186.718 77.265 102.607c-11.506-6.976-26.499-3.13-33.227 8.523l-19.48 33.741c-6.728 11.653-2.562 26.56 9.233 33.037L176 256 33.79 334.093c-11.795 6.477-15.961 21.384-9.232 33.037l19.48 33.741c6.728 11.653 21.721 15.499 33.227 8.523L216 325.282l-3.475 162.204C212.237 500.939 223.064 512 236.52 512h38.961c13.456 0 24.283-11.061 23.995-24.514L296 325.282l138.735 84.111c11.506 6.976 26.499 3.13 33.227-8.523l19.48-33.741c6.728-11.653 2.563-26.559-9.232-33.036z\"><\/path><\/svg><\/div><\/span><\/div>\n\n\n\n<div class=\"wp-block-stackable-heading stk-block-heading stk-block-heading--v2 stk-block stk-b944d37\" id=\"recuerda\" data-block-id=\"b944d37\"><h4 class=\"stk-block-heading__text\">Recuerda<\/h4><\/div>\n<\/div><\/div>\n\n\n\n<div class=\"wp-block-stackable-heading stk-block-heading stk-block-heading--v2 stk-block stk-8fdaf0b\" id=\"en-el-primer-trimestre-del-embarazo-hay-una-serie-de-cambios-emocionales-que-pueden-ser-un-torbellino\" data-block-id=\"8fdaf0b\"><style>.stk-8fdaf0b{margin-bottom:12px !important}<\/style><h5 class=\"stk-block-heading__text\">En el primer trimestre del embarazo hay una serie de cambios emocionales que pueden ser un torbellino- <\/h5><\/div>\n\n\n\n<div class=\"wp-block-stackable-heading stk-block-heading stk-block-heading--v2 stk-block stk-cc58323\" id=\"los-altibajos-la-sensibilidad-o-la-preocupacion-son-algunos-de-los-cambios-emocionales-del-primer-trimestre-de-embarazo\" data-block-id=\"cc58323\"><style>.stk-cc58323{margin-bottom:10px !important}<\/style><h5 class=\"stk-block-heading__text\">Los altibajos, la sensibilidad o la preocupaci\u00f3n son algunos de los cambios emocionales del primer trimestre de embarazo <\/h5><\/div>\n\n\n\n<div class=\"wp-block-stackable-heading stk-block-heading stk-block-heading--v2 stk-block stk-4338811\" id=\"la-campana-tiene-objetivo-que-los-ninos-adquieran-habitos-para-mantener-una-espalda-sana-y-fuerte-a-lo-largo-de-toda-su-vida-sta-campana-viene-acompanada-de-una-nueva-edicion-de-el-em-tebeo-de-la-espalda-em\" data-block-id=\"4338811\"><style>.stk-4338811{margin-bottom:10px !important}<\/style><h5 class=\"stk-block-heading__text\">Recuerda, cada mujer vive el embarazo de manera \u00fanica. Si te sientes abrumada o necesitas apoyo, no dudes en buscar ayuda profesional<\/h5><\/div>\n<\/div><\/div>\n","protected":false},"excerpt":{"rendered":"<p>Al igual en hay cambios f\u00edsicos, en el primer trimestre del embarazo hay una serie de cambios emocionales que pueden ser un torbellino debido a las variaciones hormonales y las nuevas responsabilidades que trae consigo la maternidad. \u00bfCu\u00e1les son los cambios emocionales del primer trimestre de embarazo? Cambios emocionales del primer trimestre de embarazo Estos &#8230; <\/p>\n<p class=\"read-more-container\"><a title=\"Los cambios emocionales del primer trimestre de embarazo\" class=\"read-more button\" href=\"\/blog\/salud\/cambios-emocionales-del-primer-trimestre-de-embarazo\/#more-16431\" aria-label=\"Leer m\u00e1s sobre Los cambios emocionales del primer trimestre de embarazo\">Leer m\u00e1s<\/a><\/p>\n","protected":false},"author":8,"featured_media":16530,"comment_status":"closed","ping_status":"closed","sticky":false,"template":"","format":"standard","meta":{"_coblocks_attr":"","_coblocks_dimensions":"","_coblocks_responsive_height":"","_coblocks_accordion_ie_support":"","om_disable_all_campaigns":false,"_uf_show_specific_survey":0,"_uf_disable_surveys":false,"twitterCardType":"","cardImageID":0,"cardImage":"","cardTitle":"","cardDesc":"","cardImageAlt":"","cardPlayer":"","cardPlayerWidth":0,"cardPlayerHeight":0,"cardPlayerStream":"","cardPlayerCodec":"","footnotes":""},"categories":[307,3],"tags":[],"aioseo_notices":[],"featured_image_src":"\/blog\/wp-content\/uploads\/2025\/02\/cambios-emocionales-del-primer-trimestre-de-embarazo-600x400.jpg","featured_image_src_square":"\/blog\/wp-content\/uploads\/2025\/02\/cambios-emocionales-del-primer-trimestre-de-embarazo-600x600.jpg","author_info":{"display_name":"ASISA","author_link":"\/blog\/author\/laragsoto\/"},"_links":{"self":[{"href":"\/blog\/wp-json\/wp\/v2\/posts\/16431"}],"collection":[{"href":"\/blog\/wp-json\/wp\/v2\/posts"}],"about":[{"href":"\/blog\/wp-json\/wp\/v2\/types\/post"}],"author":[{"embeddable":true,"href":"\/blog\/wp-json\/wp\/v2\/users\/8"}],"replies":[{"embeddable":true,"href":"\/blog\/wp-json\/wp\/v2\/comments?post=16431"}],"version-history":[{"count":10,"href":"\/blog\/wp-json\/wp\/v2\/posts\/16431\/revisions"}],"predecessor-version":[{"id":16532,"href":"\/blog\/wp-json\/wp\/v2\/posts\/16431\/revisions\/16532"}],"wp:featuredmedia":[{"embeddable":true,"href":"\/blog\/wp-json\/wp\/v2\/media\/16530"}],"wp:attachment":[{"href":"\/blog\/wp-json\/wp\/v2\/media?parent=16431"}],"wp:term":[{"taxonomy":"category","embeddable":true,"href":"\/blog\/wp-json\/wp\/v2\/categories?post=16431"},{"taxonomy":"post_tag","embeddable":true,"href":"\/blog\/wp-json\/wp\/v2\/tags?post=16431"}],"curies":[{"name":"wp","href":"https:\/\/api.w.org\/{rel}","templated":true}]}}