{"id":16422,"date":"2025-02-07T18:29:37","date_gmt":"2025-02-07T16:29:37","guid":{"rendered":"https:\/\/www.blogdeasisa.es\/?p=16422"},"modified":"2025-03-03T14:09:23","modified_gmt":"2025-03-03T12:09:23","slug":"cambios-fisicos-en-el-primer-trimestre-de-embarazo","status":"publish","type":"post","link":"\/blog\/salud\/cambios-fisicos-en-el-primer-trimestre-de-embarazo\/","title":{"rendered":"\u00bfCu\u00e1les son los cambios f\u00edsicos en el primer trimestre de embarazo?"},"content":{"rendered":"\n<p>El <strong>primer trimestre del embarazo<\/strong> es una etapa llena de emociones y desaf\u00edos para muchas futuras madres. Durante estas primeras 12 semanas, el cuerpo pasa por una serie de <strong>cambios f\u00edsicos y emocionales importantes<\/strong>. Estos son parte del proceso natural del desarrollo del beb\u00e9 y las adaptaciones necesarias para sostener la nueva vida. \u00bfCu\u00e1les son los <strong>cambios f\u00edsicos en el <a href=\"\/\/salud\/embarazo-primer-trimestre\/\" target=\"_blank\" rel=\"noreferrer noopener\">primer trimestre de embarazo<\/a><\/strong>? <\/p>\n\n\n\n<h3 class=\"wp-block-heading\"><strong>Cambios f\u00edsicos en el primer trimestre de embazado <\/strong><\/h3>\n\n\n\n<p>Hay que tener en cuanta tambi\u00e9n que <strong>algunos de estos cambios son transitorios<\/strong>, mientras que <strong>otros pueden durar semanas o meses<\/strong>. Adem\u00e1s, cada mujer vive el <strong>embarazo de manera diferent<\/strong>e; algunas sienten muchos s\u00edntomas, mientras que otras apenas los notan.<\/p>\n\n\n\n<ol>\n<li><strong>Fatiga y somnolencia<\/strong>: sentirse cansada y con sue\u00f1o es muy com\u00fan en el embarazo. Esto se debe a los <strong>cambios hormonales<\/strong>. Una forma de llevar mejor esta situaci\u00f3n es <strong>tomar descansos<\/strong> frecuentes y evitar ejercicios intensos. <\/li>\n\n\n\n<li><strong>N\u00e1useas y v\u00f3mitos<\/strong>: tambi\u00e9n se conocen como como<strong> \u00abn\u00e1useas matutinas\u00bb<\/strong>, aunque <strong>pueden ocurrir en cualquier momento del d\u00eda<\/strong>, es uno de los cambios f\u00edsicos en el primer trimestre de embarazo m\u00e1s habituales. Estas est\u00e1n relacionadas con el <strong>aumento de una hormona <\/strong>llamada <em>gonadotropina cori\u00f3nica humana (hCG)<\/em>. Para poder mitigar esta situaci\u00f3n <strong>comer varias veces al d\u00eda<\/strong> en <strong>porciones peque\u00f1as<\/strong> y elegir <strong>alimentos f\u00e1ciles de digerir<\/strong>, puede ser una buena opci\u00f3n, adem\u00e1s de evitar comidas grasosas y bebidas gaseosas. El jengibre, en t\u00e9 o caramelos, tambi\u00e9n puede ayudar a lleva mejor esta situaci\u00f3n. Si las n\u00e1useas son muy fuertes y no se pueden controlar es importante acudir al m\u00e9dico. <\/li>\n\n\n\n<li><strong>Reflujo y acidez<\/strong>: el reflujo y la sensaci\u00f3n de acidez aparecen cuando el <strong>contenido del est\u00f3mago sube al es\u00f3fago<\/strong>, lo que puede pasar por la relajaci\u00f3n de los m\u00fasculos y la presi\u00f3n que ejerce el \u00fatero en crecimiento. Una de las soluciones para paliar esta situaci\u00f3n es <strong>comer varias veces al d\u00eda<\/strong> porciones peque\u00f1as y <strong>evitar alimentos picantes, grasosos o bebidas gaseosas<\/strong>. Tambi\u00e9n es \u00fatil <strong>mantenerse sentada por al menos 30 minutos despu\u00e9s de comer.<\/strong><\/li>\n\n\n\n<li><strong>Cambios en los senos<\/strong>: pueden volverse m\u00e1s <strong>sensibles, hinchados y pesados<\/strong>, y las areolas (la parte oscura alrededor del pez\u00f3n) pueden oscurecerse. Estos cambios preparan el cuerpo para la lactancia. En este caso es recomendable <strong>usar sujetadores de soporte suave<\/strong>, preferiblemente sin aros, como los deportivos.<\/li>\n\n\n\n<li><strong>Aumento de la necesidad de orinar<\/strong>: durante el embarazo, los <strong>ri\u00f1ones producen m\u00e1s orina <\/strong>y el \u00fatero en crecimiento ejerce presi\u00f3n sobre la vejiga, por lo que es normal sentir la necesidad de orinar con m\u00e1s frecuencia. Es un cambio normal, pero hay que <strong>estar atenta a s\u00edntomas de <a href=\"https:\/\/www.blogdehla.es\/como-tratar-una-infeccion-de-orina-durante-el-embarazo\/\" target=\"_blank\" rel=\"noreferrer noopener\">infecci\u00f3n urinaria<\/a><\/strong>, como ardor o dolor al orinar.<\/li>\n\n\n\n<li><strong>Aumento de peso y retenci\u00f3n de l\u00edquidos<\/strong>: aunque el <strong>aumento de peso<\/strong> en el primer trimestre es leve, algunas mujeres pueden <strong>notar hinchaz\u00f3n en manos o pies <\/strong>debido a la retenci\u00f3n de l\u00edquidos. En estos casos <strong>evitar estar mucho tiempo de pie o sentada, <\/strong>descansar con las <strong>piernas elevadas<\/strong> y darse <strong>duchas con agua fr\u00eda<\/strong>, son las mejores soluciones para sobrellevar esta situaci\u00f3n. <\/li>\n<\/ol>\n\n\n\n<div class=\"wp-block-stackable-heading stk-block-heading stk-block-heading--v2 stk-block stk-f8751ad\" id=\"otros-c-strong-ambios-fisicos-en-el-primer-trimestre-de-embazado-strong\" data-block-id=\"f8751ad\"><h2 class=\"stk-block-heading__text\">Otros c<strong>ambios f\u00edsicos en el primer trimestre de embazado <\/strong><\/h2><\/div>\n\n\n\n<div class=\"wp-block-stackable-text stk-block-text stk-block stk-938d4c8\" data-block-id=\"938d4c8\"><style>.stk-938d4c8{margin-bottom:0px !important}<\/style><p class=\"stk-block-text__text\">Adem\u00e1s de los cambios anteriores, durante esta nueva etapa hay otros <strong>cambios f\u00edsicos en el primer trimestre de embarazo<\/strong>: <\/p><\/div>\n\n\n\n<ol>\n<li><strong>Cambios en el olfato y gusto<\/strong>: durante el embarazo, es com\u00fan que algunos <strong>olores se sientan m\u00e1s intensos <\/strong>y que ciertos alimentos que antes gustaban, ahora no sean agradables. \u00bfQu\u00e9 se puede hacer? Evitar alimentos con olores o sabores muy fuertes.<\/li>\n\n\n\n<li><strong>Estre\u00f1imiento<\/strong>: el crecimiento del \u00fatero y los niveles altos de progesterona pueden r<strong>alentizar el tr\u00e1nsito intestinal<\/strong>, lo que provoca estre\u00f1imiento. Consumir <strong>alimentos ricos en fibra<\/strong>, beber entre 1,5 y 2 litros de agua al d\u00eda, y hacer ejercicio regularmente, es fundamental para evitar uno de los cambios f\u00edsicos en el primer trimestre de embarazo tan habituales. <\/li>\n\n\n\n<li><strong>Cambios en el sistema cardiovascular<\/strong>: el volumen de sangre aumenta y el <strong>coraz\u00f3n trabaja m\u00e1s para cumplir con las necesidades del beb\u00e9<\/strong> en desarrollo, lo que puede aumentar el ritmo card\u00edaco.<\/li>\n\n\n\n<li><strong>Venas varicosas<\/strong>: la presi\u00f3n del \u00fatero y los cambios en la circulaci\u00f3n pueden causar venas varicosas, que son venas hinchadas y a veces dolorosas. E<strong>s fundamental hacer ejercicio<\/strong>, evitar estar mucho tiempo de pie o sentada, elevar las piernas y tomar duchas de agua fr\u00eda, para sobrellevar uno de los <strong>cambios f\u00edsicos en el primer trimestre de embarazo<\/strong>. <\/li>\n\n\n\n<li><strong>Anemia fisiol\u00f3gica<\/strong>: es <strong>normal que los niveles de gl\u00f3bulos rojos disminuyan<\/strong> en comparaci\u00f3n con el aumento de plasma en la sangre, lo que puede causar anemia. Este cambio se detecta con an\u00e1lisis de sangre y, si es necesario, el m\u00e9dico indicar\u00e1 un tratamiento.<\/li>\n\n\n\n<li><strong>S\u00edndrome de la vena cava inferior<\/strong>: el \u00fatero puede comprimir una vena importante llamada <strong><em>vena cava inferior<\/em>, <\/strong>lo que reduce el flujo de sangre al coraz\u00f3n y baja la presi\u00f3n arterial. \u00bfQu\u00e9 se puede hacer? Evitar dormir boca arriba y <strong>descansar de lado.<\/strong><\/li>\n\n\n\n<li><strong>Cambios respiratorios<\/strong>: la <strong>necesidad de ox\u00edgeno aumenta<\/strong>, lo que puede hacer que la respiraci\u00f3n sea m\u00e1s r\u00e1pida. Es un cambio normal, pero si se siente una dificultad para respirar (disnea), es necesario <strong>mantener una postura correcta<\/strong> y hacer ejercicio moderado.<\/li>\n\n\n\n<li><strong>Epistaxis (sangrado nasal<\/strong>): un <strong>ligero sangrado nasal puede ser com\u00fan <\/strong>durante el embarazo debido a la dilataci\u00f3n de los capilares en la nariz. Es un s\u00edntoma normal y suele ser temporal.<\/li>\n<\/ol>\n\n\n\n<p>Recuerda que <strong>ASISA <\/strong>ha puesto en macha un programa para <strong>Familias primerizas <\/strong>donde se puede encontrar <strong>informaci\u00f3n, consejos y un chat <\/strong>donde consultar con diferentes especialistas todo lo referente al embarazo y los primeros meses de vida del beb\u00e9, como algunos de los <strong>cambios f\u00edsicos en el primer trimestre de embarazo<\/strong>.<\/p>\n\n\n\n<div class=\"wp-block-stackable-icon-box stk-block-icon-box stk-block stk-9778e03 stk-block-background\" data-v=\"2\" data-block-id=\"9778e03\"><style>.stk-9778e03{background-color:#efeee9 !important}.stk-9778e03:before{background-color:#efeee9 !important}<\/style><div class=\"stk-block-content stk-inner-blocks stk-block-icon-box__content stk-container stk-9778e03-container stk--no-background stk--no-padding\">\n<div class=\"wp-block-stackable-icon-label stk-block-icon-label stk-block stk-fdd9455\" data-block-id=\"fdd9455\"><div class=\"stk-row stk-inner-blocks stk-block-content\">\n<div class=\"wp-block-stackable-icon stk-block-icon has-text-align-left stk-block stk-bf36c07\" data-block-id=\"bf36c07\"><style>.stk-bf36c07 .stk--svg-wrapper .stk--inner-svg svg:last-child,.stk-bf36c07 .stk--svg-wrapper .stk--inner-svg svg:last-child :is(g,path,rect,polygon,ellipse){fill:#085086 !important}<\/style><span class=\"stk--svg-wrapper\"><div class=\"stk--inner-svg\"><svg style=\"height:0;width:0\"><defs><linearGradient id=\"linear-gradient-bf36c07\" x1=\"0\" x2=\"100%\" y1=\"0\" y2=\"0\"><stop offset=\"0%\" style=\"stop-opacity:1;stop-color:var(--linear-gradient-bf-36-c-07-color-1)\"><\/stop><stop offset=\"100%\" style=\"stop-opacity:1;stop-color:var(--linear-gradient-bf-36-c-07-color-2)\"><\/stop><\/linearGradient><\/defs><\/svg><svg xmlns=\"http:\/\/www.w3.org\/2000\/svg\" viewBox=\"0 0 512 512\" aria-hidden=\"true\" width=\"32\" height=\"32\"><path d=\"M478.21 334.093L336 256l142.21-78.093c11.795-6.477 15.961-21.384 9.232-33.037l-19.48-33.741c-6.728-11.653-21.72-15.499-33.227-8.523L296 186.718l3.475-162.204C299.763 11.061 288.937 0 275.48 0h-38.96c-13.456 0-24.283 11.061-23.994 24.514L216 186.718 77.265 102.607c-11.506-6.976-26.499-3.13-33.227 8.523l-19.48 33.741c-6.728 11.653-2.562 26.56 9.233 33.037L176 256 33.79 334.093c-11.795 6.477-15.961 21.384-9.232 33.037l19.48 33.741c6.728 11.653 21.721 15.499 33.227 8.523L216 325.282l-3.475 162.204C212.237 500.939 223.064 512 236.52 512h38.961c13.456 0 24.283-11.061 23.995-24.514L296 325.282l138.735 84.111c11.506 6.976 26.499 3.13 33.227-8.523l19.48-33.741c6.728-11.653 2.563-26.559-9.232-33.036z\"><\/path><\/svg><\/div><\/span><\/div>\n\n\n\n<div class=\"wp-block-stackable-heading stk-block-heading stk-block-heading--v2 stk-block stk-b944d37\" id=\"recuerda\" data-block-id=\"b944d37\"><h4 class=\"stk-block-heading__text\">Recuerda<\/h4><\/div>\n<\/div><\/div>\n\n\n\n<div class=\"wp-block-stackable-heading stk-block-heading stk-block-heading--v2 stk-block stk-8fdaf0b\" id=\"el-strong-primer-trimestre-del-embarazo-strong-es-una-etapa-llena-de-emociones-y-desafios-para-muchas-futuras-madres\" data-block-id=\"8fdaf0b\"><style>.stk-8fdaf0b{margin-bottom:12px !important}<\/style><h5 class=\"stk-block-heading__text\">El <strong>primer trimestre del embarazo<\/strong> es una etapa llena de emociones y desaf\u00edos para muchas futuras madres.<\/h5><\/div>\n\n\n\n<div class=\"wp-block-stackable-heading stk-block-heading stk-block-heading--v2 stk-block stk-cc58323\" id=\"algunos-de-estos-cambios-fisicos-strong-son-transitorios-strong-mientras-que-strong-otros-pueden-durar-semanas-o-meses-strong\" data-block-id=\"cc58323\"><style>.stk-cc58323{margin-bottom:10px !important}<\/style><h5 class=\"stk-block-heading__text\">Algunos de estos cambios f\u00edsicos<strong> son transitorios<\/strong>, mientras que <strong>otros pueden durar semanas o meses<\/strong>.<\/h5><\/div>\n\n\n\n<div class=\"wp-block-stackable-heading stk-block-heading stk-block-heading--v2 stk-block stk-4338811\" id=\"la-campana-tiene-objetivo-que-los-ninos-adquieran-habitos-para-mantener-una-espalda-sana-y-fuerte-a-lo-largo-de-toda-su-vida-sta-campana-viene-acompanada-de-una-nueva-edicion-de-el-em-tebeo-de-la-espalda-em\" data-block-id=\"4338811\"><style>.stk-4338811{margin-bottom:10px !important}<\/style><h5 class=\"stk-block-heading__text\">Fatiga, n\u00e1useas, reflujo, estre\u00f1imiento, <strong>venas varicosas<\/strong> o anemia, son algunos de los cambios f\u00edsicos m\u00e1s habituales. <\/h5><\/div>\n<\/div><\/div>\n","protected":false},"excerpt":{"rendered":"<p>El primer trimestre del embarazo es una etapa llena de emociones y desaf\u00edos para muchas futuras madres. Durante estas primeras 12 semanas, el cuerpo pasa por una serie de cambios f\u00edsicos y emocionales importantes. Estos son parte del proceso natural del desarrollo del beb\u00e9 y las adaptaciones necesarias para sostener la nueva vida. \u00bfCu\u00e1les son &#8230; <\/p>\n<p class=\"read-more-container\"><a title=\"\u00bfCu\u00e1les son los cambios f\u00edsicos en el primer trimestre de embarazo?\" class=\"read-more button\" href=\"\/blog\/salud\/cambios-fisicos-en-el-primer-trimestre-de-embarazo\/#more-16422\" aria-label=\"Leer m\u00e1s sobre \u00bfCu\u00e1les son los cambios f\u00edsicos en el primer trimestre de embarazo?\">Leer m\u00e1s<\/a><\/p>\n","protected":false},"author":8,"featured_media":16429,"comment_status":"closed","ping_status":"closed","sticky":false,"template":"","format":"standard","meta":{"_coblocks_attr":"","_coblocks_dimensions":"","_coblocks_responsive_height":"","_coblocks_accordion_ie_support":"","om_disable_all_campaigns":false,"_uf_show_specific_survey":0,"_uf_disable_surveys":false,"twitterCardType":"","cardImageID":0,"cardImage":"","cardTitle":"","cardDesc":"","cardImageAlt":"","cardPlayer":"","cardPlayerWidth":0,"cardPlayerHeight":0,"cardPlayerStream":"","cardPlayerCodec":"","footnotes":""},"categories":[307,3],"tags":[],"aioseo_notices":[],"featured_image_src":"\/blog\/wp-content\/uploads\/2025\/02\/cambios-fisicos-en-el-primer-trimestre-de-embarazo-600x400.jpg","featured_image_src_square":"\/blog\/wp-content\/uploads\/2025\/02\/cambios-fisicos-en-el-primer-trimestre-de-embarazo-600x600.jpg","author_info":{"display_name":"ASISA","author_link":"\/blog\/author\/laragsoto\/"},"_links":{"self":[{"href":"\/blog\/wp-json\/wp\/v2\/posts\/16422"}],"collection":[{"href":"\/blog\/wp-json\/wp\/v2\/posts"}],"about":[{"href":"\/blog\/wp-json\/wp\/v2\/types\/post"}],"author":[{"embeddable":true,"href":"\/blog\/wp-json\/wp\/v2\/users\/8"}],"replies":[{"embeddable":true,"href":"\/blog\/wp-json\/wp\/v2\/comments?post=16422"}],"version-history":[{"count":8,"href":"\/blog\/wp-json\/wp\/v2\/posts\/16422\/revisions"}],"predecessor-version":[{"id":16642,"href":"\/blog\/wp-json\/wp\/v2\/posts\/16422\/revisions\/16642"}],"wp:featuredmedia":[{"embeddable":true,"href":"\/blog\/wp-json\/wp\/v2\/media\/16429"}],"wp:attachment":[{"href":"\/blog\/wp-json\/wp\/v2\/media?parent=16422"}],"wp:term":[{"taxonomy":"category","embeddable":true,"href":"\/blog\/wp-json\/wp\/v2\/categories?post=16422"},{"taxonomy":"post_tag","embeddable":true,"href":"\/blog\/wp-json\/wp\/v2\/tags?post=16422"}],"curies":[{"name":"wp","href":"https:\/\/api.w.org\/{rel}","templated":true}]}}