{"id":16315,"date":"2025-01-09T11:51:47","date_gmt":"2025-01-09T09:51:47","guid":{"rendered":"https:\/\/www.blogdeasisa.es\/?p=16315"},"modified":"2025-01-09T11:51:50","modified_gmt":"2025-01-09T09:51:50","slug":"cuidar-el-planeta-claves-para-empezar","status":"publish","type":"post","link":"\/blog\/vida-sostenible\/cuidar-el-planeta-claves-para-empezar\/","title":{"rendered":"Estas son las claves para empezar a cuidar el planeta"},"content":{"rendered":"\n<p><strong>Cuidar el planeta<\/strong> es una <strong>responsabilidad<\/strong> que recae en todos sus habitantes. Los problemas globales, como el <a href=\"\/\/vida-sostenible\/la-duracion-de-los-dias\/\" target=\"_blank\" rel=\"noreferrer noopener\"><strong>cambio clim\u00e1tico<\/strong><\/a>, la<strong> p\u00e9rdida de biodiversidad <\/strong>o la<strong> contaminaci\u00f3n <\/strong>parecen <strong>inabordables<\/strong> desde una perspectiva individual.<\/p>\n\n\n\n<p>Sin embargo, los peque\u00f1os cambios en nuestros h\u00e1bitos diarios pueden <strong>generar un impacto m\u00e1s grande del que creemos <\/strong>para el medioambiente. En este art\u00edculo te proponemos <strong>5 h\u00e1bitos <\/strong>que puedes adoptar para formar <strong>parte del cambio.<\/strong><\/p>\n\n\n\n<div class=\"wp-block-stackable-heading stk-block-heading stk-block-heading--v2 stk-block stk-7f31793\" id=\"strong-prioriza-el-transporte-sostenible-strong\" data-block-id=\"7f31793\"><h2 class=\"stk-block-heading__text\"><strong>Prioriza el transporte sostenible<\/strong><\/h2><\/div>\n\n\n\n<p>Seg\u00fan un <a href=\"https:\/\/www.unicef.org\/guatemala\/comunicados-prensa\/la-contaminaci%C3%B3n-del-aire-represent%C3%B3-81-millones-de-muertes-nivel-mundial-en\" target=\"_blank\" rel=\"noreferrer noopener\">informe de <strong>UNICEF<\/strong><\/a><strong>,<\/strong> la contaminaci\u00f3n del aire se ha convertido en <strong>el segundo factor de riesgo de muerte en el mundo<\/strong>. En este sentido, el transporte que funciona por combustibles f\u00f3siles es una de las principales fuentes de emisi\u00f3n de <a href=\"\/\/vida-sostenible\/que-son-los-gases-de-efecto-invernadero\/\" target=\"_blank\" rel=\"noreferrer noopener\"><strong>gases de efecto invernadero<\/strong><\/a><strong> que contaminan la atm\u00f3sfera<\/strong>. Cambiar el coche por opciones m\u00e1s <strong>sostenibles,<\/strong> como usar el transporte p\u00fablico o la bicicleta, ayuda a <strong>reducir las emisiones <\/strong>y<strong> mejora la calidad del aire<\/strong> que respiramos.<\/p>\n\n\n\n<div class=\"wp-block-stackable-heading stk-block-heading stk-block-heading--v2 stk-block stk-40146d6\" id=\"strong-consume-alimentos-locales-y-de-temporada-strong\" data-block-id=\"40146d6\"><h2 class=\"stk-block-heading__text\"><strong>Consume alimentos locales y de temporada<\/strong><\/h2><\/div>\n\n\n\n<p><strong>Nuestra alimentaci\u00f3n<\/strong> tiene un impacto directo sobre el medio ambiente. Los productos que no son de temporada suelen <strong>requerir transporte de largas distancias, almacenamiento y m\u00e9todos intensivos de producci\u00f3n<\/strong>, lo que incrementa considerablemente su <strong>huella de carbono<\/strong>. Al optar por <a href=\"\/\/vida-sostenible\/4-consejos-clave-para-comprar-productos-locales-o-de-proximidad\/\" target=\"_blank\" rel=\"noreferrer noopener\"><strong>alimentos locales<\/strong><\/a> y <strong>de<\/strong> <strong>temporada<\/strong>, reducimos estas emisiones y apoyamos a los<strong> productores locales<\/strong>.<\/p>\n\n\n\n<div class=\"wp-block-stackable-heading stk-block-heading stk-block-heading--v2 stk-block stk-b5ff586\" id=\"strong-apuesta-por-la-energia-sostenible-para-cuidar-el-planeta-strong\" data-block-id=\"b5ff586\"><h2 class=\"stk-block-heading__text\"><strong>Apuesta por la energ\u00eda sostenible para cuidar el planeta<\/strong><\/h2><\/div>\n\n\n\n<p>La transici\u00f3n hacia <strong>energ\u00edas renovables<\/strong> es esencial para combatir el cambio clim\u00e1tico y proteger el planeta. Actualmente, existen <strong>comercializadoras de energ\u00eda<\/strong> que ofrecen exclusivamente <strong>electricidad proveniente de fuentes renovables<\/strong>, como la solar, la e\u00f3lica o la hidr\u00e1ulica. En este sentido, puede ser interesante <strong>investigar y cambiar de compa\u00f1\u00eda<\/strong> de cara a que nuestro consumo energ\u00e9tico sea <strong>m\u00e1s respetuoso con el medio ambiente.<\/strong><\/p>\n\n\n\n<div class=\"wp-block-stackable-heading stk-block-heading stk-block-heading--v2 stk-block stk-3c83741\" id=\"strong-participa-en-la-economia-circular-strong\" data-block-id=\"3c83741\"><h2 class=\"stk-block-heading__text\"><strong>Participa en la econom\u00eda circular<\/strong><\/h2><\/div>\n\n\n\n<p>La <a href=\"\/\/vida-sostenible\/que-es-la-economia-circular\/\" target=\"_blank\" rel=\"noreferrer noopener\"><strong>econom\u00eda circular<\/strong><\/a> se basa en la regla de las <strong>3R<\/strong>: <strong>reducir, reutilizar y reciclar<\/strong>. Cada vez que reducimos nuestro consumo, evitamos la extracci\u00f3n de <strong>recursos naturales <\/strong>y disminuimos la <strong>generaci\u00f3n de residuos<\/strong>. Es tan sencillo como llevar tu propia bolsa al supermercado, elegir productos con menos embalaje u optar por envases reutilizables.<\/p>\n\n\n\n<p>Por otro lado, dar una segunda vida a objetos como ropa, muebles o dispositivos electr\u00f3nicos alargar\u00e1 su <strong>ciclo de vida \u00fatil<\/strong> y reducir\u00e1 la <strong>necesidad de producir nuevos art\u00edculos.<\/strong><\/p>\n\n\n\n<div class=\"wp-block-stackable-heading stk-block-heading stk-block-heading--v2 stk-block stk-aca6a69\" id=\"strong-cuidar-el-planeta-usando-el-agua-de-manera-consciente-strong\" data-block-id=\"aca6a69\"><h2 class=\"stk-block-heading__text\"><strong>Cuidar el planeta usando el agua de manera consciente<\/strong><\/h2><\/div>\n\n\n\n<p>El<strong> agua<\/strong> <strong>potable<\/strong> es uno de los recursos m\u00e1s valiosos de nuestro planeta, pero tambi\u00e9n uno de los <strong>m\u00e1s escasos<\/strong>. Estas son algunas <strong>medidas pr\u00e1cticas<\/strong> para ahorrarla: &nbsp;<\/p>\n\n\n\n<ul>\n<li>Cerrar el grifo mientras te cepillas los dientes.<\/li>\n\n\n\n<li>Arreglar las fugas de agua en grifos y tuber\u00edas.<\/li>\n\n\n\n<li>Optar por duchas en lugar de ba\u00f1os.<\/li>\n\n\n\n<li>Instalar dispositivos economizadores de agua en duchas y grifos.<\/li>\n\n\n\n<li>Usar electrodom\u00e9sticos eficientes en el consumo de agua.<\/li>\n<\/ul>\n\n\n\n<p>Cuidar del planeta es un acto de <strong>responsabilidad compartida<\/strong> que trasciende <strong>generaciones<\/strong>. Con estos peque\u00f1os <strong>gestos cotidianos<\/strong>, podemos generar un gran impacto positivo y construir <strong>un futuro mejor para todos.<\/strong><\/p>\n\n\n\n<div class=\"wp-block-stackable-icon-box stk-block-icon-box stk-block stk-9778e03 stk-block-background\" data-v=\"2\" data-block-id=\"9778e03\"><style>.stk-9778e03{background-color:#efeee9 !important}.stk-9778e03:before{background-color:#efeee9 !important}<\/style><div class=\"stk-block-content stk-inner-blocks stk-block-icon-box__content stk-container stk-9778e03-container stk--no-background stk--no-padding\">\n<div class=\"wp-block-stackable-icon-label stk-block-icon-label stk-block stk-fdd9455\" data-block-id=\"fdd9455\"><div class=\"stk-row stk-inner-blocks stk-block-content\">\n<div class=\"wp-block-stackable-icon stk-block-icon has-text-align-left stk-block stk-bf36c07\" data-block-id=\"bf36c07\"><style>.stk-bf36c07 .stk--svg-wrapper .stk--inner-svg svg:last-child,.stk-bf36c07 .stk--svg-wrapper .stk--inner-svg svg:last-child :is(g,path,rect,polygon,ellipse){fill:#085086 !important}<\/style><span class=\"stk--svg-wrapper\"><div class=\"stk--inner-svg\"><svg style=\"height:0;width:0\"><defs><linearGradient id=\"linear-gradient-bf36c07\" x1=\"0\" x2=\"100%\" y1=\"0\" y2=\"0\"><stop offset=\"0%\" style=\"stop-opacity:1;stop-color:var(--linear-gradient-bf-36-c-07-color-1)\"><\/stop><stop offset=\"100%\" style=\"stop-opacity:1;stop-color:var(--linear-gradient-bf-36-c-07-color-2)\"><\/stop><\/linearGradient><\/defs><\/svg><svg xmlns=\"http:\/\/www.w3.org\/2000\/svg\" viewBox=\"0 0 512 512\" aria-hidden=\"true\" width=\"32\" height=\"32\"><path d=\"M478.21 334.093L336 256l142.21-78.093c11.795-6.477 15.961-21.384 9.232-33.037l-19.48-33.741c-6.728-11.653-21.72-15.499-33.227-8.523L296 186.718l3.475-162.204C299.763 11.061 288.937 0 275.48 0h-38.96c-13.456 0-24.283 11.061-23.994 24.514L216 186.718 77.265 102.607c-11.506-6.976-26.499-3.13-33.227 8.523l-19.48 33.741c-6.728 11.653-2.562 26.56 9.233 33.037L176 256 33.79 334.093c-11.795 6.477-15.961 21.384-9.232 33.037l19.48 33.741c6.728 11.653 21.721 15.499 33.227 8.523L216 325.282l-3.475 162.204C212.237 500.939 223.064 512 236.52 512h38.961c13.456 0 24.283-11.061 23.995-24.514L296 325.282l138.735 84.111c11.506 6.976 26.499 3.13 33.227-8.523l19.48-33.741c6.728-11.653 2.563-26.559-9.232-33.036z\"><\/path><\/svg><\/div><\/span><\/div>\n\n\n\n<div class=\"wp-block-stackable-heading stk-block-heading stk-block-heading--v2 stk-block stk-b944d37\" id=\"recuerda\" data-block-id=\"b944d37\"><h4 class=\"stk-block-heading__text\">Recuerda<\/h4><\/div>\n<\/div><\/div>\n\n\n\n<div class=\"wp-block-stackable-heading stk-block-heading stk-block-heading--v2 stk-block stk-8fdaf0b\" id=\"si-queremos-cuidar-el-planeta-podemos-empezar-con-pequenos-cambios-en-nuestros-habitos-diarios\" data-block-id=\"8fdaf0b\"><style>.stk-8fdaf0b{margin-bottom:12px !important}<\/style><h5 class=\"stk-block-heading__text\">Si queremos cuidar el planeta, podemos empezar con peque\u00f1os cambios en nuestros h\u00e1bitos diarios.<\/h5><\/div>\n\n\n\n<div class=\"wp-block-stackable-heading stk-block-heading stk-block-heading--v2 stk-block stk-cc58323\" id=\"es-posible-si-priorizamos-el-transporte-sostenible-apostamos-por-alimentos-locales-y-de-temporada-y-cambiamos-a-energias-renovables\" data-block-id=\"cc58323\"><style>.stk-cc58323{margin-bottom:10px !important}<\/style><h5 class=\"stk-block-heading__text\">Es posible si priorizamos el transporte sostenible, apostamos por alimentos locales y de temporada y cambiamos a energ\u00edas renovables.<\/h5><\/div>\n\n\n\n<div class=\"wp-block-stackable-heading stk-block-heading stk-block-heading--v2 stk-block stk-4338811\" id=\"la-campana-tiene-objetivo-que-los-ninos-adquieran-habitos-para-mantener-una-espalda-sana-y-fuerte-a-lo-largo-de-toda-su-vida-sta-campana-viene-acompanada-de-una-nueva-edicion-de-el-em-tebeo-de-la-espalda-em\" data-block-id=\"4338811\"><style>.stk-4338811{margin-bottom:10px !important}<\/style><h5 class=\"stk-block-heading__text\">Tambi\u00e9n es posible aprovechar al m\u00e1ximo los recursos del planeta ahorrando agua e incorporando la econom\u00eda circular a la rutina.<\/h5><\/div>\n<\/div><\/div>\n","protected":false},"excerpt":{"rendered":"<p>Cuidar el planeta es una responsabilidad que recae en todos sus habitantes. Los problemas globales, como el cambio clim\u00e1tico, la p\u00e9rdida de biodiversidad o la contaminaci\u00f3n parecen inabordables desde una perspectiva individual. Sin embargo, los peque\u00f1os cambios en nuestros h\u00e1bitos diarios pueden generar un impacto m\u00e1s grande del que creemos para el medioambiente. En este &#8230; <\/p>\n<p class=\"read-more-container\"><a title=\"Estas son las claves para empezar a cuidar el planeta\" class=\"read-more button\" href=\"\/blog\/vida-sostenible\/cuidar-el-planeta-claves-para-empezar\/#more-16315\" aria-label=\"Leer m\u00e1s sobre Estas son las claves para empezar a cuidar el planeta\">Leer m\u00e1s<\/a><\/p>\n","protected":false},"author":8,"featured_media":16318,"comment_status":"closed","ping_status":"closed","sticky":false,"template":"","format":"standard","meta":{"_coblocks_attr":"","_coblocks_dimensions":"","_coblocks_responsive_height":"","_coblocks_accordion_ie_support":"","om_disable_all_campaigns":false,"_uf_show_specific_survey":0,"_uf_disable_surveys":false,"twitterCardType":"","cardImageID":0,"cardImage":"","cardTitle":"","cardDesc":"","cardImageAlt":"","cardPlayer":"","cardPlayerWidth":0,"cardPlayerHeight":0,"cardPlayerStream":"","cardPlayerCodec":"","footnotes":""},"categories":[91,89],"tags":[],"aioseo_notices":[],"featured_image_src":"\/blog\/wp-content\/uploads\/2025\/01\/cuidar-el-planeta-600x400.jpg","featured_image_src_square":"\/blog\/wp-content\/uploads\/2025\/01\/cuidar-el-planeta-600x600.jpg","author_info":{"display_name":"ASISA","author_link":"\/blog\/author\/laragsoto\/"},"_links":{"self":[{"href":"\/blog\/wp-json\/wp\/v2\/posts\/16315"}],"collection":[{"href":"\/blog\/wp-json\/wp\/v2\/posts"}],"about":[{"href":"\/blog\/wp-json\/wp\/v2\/types\/post"}],"author":[{"embeddable":true,"href":"\/blog\/wp-json\/wp\/v2\/users\/8"}],"replies":[{"embeddable":true,"href":"\/blog\/wp-json\/wp\/v2\/comments?post=16315"}],"version-history":[{"count":3,"href":"\/blog\/wp-json\/wp\/v2\/posts\/16315\/revisions"}],"predecessor-version":[{"id":16319,"href":"\/blog\/wp-json\/wp\/v2\/posts\/16315\/revisions\/16319"}],"wp:featuredmedia":[{"embeddable":true,"href":"\/blog\/wp-json\/wp\/v2\/media\/16318"}],"wp:attachment":[{"href":"\/blog\/wp-json\/wp\/v2\/media?parent=16315"}],"wp:term":[{"taxonomy":"category","embeddable":true,"href":"\/blog\/wp-json\/wp\/v2\/categories?post=16315"},{"taxonomy":"post_tag","embeddable":true,"href":"\/blog\/wp-json\/wp\/v2\/tags?post=16315"}],"curies":[{"name":"wp","href":"https:\/\/api.w.org\/{rel}","templated":true}]}}