{"id":16122,"date":"2024-11-26T13:33:17","date_gmt":"2024-11-26T11:33:17","guid":{"rendered":"https:\/\/www.blogdeasisa.es\/?p=16122"},"modified":"2024-11-26T13:33:19","modified_gmt":"2024-11-26T11:33:19","slug":"como-hacer-la-maleta-perfecta","status":"publish","type":"post","link":"\/blog\/viajes\/como-hacer-la-maleta-perfecta\/","title":{"rendered":"C\u00f3mo hacer la maleta perfecta"},"content":{"rendered":"\n<p>Preparar una maleta es una tarea <strong>sencilla <\/strong>pero que, en realidad, puede convertirse en el origen de <strong>alegr\u00edas y disgustos<\/strong> en nuestros <strong>viajes<\/strong>. Saber qu\u00e9 llevar en la maleta y c\u00f3mo organizarlo adecuadamente puede <strong>marcar la diferencia<\/strong> entre unas <a href=\"\/\/viajes\/5-destinos-turisticos-sin-cobertura-para-desconectar-en-vacaciones\/\" target=\"_blank\" rel=\"noreferrer noopener\"><strong>fant\u00e1sticas vacaciones<\/strong><\/a> o unos d\u00edas muy inc\u00f3modos. Por ello, en este blog, te ayudamos a hacer <strong>la maleta perfecta.<\/strong><\/p>\n\n\n\n<div class=\"wp-block-stackable-heading stk-block-heading stk-block-heading--v2 stk-block stk-4d45228\" id=\"strong-que-tener-en-cuenta-para-preparar-la-maleta-strong\" data-block-id=\"4d45228\"><h2 class=\"stk-block-heading__text\"><strong>\u00bfQu\u00e9 tener en cuenta para preparar la maleta?<\/strong><\/h2><\/div>\n\n\n\n<p>Antes de empezar a hacer la maleta es muy importante tomarse el tiempo para hacer <strong>una lista detallada de elementos necesarios<\/strong> para el viaje. Estos son algunos aspectos importantes a tener en cuenta:<\/p>\n\n\n\n<ol>\n<li><strong>Ropa adecuada<\/strong> <strong>al destino y duraci\u00f3n del viaje<\/strong>: lleva prendas que puedas <strong>combinar<\/strong> entre s\u00ed y que est\u00e9n <strong>adaptadas al clima<\/strong> del lugar que visitar\u00e1s. No olvides la <strong>ropa interior<\/strong> y el <strong>traje de ba\u00f1o<\/strong> si planeas hacer alguna actividad acu\u00e1tica. En cuanto al <strong>calzado<\/strong>, prioriza siempre la comodidad.<\/li>\n\n\n\n<li><strong>Neceser con esenciales<\/strong>: aunque algunos <strong>productos <\/strong>suelen estar disponibles en los hoteles, existen otros art\u00edculos que <strong>conviene preparar<\/strong>. Es el caso del l\u00edquido de lentillas, un <a href=\"\/\/viajes\/imprescindibles-para-un-buen-botiquin-de-viaje\/\"><strong>botiqu\u00edn<\/strong><\/a> con lo b\u00e1sico, cepillo y pasta de dientes.<\/li>\n\n\n\n<li><strong>Documentaci\u00f3n y dinero:<\/strong> verifica bien la <strong>documentaci\u00f3n<\/strong> que necesitar\u00e1s, como el pasaporte, el visado o el carnet de conducir. Tambi\u00e9n es aconsejable llevar algo de <strong>dinero en efectivo<\/strong>.<\/li>\n<\/ol>\n\n\n\n<p>Adem\u00e1s, puede ser \u00fatil revisar las <strong>recomendaciones<\/strong> <strong>de viaje<\/strong> que <a href=\"https:\/\/www.exteriores.gob.es\/es\/ServiciosAlCiudadano\/Paginas\/Recomendaciones-de-viaje.aspx\" target=\"_blank\" rel=\"noreferrer noopener\">ofrece el <strong>Ministerio de Asuntos Exteriores<\/strong><\/a> para <strong>cada pa\u00eds<\/strong> antes de visitarlo. En su web, existe un listado con una <strong>gu\u00eda con informaci\u00f3n<\/strong> \u00fatil (econom\u00eda, situaci\u00f3n pol\u00edtica\u2026) y los <strong>requisitos espec\u00edficos de documentaci\u00f3n<\/strong> para viajar.\u00a0<\/p>\n\n\n\n<div class=\"wp-block-stackable-heading stk-block-heading stk-block-heading--v2 stk-block stk-5ec5554\" id=\"strong-consejos-para-optimizar-el-espacio-strong\" data-block-id=\"5ec5554\"><h2 class=\"stk-block-heading__text\"><strong>Consejos para optimizar el espacio<\/strong><\/h2><\/div>\n\n\n\n<p>Uno de los mayores retos al hacer la maleta es, sencillamente, que cierre. Estos son <strong>algunos trucos<\/strong> para aprovechar cada cent\u00edmetro del equipaje:<\/p>\n\n\n\n<ul>\n<li><strong>Enrolla, no dobles:<\/strong> al <strong>enrollar la ropa en lugar de doblarla<\/strong>, no solo se aprovecha mejor el espacio, sino que <strong>reducir\u00e1s las arrugas<\/strong> de las prendas. Coloca las prendas enrolladas en el fondo de la maleta para crear una base firme y ordenada.<\/li>\n\n\n\n<li><strong>Elige una maleta de tama\u00f1o adecuado:<\/strong> a veces, llevar una maleta o mochila grande es una invitaci\u00f3n a incluir cosas que no necesitas. Opta por un <strong>equipaje compacto<\/strong> para evitar sobrecargar tu maleta.<\/li>\n\n\n\n<li><strong>Usa bolsas de compresi\u00f3n y organizadores<\/strong>: son una excelente opci\u00f3n para mantener <strong>cada prenda en su lugar,<\/strong> y <strong>permite encontrar <\/strong>los enseres cuando los necesites.<\/li>\n<\/ul>\n\n\n\n<p>Tambi\u00e9n puede ser \u00fatil pensar en llevar lo que no vayas a <strong>poder conseguir en el destino<\/strong>. De esta forma, liberar\u00e1s espacio en la maleta para otros <strong>objetos esenciales <\/strong>y los<strong> souvenirs <\/strong>del regreso<strong>.<\/strong><\/p>\n\n\n\n<div class=\"wp-block-stackable-heading stk-block-heading stk-block-heading--v2 stk-block stk-1c066a5\" id=\"strong-lista-de-indispensables-para-una-maleta-perfecta-strong\" data-block-id=\"1c066a5\"><h2 class=\"stk-block-heading__text\"><strong>Lista de indispensables para una maleta perfecta<\/strong><\/h2><\/div>\n\n\n\n<p>Para que no olvides nada importante, aqu\u00ed tienes una <strong>lista r\u00e1pida<\/strong> de elementos imprescindibles para hacer la maleta perfecta:<\/p>\n\n\n\n<ul>\n<li><strong>Ropa, <\/strong>incluyendocamisetas, pantalones, ropa interior y traje de ba\u00f1o.<\/li>\n\n\n\n<li><strong>Calzado<\/strong> c\u00f3modo y adecuado para las actividades.<\/li>\n\n\n\n<li><strong>Neceser<\/strong> y <strong>botiqu\u00edn<\/strong> con art\u00edculos b\u00e1sicos.<\/li>\n\n\n\n<li><strong>Documentaci\u00f3n<\/strong> (pasaporte, billetes de transporte, visado, DNI).<\/li>\n\n\n\n<li><strong>Tecnolog\u00eda<\/strong> (cargador de m\u00f3vil y bater\u00eda externa).<\/li>\n\n\n\n<li><strong>Dinero<\/strong> en efectivo y <strong>tarjetas<\/strong>.<\/li>\n<\/ul>\n\n\n\n<p>Por \u00faltimo, recuerda <strong>sacar una foto al contenido de tu maleta<\/strong> antes de cerrarla por si se da el caso de que tu <a href=\"\/\/viajes\/que-hacer-si-una-aerolinea-pierde-tu-maleta\/\" target=\"_blank\" rel=\"noreferrer noopener\"><strong>maleta se pierda en alg\u00fan transporte.<\/strong><\/a><strong> <\/strong>De cualquier forma, es recomendable contratar un <a href=\"https:\/\/www.asisa.es\/seguros-de-viaje\" target=\"_blank\" rel=\"noreferrer noopener\"><strong>seguro de viaje<\/strong><\/a> , como este de ASISA, para disfrutar de las vacaciones con la mayor tranquilidad posible.<\/p>\n\n\n\n<div class=\"wp-block-stackable-icon-box stk-block-icon-box stk-block stk-9778e03 stk-block-background\" data-v=\"2\" data-block-id=\"9778e03\"><style>.stk-9778e03{background-color:#efeee9 !important}.stk-9778e03:before{background-color:#efeee9 !important}<\/style><div class=\"stk-block-content stk-inner-blocks stk-block-icon-box__content stk-container stk-9778e03-container stk--no-background stk--no-padding\">\n<div class=\"wp-block-stackable-icon-label stk-block-icon-label stk-block stk-fdd9455\" data-block-id=\"fdd9455\"><div class=\"stk-row stk-inner-blocks stk-block-content\">\n<div class=\"wp-block-stackable-icon stk-block-icon has-text-align-left stk-block stk-bf36c07\" data-block-id=\"bf36c07\"><style>.stk-bf36c07 .stk--svg-wrapper .stk--inner-svg svg:last-child,.stk-bf36c07 .stk--svg-wrapper .stk--inner-svg svg:last-child :is(g,path,rect,polygon,ellipse){fill:#085086 !important}<\/style><span class=\"stk--svg-wrapper\"><div class=\"stk--inner-svg\"><svg style=\"height:0;width:0\"><defs><linearGradient id=\"linear-gradient-bf36c07\" x1=\"0\" x2=\"100%\" y1=\"0\" y2=\"0\"><stop offset=\"0%\" style=\"stop-opacity:1;stop-color:var(--linear-gradient-bf-36-c-07-color-1)\"><\/stop><stop offset=\"100%\" style=\"stop-opacity:1;stop-color:var(--linear-gradient-bf-36-c-07-color-2)\"><\/stop><\/linearGradient><\/defs><\/svg><svg xmlns=\"http:\/\/www.w3.org\/2000\/svg\" viewBox=\"0 0 512 512\" aria-hidden=\"true\" width=\"32\" height=\"32\"><path d=\"M478.21 334.093L336 256l142.21-78.093c11.795-6.477 15.961-21.384 9.232-33.037l-19.48-33.741c-6.728-11.653-21.72-15.499-33.227-8.523L296 186.718l3.475-162.204C299.763 11.061 288.937 0 275.48 0h-38.96c-13.456 0-24.283 11.061-23.994 24.514L216 186.718 77.265 102.607c-11.506-6.976-26.499-3.13-33.227 8.523l-19.48 33.741c-6.728 11.653-2.562 26.56 9.233 33.037L176 256 33.79 334.093c-11.795 6.477-15.961 21.384-9.232 33.037l19.48 33.741c6.728 11.653 21.721 15.499 33.227 8.523L216 325.282l-3.475 162.204C212.237 500.939 223.064 512 236.52 512h38.961c13.456 0 24.283-11.061 23.995-24.514L296 325.282l138.735 84.111c11.506 6.976 26.499 3.13 33.227-8.523l19.48-33.741c6.728-11.653 2.563-26.559-9.232-33.036z\"><\/path><\/svg><\/div><\/span><\/div>\n\n\n\n<div class=\"wp-block-stackable-heading stk-block-heading stk-block-heading--v2 stk-block stk-b944d37\" id=\"recuerda\" data-block-id=\"b944d37\"><h4 class=\"stk-block-heading__text\">Recuerda<\/h4><\/div>\n<\/div><\/div>\n\n\n\n<div class=\"wp-block-stackable-heading stk-block-heading stk-block-heading--v2 stk-block stk-8fdaf0b\" id=\"el-contenido-de-la-maleta-puede-ser-la-causa-de-muchas-alegrias-o-disgustos-en-nuestros-viajes\" data-block-id=\"8fdaf0b\"><style>.stk-8fdaf0b{margin-bottom:12px !important}<\/style><h5 class=\"stk-block-heading__text\">El contenido de la maleta puede ser la causa de muchas alegr\u00edas o disgustos en nuestros viajes.<\/h5><\/div>\n\n\n\n<div class=\"wp-block-stackable-heading stk-block-heading stk-block-heading--v2 stk-block stk-cc58323\" id=\"es-importante-llevar-ropa-adecuada-al-destino-y-duracion-del-viaje-un-neceser-y-botiquin-con-articulos-esenciales-y-toda-la-documentacion-y-dinero-necesarios\" data-block-id=\"cc58323\"><style>.stk-cc58323{margin-bottom:10px !important}<\/style><h5 class=\"stk-block-heading__text\">Es importante llevar ropa adecuada al destino y duraci\u00f3n del viaje, un neceser y botiqu\u00edn con art\u00edculos esenciales y toda la documentaci\u00f3n y dinero necesarios.<\/h5><\/div>\n\n\n\n<div class=\"wp-block-stackable-heading stk-block-heading stk-block-heading--v2 stk-block stk-4338811\" id=\"la-campana-tiene-objetivo-que-los-ninos-adquieran-habitos-para-mantener-una-espalda-sana-y-fuerte-a-lo-largo-de-toda-su-vida-sta-campana-viene-acompanada-de-una-nueva-edicion-de-el-em-tebeo-de-la-espalda-em\" data-block-id=\"4338811\"><style>.stk-4338811{margin-bottom:10px !important}<\/style><h5 class=\"stk-block-heading__text\">Es posible optimizar el espacio en la maleta enrollando las prendas en lugar de doblarlas y usando organizadores.<\/h5><\/div>\n<\/div><\/div>\n","protected":false},"excerpt":{"rendered":"<p>Preparar una maleta es una tarea sencilla pero que, en realidad, puede convertirse en el origen de alegr\u00edas y disgustos en nuestros viajes. Saber qu\u00e9 llevar en la maleta y c\u00f3mo organizarlo adecuadamente puede marcar la diferencia entre unas fant\u00e1sticas vacaciones o unos d\u00edas muy inc\u00f3modos. Por ello, en este blog, te ayudamos a hacer &#8230; <\/p>\n<p class=\"read-more-container\"><a title=\"C\u00f3mo hacer la maleta perfecta\" class=\"read-more button\" href=\"\/blog\/viajes\/como-hacer-la-maleta-perfecta\/#more-16122\" aria-label=\"Leer m\u00e1s sobre C\u00f3mo hacer la maleta perfecta\">Leer m\u00e1s<\/a><\/p>\n","protected":false},"author":8,"featured_media":16124,"comment_status":"closed","ping_status":"closed","sticky":false,"template":"","format":"standard","meta":{"_coblocks_attr":"","_coblocks_dimensions":"","_coblocks_responsive_height":"","_coblocks_accordion_ie_support":"","om_disable_all_campaigns":false,"_uf_show_specific_survey":0,"_uf_disable_surveys":false,"twitterCardType":"","cardImageID":0,"cardImage":"","cardTitle":"","cardDesc":"","cardImageAlt":"","cardPlayer":"","cardPlayerWidth":0,"cardPlayerHeight":0,"cardPlayerStream":"","cardPlayerCodec":"","footnotes":""},"categories":[88,86],"tags":[],"aioseo_notices":[],"featured_image_src":"\/blog\/wp-content\/uploads\/2024\/11\/maleta-perfecta-600x400.jpg","featured_image_src_square":"\/blog\/wp-content\/uploads\/2024\/11\/maleta-perfecta-600x600.jpg","author_info":{"display_name":"ASISA","author_link":"\/blog\/author\/laragsoto\/"},"_links":{"self":[{"href":"\/blog\/wp-json\/wp\/v2\/posts\/16122"}],"collection":[{"href":"\/blog\/wp-json\/wp\/v2\/posts"}],"about":[{"href":"\/blog\/wp-json\/wp\/v2\/types\/post"}],"author":[{"embeddable":true,"href":"\/blog\/wp-json\/wp\/v2\/users\/8"}],"replies":[{"embeddable":true,"href":"\/blog\/wp-json\/wp\/v2\/comments?post=16122"}],"version-history":[{"count":1,"href":"\/blog\/wp-json\/wp\/v2\/posts\/16122\/revisions"}],"predecessor-version":[{"id":16123,"href":"\/blog\/wp-json\/wp\/v2\/posts\/16122\/revisions\/16123"}],"wp:featuredmedia":[{"embeddable":true,"href":"\/blog\/wp-json\/wp\/v2\/media\/16124"}],"wp:attachment":[{"href":"\/blog\/wp-json\/wp\/v2\/media?parent=16122"}],"wp:term":[{"taxonomy":"category","embeddable":true,"href":"\/blog\/wp-json\/wp\/v2\/categories?post=16122"},{"taxonomy":"post_tag","embeddable":true,"href":"\/blog\/wp-json\/wp\/v2\/tags?post=16122"}],"curies":[{"name":"wp","href":"https:\/\/api.w.org\/{rel}","templated":true}]}}