{"id":16104,"date":"2024-11-19T10:29:46","date_gmt":"2024-11-19T08:29:46","guid":{"rendered":"https:\/\/www.blogdeasisa.es\/?p=16104"},"modified":"2024-11-19T10:29:50","modified_gmt":"2024-11-19T08:29:50","slug":"la-duracion-de-los-dias","status":"publish","type":"post","link":"\/blog\/vida-sostenible\/la-duracion-de-los-dias\/","title":{"rendered":"\u00bfEst\u00e1 el cambio clim\u00e1tico alargando la duraci\u00f3n de los d\u00edas?"},"content":{"rendered":"\n<p>El <a href=\"\/\/vida-sostenible\/los-limites-del-planeta\/\" target=\"_blank\" rel=\"noreferrer noopener\"><strong>cambio clim\u00e1tico est\u00e1 impactando<\/strong><\/a><strong> sobre ciertas din\u00e1micas <\/strong>naturales, como el <strong>aumento de las temperaturas<\/strong> o el <strong>ciclo del agua<\/strong>. Sin embargo, un efecto menos conocido es su <strong>influencia en la rotaci\u00f3n de la Tierra<\/strong>. Ahora, la <strong>Escuela Polit\u00e9cnica Federal de Z\u00farich (ETH)<\/strong> ha descubierto una nueva consecuencia: podr\u00eda estar alargando <strong>la duraci\u00f3n de los d\u00edas.<\/strong> <\/p>\n\n\n\n<figure class=\"wp-block-embed is-type-video is-provider-youtube wp-block-embed-youtube wp-embed-aspect-4-3 wp-has-aspect-ratio\"><div class=\"wp-block-embed__wrapper\">\n<iframe loading=\"lazy\" title=\"\u00bfEst\u00e1 el cambio clim\u00e1tico alargando la duraci\u00f3n de los d\u00edas?\" width=\"1200\" height=\"900\" src=\"https:\/\/www.youtube.com\/embed\/-gkaAWbn_iw?feature=oembed\" frameborder=\"0\" allow=\"accelerometer; autoplay; clipboard-write; encrypted-media; gyroscope; picture-in-picture; web-share\" referrerpolicy=\"strict-origin-when-cross-origin\" allowfullscreen><\/iframe>\n<\/div><\/figure>\n\n\n\n<div class=\"wp-block-stackable-heading stk-block-heading stk-block-heading--v2 stk-block stk-4fb3d83\" id=\"strong-como-afecta-el-cambio-climatico-a-la-duracion-de-los-dias-strong\" data-block-id=\"4fb3d83\"><h2 class=\"stk-block-heading__text\"><strong>\u00bfC\u00f3mo afecta el cambio clim\u00e1tico a la duraci\u00f3n de los d\u00edas?<\/strong><\/h2><\/div>\n\n\n\n<p>La <strong>rotaci\u00f3n de la Tierra<\/strong> sobre su propio eje, que determina la duraci\u00f3n de los d\u00edas, est\u00e1 influenciada por c\u00f3mo est\u00e9 distribuida la <strong>masa en el planeta.<\/strong> En general, los d\u00edas suelen tener una duraci\u00f3n estable. Pero existen ciertos factores que pueden provocar peque\u00f1as <strong>alteraciones en la rotaci\u00f3n<\/strong>, como un terremoto o el impacto de un meteorito<strong>.<\/strong><\/p>\n\n\n\n<p>Seg\u00fan el <a href=\"https:\/\/www.pnas.org\/doi\/abs\/10.1073\/pnas.2406930121\" target=\"_blank\" rel=\"noreferrer noopener\">estudio de la ETH<\/a>, uno de estos factores es el <strong>deshielo de los glaciares.<\/strong> Cuando las grandes masas de hielo en los <strong>polos se derriten debido<\/strong> al aumento de temperaturas, <strong>el agua de estos glaciares<\/strong> se redistribuye <strong>en los oc\u00e9anos, en concreto, en el ecuador.<\/strong> Esto <strong>cambia ligeramente<\/strong> el <strong>equilibrio<\/strong> del planeta y, <strong>en consecuencia<\/strong>, su eje de rotaci\u00f3n.<\/p>\n\n\n\n<p>Se trata de un fen\u00f3meno que se parece a c\u00f3mo un patinador gira m\u00e1s lento al extender los brazos. Con esta redistribuci\u00f3n, <strong>la rotaci\u00f3n de la Tierra se desacelera<\/strong> y, aunque lo haga en peque\u00f1as fracciones de segundo, la duraci\u00f3n de los d\u00edas se alarga. <\/p>\n\n\n\n<div class=\"wp-block-stackable-heading stk-block-heading stk-block-heading--v2 stk-block stk-368eba0\" id=\"strong-cuanto-se-esta-alargando-la-duracion-de-los-dias-strong\" data-block-id=\"368eba0\"><h2 class=\"stk-block-heading__text\"><strong>\u00bfCu\u00e1nto se est\u00e1 alargando la duraci\u00f3n de los d\u00edas?<\/strong><\/h2><\/div>\n\n\n\n<p>Seg\u00fan los cient\u00edficos de la ETH, la ampliaci\u00f3n de la duraci\u00f3n de los d\u00edas que se produce por este fen\u00f3meno es muy peque\u00f1o: se mide en milisegundos. Sin embargo, con el paso del tiempo, esta acumulaci\u00f3n puede <strong>volverse relevante.<\/strong><\/p>\n\n\n\n<p>El incremento en la duraci\u00f3n de los d\u00edas ha cambiado en las \u00faltimas d\u00e9cadas. Antes del a\u00f1o 2000, el aumento oscilaba entre <strong>0,3 y 1 milisegundo por siglo.<\/strong> Sin embargo, <strong>en los \u00faltimos 20 a\u00f1os, este incremento ha sido de aproximadamente 1,33 milisegundos<\/strong>. Los investigadores advierten que, si las emisiones de gases de efecto invernadero siguen subiendo, el cambio clim\u00e1tico podr\u00eda conllevar a un aumento de <strong>hasta 2,62 milisegundos por siglo al acercarnos al a\u00f1o 2100.<\/strong><\/p>\n\n\n\n<div class=\"wp-block-stackable-heading stk-block-heading stk-block-heading--v2 stk-block stk-ab0235e\" id=\"strong-que-implicaciones-tiene-para-el-futuro-el-cambio-de-la-duracion-de-los-dias-strong\" data-block-id=\"ab0235e\"><h2 class=\"stk-block-heading__text\"><strong>\u00bfQu\u00e9 implicaciones tiene para el futuro el cambio de la duraci\u00f3n de los d\u00edas?<\/strong><\/h2><\/div>\n\n\n\n<p>Aunque no supone un cambio dr\u00e1stico, esta alteraci\u00f3n tiene efectos en la precisi\u00f3n de los sistemas de<strong> GPS <\/strong>o la <strong>sincronizaci\u00f3n de relojes at\u00f3micos<\/strong>, que tendr\u00e1n que ajustar sus mediciones del tiempo. Por tanto, cabe recordar la <strong>importancia de cuidar el medioambiente,<\/strong> ya que toda acci\u00f3n del presente tendr\u00e1 repercusi\u00f3n sobre las <strong>generaciones futuras<\/strong><\/p>\n\n\n\n<div class=\"wp-block-stackable-icon-box stk-block-icon-box stk-block stk-9778e03 stk-block-background\" data-v=\"2\" data-block-id=\"9778e03\"><style>.stk-9778e03{background-color:#efeee9 !important}.stk-9778e03:before{background-color:#efeee9 !important}<\/style><div class=\"stk-block-content stk-inner-blocks stk-block-icon-box__content stk-container stk-9778e03-container stk--no-background stk--no-padding\">\n<div class=\"wp-block-stackable-icon-label stk-block-icon-label stk-block stk-fdd9455\" data-block-id=\"fdd9455\"><div class=\"stk-row stk-inner-blocks stk-block-content\">\n<div class=\"wp-block-stackable-icon stk-block-icon has-text-align-left stk-block stk-bf36c07\" data-block-id=\"bf36c07\"><style>.stk-bf36c07 .stk--svg-wrapper .stk--inner-svg svg:last-child,.stk-bf36c07 .stk--svg-wrapper .stk--inner-svg svg:last-child :is(g,path,rect,polygon,ellipse){fill:#085086 !important}<\/style><span class=\"stk--svg-wrapper\"><div class=\"stk--inner-svg\"><svg style=\"height:0;width:0\"><defs><linearGradient id=\"linear-gradient-bf36c07\" x1=\"0\" x2=\"100%\" y1=\"0\" y2=\"0\"><stop offset=\"0%\" style=\"stop-opacity:1;stop-color:var(--linear-gradient-bf-36-c-07-color-1)\"><\/stop><stop offset=\"100%\" style=\"stop-opacity:1;stop-color:var(--linear-gradient-bf-36-c-07-color-2)\"><\/stop><\/linearGradient><\/defs><\/svg><svg xmlns=\"http:\/\/www.w3.org\/2000\/svg\" viewBox=\"0 0 512 512\" aria-hidden=\"true\" width=\"32\" height=\"32\"><path d=\"M478.21 334.093L336 256l142.21-78.093c11.795-6.477 15.961-21.384 9.232-33.037l-19.48-33.741c-6.728-11.653-21.72-15.499-33.227-8.523L296 186.718l3.475-162.204C299.763 11.061 288.937 0 275.48 0h-38.96c-13.456 0-24.283 11.061-23.994 24.514L216 186.718 77.265 102.607c-11.506-6.976-26.499-3.13-33.227 8.523l-19.48 33.741c-6.728 11.653-2.562 26.56 9.233 33.037L176 256 33.79 334.093c-11.795 6.477-15.961 21.384-9.232 33.037l19.48 33.741c6.728 11.653 21.721 15.499 33.227 8.523L216 325.282l-3.475 162.204C212.237 500.939 223.064 512 236.52 512h38.961c13.456 0 24.283-11.061 23.995-24.514L296 325.282l138.735 84.111c11.506 6.976 26.499 3.13 33.227-8.523l19.48-33.741c6.728-11.653 2.563-26.559-9.232-33.036z\"><\/path><\/svg><\/div><\/span><\/div>\n\n\n\n<div class=\"wp-block-stackable-heading stk-block-heading stk-block-heading--v2 stk-block stk-b944d37\" id=\"recuerda\" data-block-id=\"b944d37\"><h4 class=\"stk-block-heading__text\">Recuerda<\/h4><\/div>\n<\/div><\/div>\n\n\n\n<div class=\"wp-block-stackable-heading stk-block-heading stk-block-heading--v2 stk-block stk-8fdaf0b\" id=\"la-rotacion-de-la-tierra-sobre-su-propio-eje-esta-influenciada-por-como-este-distribuida-la-masa-en-el-planeta\" data-block-id=\"8fdaf0b\"><style>.stk-8fdaf0b{margin-bottom:12px !important}<\/style><h5 class=\"stk-block-heading__text\">La rotaci\u00f3n de la Tierra sobre su propio eje est\u00e1 influenciada por c\u00f3mo est\u00e9 distribuida la masa en el planeta.<\/h5><\/div>\n\n\n\n<div class=\"wp-block-stackable-heading stk-block-heading stk-block-heading--v2 stk-block stk-cc58323\" id=\"cuando-los-glaciares-se-derriten-debido-al-aumento-de-temperaturas-por-el-cambio-climatico-el-agua-se-redistribuye-en-los-oceanos\" data-block-id=\"cc58323\"><style>.stk-cc58323{margin-bottom:10px !important}<\/style><h5 class=\"stk-block-heading__text\">Cuando los glaciares se derriten debido al aumento de temperaturas por el cambio clim\u00e1tico, el agua se redistribuye en los oc\u00e9anos.<\/h5><\/div>\n\n\n\n<div class=\"wp-block-stackable-heading stk-block-heading stk-block-heading--v2 stk-block stk-4338811\" id=\"la-campana-tiene-objetivo-que-los-ninos-adquieran-habitos-para-mantener-una-espalda-sana-y-fuerte-a-lo-largo-de-toda-su-vida-sta-campana-viene-acompanada-de-una-nueva-edicion-de-el-em-tebeo-de-la-espalda-em\" data-block-id=\"4338811\"><style>.stk-4338811{margin-bottom:10px !important}<\/style><h5 class=\"stk-block-heading__text\">Esta redistribuci\u00f3n cambia ligeramente el equilibrio en el planeta y, en consecuencia, su eje de rotaci\u00f3n, desaceler\u00e1ndose. Por ello, aunque son peque\u00f1as fracciones de segundo, los d\u00edas se alargan.<\/h5><\/div>\n<\/div><\/div>\n","protected":false},"excerpt":{"rendered":"<p>El cambio clim\u00e1tico est\u00e1 impactando sobre ciertas din\u00e1micas naturales, como el aumento de las temperaturas o el ciclo del agua. Sin embargo, un efecto menos conocido es su influencia en la rotaci\u00f3n de la Tierra. Ahora, la Escuela Polit\u00e9cnica Federal de Z\u00farich (ETH) ha descubierto una nueva consecuencia: podr\u00eda estar alargando la duraci\u00f3n de los &#8230; <\/p>\n<p class=\"read-more-container\"><a title=\"\u00bfEst\u00e1 el cambio clim\u00e1tico alargando la duraci\u00f3n de los d\u00edas?\" class=\"read-more button\" href=\"\/blog\/vida-sostenible\/la-duracion-de-los-dias\/#more-16104\" aria-label=\"Leer m\u00e1s sobre \u00bfEst\u00e1 el cambio clim\u00e1tico alargando la duraci\u00f3n de los d\u00edas?\">Leer m\u00e1s<\/a><\/p>\n","protected":false},"author":8,"featured_media":16107,"comment_status":"closed","ping_status":"closed","sticky":false,"template":"","format":"standard","meta":{"_coblocks_attr":"","_coblocks_dimensions":"","_coblocks_responsive_height":"","_coblocks_accordion_ie_support":"","om_disable_all_campaigns":false,"_uf_show_specific_survey":0,"_uf_disable_surveys":false,"twitterCardType":"","cardImageID":0,"cardImage":"","cardTitle":"","cardDesc":"","cardImageAlt":"","cardPlayer":"","cardPlayerWidth":0,"cardPlayerHeight":0,"cardPlayerStream":"","cardPlayerCodec":"","footnotes":""},"categories":[91,89],"tags":[],"aioseo_notices":[],"featured_image_src":"\/blog\/wp-content\/uploads\/2024\/11\/duracion-dias-600x400.jpg","featured_image_src_square":"\/blog\/wp-content\/uploads\/2024\/11\/duracion-dias-600x600.jpg","author_info":{"display_name":"ASISA","author_link":"\/blog\/author\/laragsoto\/"},"_links":{"self":[{"href":"\/blog\/wp-json\/wp\/v2\/posts\/16104"}],"collection":[{"href":"\/blog\/wp-json\/wp\/v2\/posts"}],"about":[{"href":"\/blog\/wp-json\/wp\/v2\/types\/post"}],"author":[{"embeddable":true,"href":"\/blog\/wp-json\/wp\/v2\/users\/8"}],"replies":[{"embeddable":true,"href":"\/blog\/wp-json\/wp\/v2\/comments?post=16104"}],"version-history":[{"count":2,"href":"\/blog\/wp-json\/wp\/v2\/posts\/16104\/revisions"}],"predecessor-version":[{"id":16108,"href":"\/blog\/wp-json\/wp\/v2\/posts\/16104\/revisions\/16108"}],"wp:featuredmedia":[{"embeddable":true,"href":"\/blog\/wp-json\/wp\/v2\/media\/16107"}],"wp:attachment":[{"href":"\/blog\/wp-json\/wp\/v2\/media?parent=16104"}],"wp:term":[{"taxonomy":"category","embeddable":true,"href":"\/blog\/wp-json\/wp\/v2\/categories?post=16104"},{"taxonomy":"post_tag","embeddable":true,"href":"\/blog\/wp-json\/wp\/v2\/tags?post=16104"}],"curies":[{"name":"wp","href":"https:\/\/api.w.org\/{rel}","templated":true}]}}