{"id":16006,"date":"2024-10-29T19:24:38","date_gmt":"2024-10-29T17:24:38","guid":{"rendered":"https:\/\/www.blogdeasisa.es\/?p=16006"},"modified":"2024-10-29T19:42:06","modified_gmt":"2024-10-29T17:42:06","slug":"la-importancia-del-cerebro-humano","status":"publish","type":"post","link":"\/blog\/ideas\/la-mirada-asisa\/la-importancia-del-cerebro-humano\/","title":{"rendered":"La Mirada ASISA: la importancia del cerebro humano y su desarrollo"},"content":{"rendered":"\n<p>En esta nueva entrega de <a href=\"\/\/category\/ideas\/la-mirada-asisa\/\" target=\"_blank\" rel=\"noreferrer noopener\">La Mirada ASISA<\/a>, la Dra. Mara Dierssen, presidenta del <a href=\"https:\/\/consejocerebro.es\/\" target=\"_blank\" rel=\"noreferrer noopener\">Consejo Espa\u00f1ol del Cerebro<\/a> y experta en neurobiolog\u00eda, nos ofrece una mirada profunda al \u00f3rgano m\u00e1s complejo: el cerebro. Nos cuenta sobre su trabajo en el Consejo, cuya misi\u00f3n es mejorar la investigaci\u00f3n y atenci\u00f3n de enfermedades neurol\u00f3gicas y se abordan varios temas importantes sobre el cerebro y la neurociencia, con un enfoque particular en la inteligencia y la creatividad.<\/p>\n\n\n\n<h2 class=\"wp-block-heading\">El cerebro humano: la inteligencia y la cretividad<\/h2>\n\n\n\n<p>La Dra. Dierssen se\u00f1ala que, a pesar de los avances cient\u00edficos, no existen m\u00e9todos completamente objetivos para medir la inteligencia o la creatividad, ya que estos conceptos son complejos y subjetivos, \u201cla creatividad es un fen\u00f3meno extremadamente subjetivo y complicado de medir con exactitud\u00bb. Y resalta la \u00abimportancia de avanzar en el conocimiento del <a href=\"\/\/salud\/cuatro-curiosidades-acerca-del-cerebro-humano\/\" target=\"_blank\" rel=\"noreferrer noopener\">cerebro<\/a>, tanto para comprender mejor la inteligencia y creatividad, como para abordar problemas graves de salud, y siempre con un enfoque en la igualdad de g\u00e9nero en la ciencia. Adem\u00e1s, subraya la importancia de la memoria, tanto expl\u00edcita como impl\u00edcita, y c\u00f3mo nuestras experiencias pasadas impactan nuestra capacidad de aprendizaje. <\/p>\n\n\n\n<p>Sobre la neurociencia aplicada a los trastornos neurodegenerativos, la neurobi\u00f3loga menciona que investigaciones recientes est\u00e1n proporcionando avances cruciales para el estudio de enfermedades como el s\u00edndrome de Down y el Alzheimer. Estos estudios son esenciales no solo para comprender mejor estos trastornos, sino tambi\u00e9n para desarrollar tratamientos que puedan mejorar la calidad de vida de los pacientes. Afirma que \u201cla neurociencia no solo nos ayuda a comprender mejor trastornos como el Alzheimer, sino que nos permite explorar nuevas terapias.\u201d<\/p>\n\n\n\n<h2 class=\"wp-block-heading\">La importancia de la ciencia en equidad<\/h2>\n\n\n\n<p>Un punto destacado de la entrevista es la discusi\u00f3n sobre la equidad de g\u00e9nero en la ciencia. La Dra. Dierssen reconoce que, a pesar de los progresos, a\u00fan persisten barreras para las mujeres en disciplinas cient\u00edficas. Ella aboga por la creaci\u00f3n de un entorno inclusivo que promueva la igualdad de oportunidades para ambos g\u00e9neros. Seg\u00fan Blasco, es necesario implementar pol\u00edticas que fomenten la participaci\u00f3n y el liderazgo de las mujeres en la ciencia.<\/p>\n\n\n\n<p>Con respecto a su trayectoria, la Dra. Dierssen reflexiona sobre su papel como l\u00edder en el campo de la biomedicina, as\u00ed como la importancia de inspirar a nuevas generaciones de cient\u00edficas. Cree firmemente en la necesidad de aumentar la visibilidad de las mujeres en la ciencia y en la creaci\u00f3n de redes de apoyo que permitan a las j\u00f3venes investigadoras avanzar en sus carreras sin enfrentar obst\u00e1culos por su g\u00e9nero. \u201cTodav\u00eda existen muchas barreras para las mujeres en la ciencia. Debemos seguir luchando por una verdadera igualdad de oportunidades.\u201d<\/p>\n","protected":false},"excerpt":{"rendered":"<p>En esta nueva entrega de La Mirada ASISA, la Dra. Mara Dierssen, presidenta del Consejo Espa\u00f1ol del Cerebro y experta en neurobiolog\u00eda, nos ofrece una mirada profunda al \u00f3rgano m\u00e1s complejo: el cerebro. Nos cuenta sobre su trabajo en el Consejo, cuya misi\u00f3n es mejorar la investigaci\u00f3n y atenci\u00f3n de enfermedades neurol\u00f3gicas y se abordan &#8230; <\/p>\n<p class=\"read-more-container\"><a title=\"La Mirada ASISA: la importancia del cerebro humano y su desarrollo\" class=\"read-more button\" href=\"\/blog\/ideas\/la-mirada-asisa\/la-importancia-del-cerebro-humano\/#more-16006\" aria-label=\"Leer m\u00e1s sobre La Mirada ASISA: la importancia del cerebro humano y su desarrollo\">Leer m\u00e1s<\/a><\/p>\n","protected":false},"author":8,"featured_media":16012,"comment_status":"closed","ping_status":"closed","sticky":false,"template":"","format":"video","meta":{"_coblocks_attr":"","_coblocks_dimensions":"","_coblocks_responsive_height":"","_coblocks_accordion_ie_support":"","om_disable_all_campaigns":false,"_uf_show_specific_survey":0,"_uf_disable_surveys":false,"twitterCardType":"","cardImageID":0,"cardImage":"","cardTitle":"","cardDesc":"","cardImageAlt":"","cardPlayer":"","cardPlayerWidth":0,"cardPlayerHeight":0,"cardPlayerStream":"","cardPlayerCodec":"","footnotes":""},"categories":[94,52],"tags":[],"aioseo_notices":[],"featured_image_src":"\/blog\/wp-content\/uploads\/2024\/10\/la-mirada-asisa_cerebro-600x400.jpg","featured_image_src_square":"\/blog\/wp-content\/uploads\/2024\/10\/la-mirada-asisa_cerebro-600x600.jpg","author_info":{"display_name":"ASISA","author_link":"\/blog\/author\/laragsoto\/"},"_links":{"self":[{"href":"\/blog\/wp-json\/wp\/v2\/posts\/16006"}],"collection":[{"href":"\/blog\/wp-json\/wp\/v2\/posts"}],"about":[{"href":"\/blog\/wp-json\/wp\/v2\/types\/post"}],"author":[{"embeddable":true,"href":"\/blog\/wp-json\/wp\/v2\/users\/8"}],"replies":[{"embeddable":true,"href":"\/blog\/wp-json\/wp\/v2\/comments?post=16006"}],"version-history":[{"count":5,"href":"\/blog\/wp-json\/wp\/v2\/posts\/16006\/revisions"}],"predecessor-version":[{"id":16011,"href":"\/blog\/wp-json\/wp\/v2\/posts\/16006\/revisions\/16011"}],"wp:featuredmedia":[{"embeddable":true,"href":"\/blog\/wp-json\/wp\/v2\/media\/16012"}],"wp:attachment":[{"href":"\/blog\/wp-json\/wp\/v2\/media?parent=16006"}],"wp:term":[{"taxonomy":"category","embeddable":true,"href":"\/blog\/wp-json\/wp\/v2\/categories?post=16006"},{"taxonomy":"post_tag","embeddable":true,"href":"\/blog\/wp-json\/wp\/v2\/tags?post=16006"}],"curies":[{"name":"wp","href":"https:\/\/api.w.org\/{rel}","templated":true}]}}