{"id":15712,"date":"2024-09-05T12:40:38","date_gmt":"2024-09-05T10:40:38","guid":{"rendered":"https:\/\/www.blogdeasisa.es\/?p=15712"},"modified":"2024-09-05T12:40:40","modified_gmt":"2024-09-05T10:40:40","slug":"volver-al-gimnasio-despues-del-verano","status":"publish","type":"post","link":"\/blog\/salud\/volver-al-gimnasio-despues-del-verano\/","title":{"rendered":"5 consejos para volver al gimnasio despu\u00e9s del verano"},"content":{"rendered":"\n<p>El <strong>final del verano<\/strong> marca el retorno a la rutina diaria y, para muchos, supone incluir el <strong>deporte<\/strong> de nuevo en ella. <strong>Volver al gimnasio<\/strong> despu\u00e9s de una \u00e9poca de relajaci\u00f3n y excesos puede ser complicado, pero tambi\u00e9n puede servir como <strong>reinicio<\/strong> para establecer <strong>h\u00e1bitos saludables<\/strong> con la llegada del nuevo curso.<\/p>\n\n\n\n<p>Y es que, con el enfoque adecuado, es posible retomar el h\u00e1bito de ir al gimnasio y exprimir al m\u00e1ximo los <strong>beneficios del deporte.<\/strong> Por ello, hoy te ofrecemos <strong>5 consejos<\/strong> para que la vuelta al gimnasio sea <strong>m\u00e1s f\u00e1cil.<\/strong><\/p>\n\n\n\n<div class=\"wp-block-stackable-heading stk-block-heading stk-block-heading--v2 stk-block stk-14af3a0\" id=\"strong-no-te-des-prisa-strong\" data-block-id=\"14af3a0\"><h2 class=\"stk-block-heading__text\"><strong>No te des prisa<\/strong><\/h2><\/div>\n\n\n\n<p>Es importante <strong>no apresurarse<\/strong> demasiado al retomar el ejercicio. Despu\u00e9s de un per\u00edodo de inactividad, los m\u00fasculos y articulaciones necesitan tiempo para <strong>adaptarse nuevamente al esfuerzo f\u00edsico.<\/strong> Es recomendable comenzar de manera gradual e ir aumentando la intensidad progresivamente para evitar las <strong><a href=\"\/\/salud\/deporte\/lesiones-deportivas-prevencion-y-actuacion\/\">lesiones<\/a><\/strong>.<\/p>\n\n\n\n<p>Adem\u00e1s, es probable que, si damos lo mejor de nosotros mismos durante los primeros d\u00edas, <strong>nos cansemos r\u00e1pido<\/strong>, propiciando el <strong>rechazo<\/strong> y el <strong>abandono<\/strong>. Lo ideal ser\u00eda empezar a ir 2 d\u00edas por semana e <strong>ir incrementando<\/strong> los entrenamientos a medida que retomemos la rutina. El <strong>sobreesfuerzo podr\u00eda ser contraproducente<\/strong> a largo plazo.<\/p>\n\n\n\n<div class=\"wp-block-stackable-heading stk-block-heading stk-block-heading--v2 stk-block stk-4f3bdbc\" id=\"strong-la-mejor-manera-de-volver-al-gimnasio-acompanado-strong\" data-block-id=\"4f3bdbc\"><h2 class=\"stk-block-heading__text\"><strong>La mejor manera de volver al gimnasio: acompa\u00f1ado<\/strong><\/h2><\/div>\n\n\n\n<p>Participar en <strong>clases grupales<\/strong> puede ser una buena manera de volver a <strong>comprometerse <\/strong>con el ejercicio. Ir al gimnasio no implica necesariamente hacer pesas y ejercicios en solitario. De hecho, hacer deporte en grupo puede ser una fuente de<strong> motivaci\u00f3n<\/strong> para retomar la actividad f\u00edsica, ya que podemos apoyarnos en compa\u00f1eros que est\u00e1n la misma situaci\u00f3n.<\/p>\n\n\n\n<p>Adem\u00e1s, cuando hacemos deporte en grupo tenemos la oportunidad de <strong>mejorar nuestra t\u00e9cnica<\/strong>, con lo que podemos <strong>conseguir mejores resultados y aumentar adherencia<\/strong> a esta rutina.<\/p>\n\n\n\n<p>Por otro lado, ir a clases puede ayudarnos a descubrir <strong>nuevos deportes desconocidos <\/strong>que pueden adaptarse a nuestros gustos personales y servir como motivaci\u00f3n para seguir yendo a hacer ejercicio.<\/p>\n\n\n\n<h2 class=\"wp-block-heading\"><strong>Descansa adecuadamente<\/strong><\/h2>\n\n\n\n<p>Combinar el entrenamiento con <a href=\"\/\/salud\/deporte\/por-que-descansar-bien-es-fundamental-para-practicar-deporte\/\" target=\"_blank\" rel=\"noreferrer noopener\">un <strong>buen descanso<\/strong><\/a> es fundamental. El descanso adecuado permite la <strong>recuperaci\u00f3n muscular<\/strong> y previene el sobreentrenamiento, evitando lesiones. Asegurar los <strong>d\u00edas de descanso entre entrenamientos<\/strong> y <strong>dormir adecuadamente<\/strong> son requisitos esenciales para mantener la salud y el rendimiento f\u00edsico.<\/p>\n\n\n\n<div class=\"wp-block-stackable-heading stk-block-heading stk-block-heading--v2 stk-block stk-0476ef3\" id=\"strong-incluye-el-volver-al-gimnasio-en-tu-rutina-strong\" data-block-id=\"0476ef3\"><h2 class=\"stk-block-heading__text\"><strong>Incluye el volver al gimnasio en tu rutina<\/strong><\/h2><\/div>\n\n\n\n<p><strong>Integrar<\/strong> los entrenamientos en nuestra <strong>rutina diaria<\/strong> es importante para mantener la <strong>constancia<\/strong>. Establecer <strong>horarios espec\u00edficos fijos<\/strong> y <strong>tratarlos como citas inamovibles<\/strong> puede ayudar a <strong>crear y a mantener<\/strong> este h\u00e1bito. <strong><\/strong><\/p>\n\n\n\n<div class=\"wp-block-stackable-heading stk-block-heading stk-block-heading--v2 stk-block stk-23788bf\" id=\"strong-acompanalo-con-una-buena-alimentacion-strong\" data-block-id=\"23788bf\"><h2 class=\"stk-block-heading__text\"><strong>Acomp\u00e1\u00f1alo con una buena alimentaci\u00f3n<\/strong><\/h2><\/div>\n\n\n\n<p>Despu\u00e9s del verano, es importante <strong>cuidar la alimentaci\u00f3n<\/strong> para tener la energ\u00eda suficiente para volver a la rutina. La nutrici\u00f3n es uno de los factores m\u00e1s relevantes que <a href=\"https:\/\/www.sciencedirect.com\/science\/article\/pii\/S0716864012703085\" target=\"_blank\" rel=\"noreferrer noopener\">determinan el rendimiento deportivo<\/a>. De esta forma, una dieta adecuada puede ser \u00fatil para <strong>optimizar los resultados del ejercicio.<\/strong><\/p>\n\n\n\n<div class=\"wp-block-stackable-icon-box stk-block-icon-box stk-block stk-9778e03 stk-block-background\" data-v=\"2\" data-block-id=\"9778e03\"><style>.stk-9778e03{background-color:#efeee9 !important}.stk-9778e03:before{background-color:#efeee9 !important}<\/style><div class=\"stk-block-content stk-inner-blocks stk-block-icon-box__content stk-container stk-9778e03-container stk--no-background stk--no-padding\">\n<div class=\"wp-block-stackable-icon-label stk-block-icon-label stk-block stk-fdd9455\" data-block-id=\"fdd9455\"><div class=\"stk-row stk-inner-blocks stk-block-content\">\n<div class=\"wp-block-stackable-icon stk-block-icon has-text-align-left stk-block stk-bf36c07\" data-block-id=\"bf36c07\"><style>.stk-bf36c07 .stk--svg-wrapper .stk--inner-svg svg:last-child,.stk-bf36c07 .stk--svg-wrapper .stk--inner-svg svg:last-child :is(g,path,rect,polygon,ellipse){fill:#085086 !important}<\/style><span class=\"stk--svg-wrapper\"><div class=\"stk--inner-svg\"><svg style=\"height:0;width:0\"><defs><linearGradient id=\"linear-gradient-bf36c07\" x1=\"0\" x2=\"100%\" y1=\"0\" y2=\"0\"><stop offset=\"0%\" style=\"stop-opacity:1;stop-color:var(--linear-gradient-bf-36-c-07-color-1)\"><\/stop><stop offset=\"100%\" style=\"stop-opacity:1;stop-color:var(--linear-gradient-bf-36-c-07-color-2)\"><\/stop><\/linearGradient><\/defs><\/svg><svg xmlns=\"http:\/\/www.w3.org\/2000\/svg\" viewBox=\"0 0 512 512\" aria-hidden=\"true\" width=\"32\" height=\"32\"><path d=\"M478.21 334.093L336 256l142.21-78.093c11.795-6.477 15.961-21.384 9.232-33.037l-19.48-33.741c-6.728-11.653-21.72-15.499-33.227-8.523L296 186.718l3.475-162.204C299.763 11.061 288.937 0 275.48 0h-38.96c-13.456 0-24.283 11.061-23.994 24.514L216 186.718 77.265 102.607c-11.506-6.976-26.499-3.13-33.227 8.523l-19.48 33.741c-6.728 11.653-2.562 26.56 9.233 33.037L176 256 33.79 334.093c-11.795 6.477-15.961 21.384-9.232 33.037l19.48 33.741c6.728 11.653 21.721 15.499 33.227 8.523L216 325.282l-3.475 162.204C212.237 500.939 223.064 512 236.52 512h38.961c13.456 0 24.283-11.061 23.995-24.514L296 325.282l138.735 84.111c11.506 6.976 26.499 3.13 33.227-8.523l19.48-33.741c6.728-11.653 2.563-26.559-9.232-33.036z\"><\/path><\/svg><\/div><\/span><\/div>\n\n\n\n<div class=\"wp-block-stackable-heading stk-block-heading stk-block-heading--v2 stk-block stk-b944d37\" id=\"recuerda\" data-block-id=\"b944d37\"><h4 class=\"stk-block-heading__text\">Recuerda<\/h4><\/div>\n<\/div><\/div>\n\n\n\n<div class=\"wp-block-stackable-heading stk-block-heading stk-block-heading--v2 stk-block stk-8fdaf0b\" id=\"volver-al-gimnasio-despues-del-verano-puede-ser-complicado-pero-tambien-puede-servir-como-reinicio-para-establecer-habitos-saludables\" data-block-id=\"8fdaf0b\"><style>.stk-8fdaf0b{margin-bottom:12px !important}<\/style><h5 class=\"stk-block-heading__text\">Volver al gimnasio despu\u00e9s del verano puede ser complicado, pero tambi\u00e9n puede servir como reinicio para establecer h\u00e1bitos saludables.<\/h5><\/div>\n\n\n\n<div class=\"wp-block-stackable-heading stk-block-heading stk-block-heading--v2 stk-block stk-cc58323\" id=\"despues-de-un-periodo-de-inactividad-los-musculos-y-articulaciones-necesitan-tiempo-para-adaptarse-nuevamente-al-esfuerzo-fisico\" data-block-id=\"cc58323\"><style>.stk-cc58323{margin-bottom:10px !important}<\/style><h5 class=\"stk-block-heading__text\">Despu\u00e9s de un per\u00edodo de inactividad, los m\u00fasculos y articulaciones necesitan tiempo para adaptarse nuevamente al esfuerzo f\u00edsico.<\/h5><\/div>\n\n\n\n<div class=\"wp-block-stackable-heading stk-block-heading stk-block-heading--v2 stk-block stk-4338811\" id=\"la-campana-tiene-objetivo-que-los-ninos-adquieran-habitos-para-mantener-una-espalda-sana-y-fuerte-a-lo-largo-de-toda-su-vida-sta-campana-viene-acompanada-de-una-nueva-edicion-de-el-em-tebeo-de-la-espalda-em\" data-block-id=\"4338811\"><style>.stk-4338811{margin-bottom:10px !important}<\/style><h5 class=\"stk-block-heading__text\">Hacer deporte en grupo puede ser una fuente de motivaci\u00f3n para retomar la actividad f\u00edsica, ya que podemos apoyarnos en compa\u00f1eros que est\u00e1n la misma situaci\u00f3n.<\/h5><\/div>\n<\/div><\/div>\n","protected":false},"excerpt":{"rendered":"<p>El final del verano marca el retorno a la rutina diaria y, para muchos, supone incluir el deporte de nuevo en ella. Volver al gimnasio despu\u00e9s de una \u00e9poca de relajaci\u00f3n y excesos puede ser complicado, pero tambi\u00e9n puede servir como reinicio para establecer h\u00e1bitos saludables con la llegada del nuevo curso. Y es que, &#8230; <\/p>\n<p class=\"read-more-container\"><a title=\"5 consejos para volver al gimnasio despu\u00e9s del verano\" class=\"read-more button\" href=\"\/blog\/salud\/volver-al-gimnasio-despues-del-verano\/#more-15712\" aria-label=\"Leer m\u00e1s sobre 5 consejos para volver al gimnasio despu\u00e9s del verano\">Leer m\u00e1s<\/a><\/p>\n","protected":false},"author":8,"featured_media":15717,"comment_status":"closed","ping_status":"closed","sticky":false,"template":"","format":"standard","meta":{"_coblocks_attr":"","_coblocks_dimensions":"","_coblocks_responsive_height":"","_coblocks_accordion_ie_support":"","om_disable_all_campaigns":false,"_uf_show_specific_survey":0,"_uf_disable_surveys":false,"twitterCardType":"","cardImageID":0,"cardImage":"","cardTitle":"","cardDesc":"","cardImageAlt":"","cardPlayer":"","cardPlayerWidth":0,"cardPlayerHeight":0,"cardPlayerStream":"","cardPlayerCodec":"","footnotes":""},"categories":[32,3],"tags":[],"aioseo_notices":[],"featured_image_src":"\/blog\/wp-content\/uploads\/2024\/09\/volver-al-gimnasio-600x400.jpg","featured_image_src_square":"\/blog\/wp-content\/uploads\/2024\/09\/volver-al-gimnasio-600x600.jpg","author_info":{"display_name":"ASISA","author_link":"\/blog\/author\/laragsoto\/"},"_links":{"self":[{"href":"\/blog\/wp-json\/wp\/v2\/posts\/15712"}],"collection":[{"href":"\/blog\/wp-json\/wp\/v2\/posts"}],"about":[{"href":"\/blog\/wp-json\/wp\/v2\/types\/post"}],"author":[{"embeddable":true,"href":"\/blog\/wp-json\/wp\/v2\/users\/8"}],"replies":[{"embeddable":true,"href":"\/blog\/wp-json\/wp\/v2\/comments?post=15712"}],"version-history":[{"count":4,"href":"\/blog\/wp-json\/wp\/v2\/posts\/15712\/revisions"}],"predecessor-version":[{"id":15716,"href":"\/blog\/wp-json\/wp\/v2\/posts\/15712\/revisions\/15716"}],"wp:featuredmedia":[{"embeddable":true,"href":"\/blog\/wp-json\/wp\/v2\/media\/15717"}],"wp:attachment":[{"href":"\/blog\/wp-json\/wp\/v2\/media?parent=15712"}],"wp:term":[{"taxonomy":"category","embeddable":true,"href":"\/blog\/wp-json\/wp\/v2\/categories?post=15712"},{"taxonomy":"post_tag","embeddable":true,"href":"\/blog\/wp-json\/wp\/v2\/tags?post=15712"}],"curies":[{"name":"wp","href":"https:\/\/api.w.org\/{rel}","templated":true}]}}